{"id":660898,"date":"2016-04-10T01:34:28","date_gmt":"2016-04-09T23:34:28","guid":{"rendered":"https:\/\/blog.wiwo.de\/management\/?p=660898"},"modified":"2016-04-10T09:16:12","modified_gmt":"2016-04-10T07:16:12","slug":"stevie-gonzales-der-schnellste-award-von-germany-frank-behrendt-bekam-einen","status":"publish","type":"post","link":"https:\/\/blog.wiwo.de\/management\/2016\/04\/10\/stevie-gonzales-der-schnellste-award-von-germany-frank-behrendt-bekam-einen\/","title":{"rendered":"Stevie Gonzales &#8211; Der schnellste Award von Germany. Frank Behrendt bekam einen"},"content":{"rendered":"<p><strong>\u00a0<\/strong><\/p>\n<p><strong>Wie Frank Behrendt, Senior Advisor von fischerAppelt und ausgezeichnet als \u201eManager des Jahres\u201c die Verleihung des Wirtschaftspreises erlebte.<\/strong><\/p>\n<p><strong>\u00a0<img loading=\"lazy\" decoding=\"async\" class=\"alignleft size-medium wp-image-660899\" src=\"https:\/\/blog.wiwo.de\/management\/files\/2016\/04\/behrendt1-130x300.jpg\" alt=\"behrendt1\" width=\"130\" height=\"300\" srcset=\"https:\/\/blog.wiwo.de\/management\/files\/2016\/04\/behrendt1-130x300.jpg 130w, https:\/\/blog.wiwo.de\/management\/files\/2016\/04\/behrendt1.jpg 281w\" sizes=\"auto, (max-width: 130px) 100vw, 130px\" \/><br \/>\n<\/strong><\/p>\n<p>Er gl\u00e4nzt, ist sehr schwer und er hat einen Hauch der Oscars aus Hollywood: Der Stevie Award. \u201eStevie who?\u201c wird der eine oder andere jetzt fragen. Der Stevie Award ist ein Wirtschaftspreis, der vor \u00fcber zehn Jahren in den USA erfunden wurde. Inzwischen werden die goldenen \u201eStevies\u201c auf der ganzen Welt verliehen, um besondere Leistungen und Pers\u00f6nlichkeiten aus der Arbeitswelt zu ehren.<\/p>\n<p>&nbsp;<\/p>\n<p><img loading=\"lazy\" decoding=\"async\" class=\"alignright size-medium wp-image-660905\" src=\"https:\/\/blog.wiwo.de\/management\/files\/2016\/04\/behrendt6-225x300.jpg\" alt=\"behrendt6\" width=\"225\" height=\"300\" srcset=\"https:\/\/blog.wiwo.de\/management\/files\/2016\/04\/behrendt6-225x300.jpg 225w, https:\/\/blog.wiwo.de\/management\/files\/2016\/04\/behrendt6.jpg 366w\" sizes=\"auto, (max-width: 225px) 100vw, 225px\" \/><\/p>\n<p>&nbsp;<\/p>\n<p>J\u00e4hrlich gehen \u00fcber 10.000 Bewerbungen aus aller Welt ein, die Jurys suchen davon die Besten aus und es gibt Bronze- und Silber-Plaketten \u2013 oder eben die goldenen Stauen mit den erhobenen Armen.\u00a0Wieso \u201eStevie\u201c? Der Name wurde von dem griechischen Wort \u201eStephanos\u201c (der Gekr\u00f6nte) abgeleitet.\u00a0Die Kr\u00f6nungszeremonie fand jetzt im ehrw\u00fcrdigen M\u00fcnchner Hotel Vier Jahreszeiten in M\u00fcnchen statt. Der Erfinder und Pr\u00e4sident der Stevie Awards, Michael Gallagher, war pers\u00f6nlich vor Ort. Ein graumelierter smarter Amerikaner, der mit \u00a0schwarzem Cut und Fliege auch locker als aussichtsreicher US-Pr\u00e4sidentschaftskandidat durchgehen w\u00fcrde.<\/p>\n<p>&nbsp;<\/p>\n<p>&nbsp;<\/p>\n<p><img loading=\"lazy\" decoding=\"async\" class=\"alignright size-medium wp-image-660900\" src=\"https:\/\/blog.wiwo.de\/management\/files\/2016\/04\/behrendt2-225x300.jpg\" alt=\"behrendt2\" width=\"225\" height=\"300\" srcset=\"https:\/\/blog.wiwo.de\/management\/files\/2016\/04\/behrendt2-225x300.jpg 225w, https:\/\/blog.wiwo.de\/management\/files\/2016\/04\/behrendt2.jpg 366w\" sizes=\"auto, (max-width: 225px) 100vw, 225px\" \/><\/p>\n<p>Es ging fr\u00fch los, Punkt 18.00 Uhr mit einem Cocktail-Empfang. Um 18.30 Uhr startete das Dinner und Schlag 19.15 Uhr begann die Verleihung. Jeder Preistr\u00e4ger, der auf die B\u00fchne kam, durfte nach Erhalt der Troph\u00e4e exakt 30 Sekunden lang eine Rede halten. Nach 25 Sekunden setzte als Mahnung leise Musik ein, die dann lauter wurde&#8230;<\/p>\n<p>Wie gut, dass ich meine Rede vorher im Badezimmer mithilfe der iPhone Stoppuhr auf 22 Sekunden getrimmt hatte. <a href=\"http:\/\/morningbriefing.handelsblatt.com\/der-maulheld-der-bundesregierung\/\">Geholfen hat mir Gabor Steingart, denn seine nette Friseur-Anekdote \u00fcber Daimler-Aufsichtsratschef Manfred Bischoff aus dem Morning-Briefing vom Vortag<\/a> passte exakt zu meinem Thema: \u201eWann ist man ein guter Chef?\u201c\u00a0<a href=\"http:\/\/morningbriefing.handelsblatt.com\/der-maulheld-der-bundesregierung\/\">http:\/\/morningbriefing.handelsblatt.com\/der-maulheld-der-bundesregierung\/<\/a><\/p>\n<p>&nbsp;<\/p>\n<p><strong>&#8222;Ein guter Chef bleibt auch als Manager immer Mensch&#8220;<\/strong><\/p>\n<p><a href=\"https:\/\/blog.wiwo.de\/management\/2015\/09\/27\/wie-zehn-ernsthafte-ratschlage-von-frank-behrendt-lockerer-durchs-berufsleben-zu-kommen-fur-aufsehen-sorgen\/\">Mir verlieh n\u00e4mlich die Jury einen goldenen Stevie als \u201eManager des Jahres\u201c in der Kategorie \u201eWerbung, Marketing, Werbung und Public Relations\u201c<\/a>. Not bad. Und meine Botschaft an die Damen und Herren im Saal, die ihre Vorspeise verzehrten, war dann: \u201eEin guter Chef bleibt auch als Manager immer Mensch\u201c. Gesagt, Applaus. Raus.<\/p>\n<p><img loading=\"lazy\" decoding=\"async\" class=\"alignleft size-medium wp-image-660904\" src=\"https:\/\/blog.wiwo.de\/management\/files\/2016\/04\/behrendt5-300x300.jpg\" alt=\"behrendt5\" width=\"300\" height=\"300\" srcset=\"https:\/\/blog.wiwo.de\/management\/files\/2016\/04\/behrendt5-300x300.jpg 300w, https:\/\/blog.wiwo.de\/management\/files\/2016\/04\/behrendt5-150x150.jpg 150w, https:\/\/blog.wiwo.de\/management\/files\/2016\/04\/behrendt5.jpg 650w\" sizes=\"auto, (max-width: 300px) 100vw, 300px\" \/><\/p>\n<p>Denn der n\u00e4chste Gewinner war im Anflug. Es ging Schlag auf Schlag. Dem einen oder anderen Award-Neuling ging es etwas zu schnell. Wahrscheinlich hoffte so mancher auf Oscar-Feeling, wo salbungsvoll erst anmoderiert, dann dramatisch ein Umschlag ge\u00f6ffnet wird und schlie\u00dflich der Gewinner tr\u00e4nenreich seiner Mutter und allen, die er kennt, danken kann. Mit 25 Sekunden und Musik im Nacken k\u00e4me da keiner hin.<\/p>\n<p>Hier ging es dagegen zackig weiter. Jeder, der auf der B\u00fchne war, musste vor dem Saal noch z\u00fcgig zwei Fragen in die Kamera beantworten, was ihm dieser Award bedeutet (\u201eAlles\u201c) und was er f\u00fcr die Firma bedeutet (\u201eViel\u201c).<\/p>\n<p>&nbsp;<\/p>\n<p>&nbsp;<\/p>\n<p><strong>Die schnelle Nummer<\/strong><\/p>\n<p>Dann durfte weiter gegessen werden. Award. Applaus. Mini-Rede. Fertig. N\u00e4chster. Die schnelle Nummer galt \u00fcbrigens auch f\u00fcr Mietwagen-Queen Regine Sixt. Aber sie machte es smart und just in time &#8211; Profi halt.\u00a0Um 20.40 Uhr war der ganze Zauber dann schon vorbei. Keine Aftershow-Party und lange Nacht. \u201eDie haben den Saal sicher ab 21.00 Uhr nochmal vermietet\u201c kommentierte mein Tischnachbar s\u00fcffisant.<\/p>\n<p>&nbsp;<\/p>\n<p><img loading=\"lazy\" decoding=\"async\" class=\"alignright size-medium wp-image-660901\" src=\"https:\/\/blog.wiwo.de\/management\/files\/2016\/04\/behrendt3-300x300.jpg\" alt=\"behrendt3\" width=\"300\" height=\"300\" srcset=\"https:\/\/blog.wiwo.de\/management\/files\/2016\/04\/behrendt3-300x300.jpg 300w, https:\/\/blog.wiwo.de\/management\/files\/2016\/04\/behrendt3-150x150.jpg 150w, https:\/\/blog.wiwo.de\/management\/files\/2016\/04\/behrendt3.jpg 650w\" sizes=\"auto, (max-width: 300px) 100vw, 300px\" \/><\/p>\n<p>Aber seien wir doch ehrlich: Wichtig ist der Award. Und der macht schwer was her. Sehr hochwertig produziert. Und der Clou: Am Ausgang verpacken ihn nette Hostessen in extra angefertigte bruchsichere Boxen.<\/p>\n<p>Der Security-Mann am M\u00fcnchner Flughafen zog zwar die Augenbrauen hoch, als die hochwertige schwarze Kartonage durch den Scanner glitt, fand den goldenen Burschen darin aber dann schon \u201esehr fesch\u201c.<\/p>\n<p>&nbsp;<\/p>\n<p>&nbsp;<\/p>\n<p><img loading=\"lazy\" decoding=\"async\" class=\"alignleft size-medium wp-image-660903\" src=\"https:\/\/blog.wiwo.de\/management\/files\/2016\/04\/behrendt4-225x300.jpg\" alt=\"behrendt4\" width=\"225\" height=\"300\" srcset=\"https:\/\/blog.wiwo.de\/management\/files\/2016\/04\/behrendt4-225x300.jpg 225w, https:\/\/blog.wiwo.de\/management\/files\/2016\/04\/behrendt4.jpg 488w\" sizes=\"auto, (max-width: 225px) 100vw, 225px\" \/><\/p>\n<p>Ich fand die Stevie-Gonzales-Nummer extrem cool. Wen man kannte, traf man beim Empfang &#8211; effizient vorab &#8211; zum Smalltalk. Am Tisch lernte man sieben nette neue Leute kennen \u2013 Winners only, denn es waren nur Sieger da. Okay, die gro\u00dfe Spannung und \u00dcberraschung war nicht da, aber daf\u00fcr gab`s auch keine langen Gesichter.<\/p>\n<p>Smart war aber auch: Die Show wurde per Livestream \u201ein alle Welt \u00fcbertragen\u201c wie Moderatorin Leslie mit ernster Miene beteuerte. In K\u00f6ln wurde er jedenfalls geschaut: Meine drei Kids jubelten mitsamt unserer kleinen franz\u00f6sischen Bulldogge Fee @Home, als sie ihren Papa on stage auf dem MacBook sahen.<\/p>\n<p><img loading=\"lazy\" decoding=\"async\" class=\"alignright size-medium wp-image-660911\" src=\"https:\/\/blog.wiwo.de\/management\/files\/2016\/04\/behrendt.fee_-300x300.jpg\" alt=\"behrendt.fee\" width=\"300\" height=\"300\" srcset=\"https:\/\/blog.wiwo.de\/management\/files\/2016\/04\/behrendt.fee_-300x300.jpg 300w, https:\/\/blog.wiwo.de\/management\/files\/2016\/04\/behrendt.fee_-150x150.jpg 150w, https:\/\/blog.wiwo.de\/management\/files\/2016\/04\/behrendt.fee_.jpg 650w\" sizes=\"auto, (max-width: 300px) 100vw, 300px\" \/><\/p>\n<p>Durch das zeitige Ende war dann auch der Manager des Jahres fr\u00fch im Hotel und konnte auch fr\u00fch wieder los: 8:25 Abflug ab MUC. Und so war ich am Samstag um 10.30 Uhr mit meinem Junior (#TheNextNowitzki) p\u00fcnktlich beim Basketball-Training der RheinStars in K\u00f6ln am Start. Dem High-Speed-Stevie und der p\u00fcnktlichen Lufthansa sei Dank.<\/p>\n<p>&nbsp;<\/p>\n<blockquote class=\"wp-embedded-content\" data-secret=\"cOfJKxSnCk\"><p><a href=\"https:\/\/blog.wiwo.de\/management\/2015\/09\/27\/wie-zehn-ernsthafte-ratschlage-von-frank-behrendt-lockerer-durchs-berufsleben-zu-kommen-fur-aufsehen-sorgen\/\">Wie zehn ernsthafte Ratschl\u00e4ge von Frank Behrendt, lockerer durchs Berufsleben zu kommen, f\u00fcr Aufsehen sorgen<\/a><\/p><\/blockquote>\n<p><iframe loading=\"lazy\" class=\"wp-embedded-content\" sandbox=\"allow-scripts\" security=\"restricted\" style=\"position: absolute; clip: rect(1px, 1px, 1px, 1px);\" title=\"&#8222;Wie zehn ernsthafte Ratschl\u00e4ge von Frank Behrendt, lockerer durchs Berufsleben zu kommen, f\u00fcr Aufsehen sorgen&#8220; &#8212; Management-Blog\" src=\"https:\/\/blog.wiwo.de\/management\/2015\/09\/27\/wie-zehn-ernsthafte-ratschlage-von-frank-behrendt-lockerer-durchs-berufsleben-zu-kommen-fur-aufsehen-sorgen\/embed\/#?secret=y1SCWlYZr2#?secret=cOfJKxSnCk\" data-secret=\"cOfJKxSnCk\" width=\"584\" height=\"329\" frameborder=\"0\" marginwidth=\"0\" marginheight=\"0\" scrolling=\"no\"><\/iframe><\/p>\n","protected":false},"excerpt":{"rendered":"<p>\u00a0 Wie Frank Behrendt, Senior Advisor von fischerAppelt und ausgezeichnet als \u201eManager des Jahres\u201c die Verleihung des Wirtschaftspreises erlebte. \u00a0 Er gl\u00e4nzt, ist sehr schwer und er hat einen Hauch der Oscars aus Hollywood: Der Stevie Award. \u201eStevie who?\u201c wird &hellip; <a href=\"https:\/\/blog.wiwo.de\/management\/2016\/04\/10\/stevie-gonzales-der-schnellste-award-von-germany-frank-behrendt-bekam-einen\/\">Weiterlesen <span class=\"meta-nav\">&rarr;<\/span><\/a><\/p>\n","protected":false},"author":19,"featured_media":0,"comment_status":"open","ping_status":"open","sticky":false,"template":"","format":"standard","meta":{"footnotes":""},"categories":[1],"tags":[5623,2617,5622,2913,5624,5621],"class_list":["post-660898","post","type-post","status-publish","format-standard","hentry","category-allgemein","tag-bulldogge-fee","tag-frank-behrendt","tag-gabor-steingart","tag-manfred-bischoff","tag-regine-sixt","tag-stevie-awards"],"_links":{"self":[{"href":"https:\/\/blog.wiwo.de\/management\/wp-json\/wp\/v2\/posts\/660898","targetHints":{"allow":["GET"]}}],"collection":[{"href":"https:\/\/blog.wiwo.de\/management\/wp-json\/wp\/v2\/posts"}],"about":[{"href":"https:\/\/blog.wiwo.de\/management\/wp-json\/wp\/v2\/types\/post"}],"author":[{"embeddable":true,"href":"https:\/\/blog.wiwo.de\/management\/wp-json\/wp\/v2\/users\/19"}],"replies":[{"embeddable":true,"href":"https:\/\/blog.wiwo.de\/management\/wp-json\/wp\/v2\/comments?post=660898"}],"version-history":[{"count":0,"href":"https:\/\/blog.wiwo.de\/management\/wp-json\/wp\/v2\/posts\/660898\/revisions"}],"wp:attachment":[{"href":"https:\/\/blog.wiwo.de\/management\/wp-json\/wp\/v2\/media?parent=660898"}],"wp:term":[{"taxonomy":"category","embeddable":true,"href":"https:\/\/blog.wiwo.de\/management\/wp-json\/wp\/v2\/categories?post=660898"},{"taxonomy":"post_tag","embeddable":true,"href":"https:\/\/blog.wiwo.de\/management\/wp-json\/wp\/v2\/tags?post=660898"}],"curies":[{"name":"wp","href":"https:\/\/api.w.org\/{rel}","templated":true}]}}