{"id":659303,"date":"2015-12-08T18:48:54","date_gmt":"2015-12-08T17:48:54","guid":{"rendered":"https:\/\/blog.wiwo.de\/management\/?p=659303"},"modified":"2015-12-08T19:40:12","modified_gmt":"2015-12-08T18:40:12","slug":"fragebogen-nahaufnahme-mit-parfumeurin-marie-lefebvre-man-sollte-sich-nicht-so-wichtig-nehmen","status":"publish","type":"post","link":"https:\/\/blog.wiwo.de\/management\/2015\/12\/08\/fragebogen-nahaufnahme-mit-parfumeurin-marie-lefebvre-man-sollte-sich-nicht-so-wichtig-nehmen\/","title":{"rendered":"Fragebogen &#8222;Nahaufnahme&#8220; mit Parf\u00fcmeurin Marie LeFebvre: Man sollte sich nicht so wichtig nehmen"},"content":{"rendered":"<p><strong>Die Parf\u00fcmeurin Marie LeFebvre &#8211; Inhaberin der Duftmanufaktur Urban\u00a0Scents in Berlin, die zuvor bei Symrise und Takasago in Paris war &#8211;\u00a0\u00a0hat den Fragebogen &#8222;Nahaufnahme&#8220; beantwortet:<\/strong><\/p>\n<p>&nbsp;<\/p>\n<div id=\"attachment_659327\" style=\"width: 340px\" class=\"wp-caption aligncenter\"><a href=\"https:\/\/blog.wiwo.de\/management\/files\/2015\/12\/parf\u00fcmeurin.br\u00fchne.jpg\"><img loading=\"lazy\" decoding=\"async\" aria-describedby=\"caption-attachment-659327\" class=\"size-full wp-image-659327\" alt=\"Marie\" src=\"https:\/\/blog.wiwo.de\/management\/files\/2015\/12\/parf\u00fcmeurin.br\u00fchne.jpg\" width=\"330\" height=\"440\" srcset=\"https:\/\/blog.wiwo.de\/management\/files\/2015\/12\/parf\u00fcmeurin.br\u00fchne.jpg 330w, https:\/\/blog.wiwo.de\/management\/files\/2015\/12\/parf\u00fcmeurin.br\u00fchne-224x300.jpg 224w\" sizes=\"auto, (max-width: 330px) 100vw, 330px\" \/><\/a><p id=\"caption-attachment-659327\" class=\"wp-caption-text\">Marie LeFebvre<\/p><\/div>\n<p>&nbsp;<\/p>\n<p>&nbsp;<\/p>\n<p><strong>Erkl\u00e4ren Sie in einem Satz, was Ihr Unternehmen tut?<\/strong><\/p>\n<p>Wir kreieren D\u00fcfte, sowohl f\u00fcr Urban Scents als auch andere Marken, aber auch f\u00fcr Menschen, die ihren eigenen, ganz pers\u00f6nliche Duft haben wollen.<\/p>\n<p>&nbsp;<\/p>\n<p><strong>Womit beginnt Ihr Arbeitstag und wann?<\/strong><\/p>\n<p>Nachdem ich Carl in den Kindergarten gebracht habe.Da rieche ich Kreationen, die ich am Vortag abgemischt habe, wie sie sich \u00fcber Nacht entwickelt und entfaltet haben.<\/p>\n<p>&nbsp;<\/p>\n<p>&nbsp;<\/p>\n<p><strong>Wie w\u00fcrden Sie sich selbst als Chef beschreiben?<\/strong><\/p>\n<p>Schwer zu sagen, wenn man &#8211; wie Parf\u00fcmeure meist &#8211; Einzelk\u00e4mpfer\u00a0ist.\u00a0Aber ich fordere von meinen Rohstofflieferanten, mit denen ich sehr eng zusammen arbeite, h\u00f6chste Pr\u00e4zision.<\/p>\n<p>&nbsp;<\/p>\n<p>&nbsp;<\/p>\n<p><strong>Tee oder Kaffee?<\/strong><\/p>\n<p>Viel Kaffee in der Fr\u00fch, dann eher Tee<\/p>\n<p>&nbsp;<\/p>\n<p>&nbsp;<\/p>\n<p><strong>Ihr Spitzname ist&#8230;?<\/strong><\/p>\n<p>Butterfingers\u2026. weil ich manchmal ein bissl ungeschickt bin.<\/p>\n<p>&nbsp;<\/p>\n<p>&nbsp;<\/p>\n<p><strong>Verraten Sie eine Marotte?<\/strong><\/p>\n<p>Sauberkeitsfimmel \u2013 Waschmaschine und Trockner laufen und laufen\u2026.<\/p>\n<p>&nbsp;<\/p>\n<p>&nbsp;<\/p>\n<p><strong>Was bringt Sie in Harnisch?<\/strong><\/p>\n<p>Pr\u00e4potente und r\u00fccksichtlose Menschen<\/p>\n<p>&nbsp;<\/p>\n<p><strong>\u00a0<\/strong><\/p>\n<p><strong>&#8230;und was bringt andere an Ihnen in Harnisch?<\/strong><\/p>\n<p>Manchmal bin ich ein bissl zu viel Hans-guck-in-die-Luft<\/p>\n<p>&nbsp;<\/p>\n<p><strong>Was m\u00f6chten Sie gerne im Ruhestand machen?<\/strong><\/p>\n<p>Gerne so weiterarbeiten, wie es Spa\u00df macht und etwas mehr Zeit f\u00fcr mein Hobby, die Fliegerei, haben, um gemeinsam mit meinem Mann zu fliegen.<\/p>\n<p>&nbsp;<\/p>\n<p>&nbsp;<\/p>\n<p><strong>Was sch\u00e4tzen Sie an anderen Menschen am meisten?<\/strong><\/p>\n<p>Humor, Gro\u00dfz\u00fcgigkeit, Spontanit\u00e4t, sich nicht zu ernst und wichtig nehmen<\/p>\n<p>&nbsp;<\/p>\n<p>&nbsp;<\/p>\n<p><strong>Wenn Sie f\u00fcr einen Tag den Job von jemand anderem \u00fcbernehmen k\u00f6nnten &#8211; welcher w\u00e4re das?<\/strong><\/p>\n<p>Antoine de Saint-Exup\u00e9ry, wegen seiner Leidenschaft f\u00fcr das Fliegen und das Abenteuer. Nach dem Motto: \u201eFais de ta vie un r\u00eave et d\u2019un r\u00eave la r\u00e9alit\u00e9\u201c\u00a0 &#8211; \u201eMach aus deinem Leben einen Traum und aus deinem Traum Wirklichkeit\u201c.<\/p>\n<p>&nbsp;<\/p>\n<p>&nbsp;<\/p>\n<p>&nbsp;<\/p>\n<p><a href=\"https:\/\/blog.wiwo.de\/management\/files\/2015\/12\/parfuemeurin.jpg\"><img loading=\"lazy\" decoding=\"async\" class=\"size-medium wp-image-659394\" alt=\"armband\" src=\"https:\/\/blog.wiwo.de\/management\/files\/2015\/12\/parfuemeurin-300x224.jpg\" width=\"300\" height=\"224\" srcset=\"https:\/\/blog.wiwo.de\/management\/files\/2015\/12\/parfuemeurin-300x224.jpg 300w, https:\/\/blog.wiwo.de\/management\/files\/2015\/12\/parfuemeurin-401x300.jpg 401w, https:\/\/blog.wiwo.de\/management\/files\/2015\/12\/parfuemeurin.jpg 640w\" sizes=\"auto, (max-width: 300px) 100vw, 300px\" \/><\/a><\/p>\n<p>Die Libelle an Marie LeFebvres Armand ist ein Gl\u00fccksbringer, den\u00a0ihr Mann ihr aus New York mitgebracht hat &#8211; und den sie nie ablegt.<\/p>\n","protected":false},"excerpt":{"rendered":"<p>Die Parf\u00fcmeurin Marie LeFebvre &#8211; Inhaberin der Duftmanufaktur Urban\u00a0Scents in Berlin, die zuvor bei Symrise und Takasago in Paris war &#8211;\u00a0\u00a0hat den Fragebogen &#8222;Nahaufnahme&#8220; beantwortet: &nbsp; &nbsp; &nbsp; Erkl\u00e4ren Sie in einem Satz, was Ihr Unternehmen tut? Wir kreieren D\u00fcfte, &hellip; <a href=\"https:\/\/blog.wiwo.de\/management\/2015\/12\/08\/fragebogen-nahaufnahme-mit-parfumeurin-marie-lefebvre-man-sollte-sich-nicht-so-wichtig-nehmen\/\">Weiterlesen <span class=\"meta-nav\">&rarr;<\/span><\/a><\/p>\n","protected":false},"author":19,"featured_media":0,"comment_status":"open","ping_status":"open","sticky":false,"template":"","format":"standard","meta":{"footnotes":""},"categories":[1],"tags":[4763,5241,5239,5240,5238],"class_list":["post-659303","post","type-post","status-publish","format-standard","hentry","category-allgemein","tag-fragebogen-nahaufnahme","tag-marie-lefebvres","tag-symrise","tag-takasago","tag-urban-scents"],"_links":{"self":[{"href":"https:\/\/blog.wiwo.de\/management\/wp-json\/wp\/v2\/posts\/659303","targetHints":{"allow":["GET"]}}],"collection":[{"href":"https:\/\/blog.wiwo.de\/management\/wp-json\/wp\/v2\/posts"}],"about":[{"href":"https:\/\/blog.wiwo.de\/management\/wp-json\/wp\/v2\/types\/post"}],"author":[{"embeddable":true,"href":"https:\/\/blog.wiwo.de\/management\/wp-json\/wp\/v2\/users\/19"}],"replies":[{"embeddable":true,"href":"https:\/\/blog.wiwo.de\/management\/wp-json\/wp\/v2\/comments?post=659303"}],"version-history":[{"count":0,"href":"https:\/\/blog.wiwo.de\/management\/wp-json\/wp\/v2\/posts\/659303\/revisions"}],"wp:attachment":[{"href":"https:\/\/blog.wiwo.de\/management\/wp-json\/wp\/v2\/media?parent=659303"}],"wp:term":[{"taxonomy":"category","embeddable":true,"href":"https:\/\/blog.wiwo.de\/management\/wp-json\/wp\/v2\/categories?post=659303"},{"taxonomy":"post_tag","embeddable":true,"href":"https:\/\/blog.wiwo.de\/management\/wp-json\/wp\/v2\/tags?post=659303"}],"curies":[{"name":"wp","href":"https:\/\/api.w.org\/{rel}","templated":true}]}}