{"id":659295,"date":"2018-08-30T13:00:46","date_gmt":"2018-08-30T11:00:46","guid":{"rendered":"https:\/\/blog.wiwo.de\/management\/?p=659295"},"modified":"2018-08-30T12:23:30","modified_gmt":"2018-08-30T10:23:30","slug":"fragebogen-nahaufnahme-mit-change-group-inhaber-uwe-schuricht-der-seine-notizen-mit-dem-fueller-liebt","status":"publish","type":"post","link":"https:\/\/blog.wiwo.de\/management\/2018\/08\/30\/fragebogen-nahaufnahme-mit-change-group-inhaber-uwe-schuricht-der-seine-notizen-mit-dem-fueller-liebt\/","title":{"rendered":"Fragebogen &#8222;Nahaufnahme&#8220; mit Change-Group-Inhaber Uwe Schuricht, der seine Notizen mit dem F\u00fcller liebt"},"content":{"rendered":"<p><strong>Den Fragebogen &#8222;Nahaufnahme&#8220; beantwortet Uwe Schuricht, Headhunter und Inhaber der <a href=\"http:\/\/www.change-group.net\/index.php\/de\/\">Change Group<\/a> in Berlin mit Referenzkunden wie SAP, Vitra oder Linklaters.<\/strong><\/p>\n<p>&nbsp;<\/p>\n<div id=\"attachment_659357\" style=\"width: 490px\" class=\"wp-caption aligncenter\"><a href=\"https:\/\/blog.wiwo.de\/management\/files\/2015\/12\/schuricht.uwe_.auf-Rad.jpeg\"><img loading=\"lazy\" decoding=\"async\" aria-describedby=\"caption-attachment-659357\" class=\"size-full wp-image-659357\" src=\"https:\/\/blog.wiwo.de\/management\/files\/2015\/12\/schuricht.uwe_.auf-Rad.jpeg\" alt=\"Headhunter Uwe Schuricht, Gr\u00fcnder und Inhaber von Change Group\" width=\"480\" height=\"480\" srcset=\"https:\/\/blog.wiwo.de\/management\/files\/2015\/12\/schuricht.uwe_.auf-Rad.jpeg 480w, https:\/\/blog.wiwo.de\/management\/files\/2015\/12\/schuricht.uwe_.auf-Rad-150x150.jpeg 150w, https:\/\/blog.wiwo.de\/management\/files\/2015\/12\/schuricht.uwe_.auf-Rad-300x300.jpeg 300w\" sizes=\"auto, (max-width: 480px) 100vw, 480px\" \/><\/a><p id=\"caption-attachment-659357\" class=\"wp-caption-text\">Uwe Schuricht, Gr\u00fcnder und Inhaber von Change Group (Foto: Presse)<\/p><\/div>\n<p>&nbsp;<\/p>\n<p><strong>Erkl\u00e4ren Sie in einem Satz, was Ihr Unternehmen tut?<\/strong><\/p>\n<p>Wir sind eine Personalberatung, die sich auf die Rekrutierung und das Coaching von F\u00fchrungskr\u00e4ften und Spezialisten f\u00fcr die Medien- und Internetindustrie spezialisiert hat. Im Zuge der Digitalen Transformation beraten wir zunehmend auch klassische Industrie- und Markenunternehmen, die f\u00fcr die anstehenden Aufgaben Menschen suchen, die sich bisher gar nicht oder nur wenig f\u00fcr diese Unternehmen interessiert haben.<\/p>\n<p>&nbsp;<\/p>\n<p><strong>Womit beginnt Ihr Arbeitstag?<\/strong><\/p>\n<p>Zwischen 7.30 Uhr und 9.30 Uhr &#8211; je nachdem, wann der Vortag zu Ende ging. Wann immer ich kann, beginnt mein Tag in der Badewanne mit einem Earl Grey Tee und dem &#8222;Morgenmagazin&#8220;. Zu meiner Verteidigung kann ich vorbringen, dass auch Alan Greenspan jeden Morgen gebadet hat. Mein Fr\u00fchsport ist dann, mit dem Fahrrad zehn Kilometer ins B\u00fcro zu fahren, dabei sortiere meine Gedanken und bereite mich gedanklich auf Termine vor. Bis der Arbeitstag vorbei ist, fahre ich oft 50 Kilometer und mehr mit dem Rad. Da kommt Headhunting dem Jagen sehr nahe.<\/p>\n<p>&nbsp;<\/p>\n<p><strong>Wie w\u00fcrden Sie sich selbst als Chef beschreiben?<\/strong><\/p>\n<p>Humorvoll, empathisch, aber entschlossen<\/p>\n<p>&nbsp;<\/p>\n<p><strong>&#8230; und was w\u00fcrden Ihre Mitarbeiter darauf antworten?<\/strong><\/p>\n<p>&#8230;am Zeitmanagement arbeitet er permanent \ud83d\ude09<\/p>\n<p>&nbsp;<\/p>\n<p><strong>Tee oder Kaffee?<\/strong><\/p>\n<p>Latte macchiato vom Coffee Circle aus Berlin \u2013 sehr zu empfehlen.<\/p>\n<p>&nbsp;<\/p>\n<p><strong>Ihr Spitzname ist&#8230;?<\/strong><\/p>\n<p>&#8230; im Studium Belmondo. Der hat in der Jugend geboxt und das sah man seiner Nase an. In den 1980ern liefen seine Filme wie \u201eAusser Atem\u201c immer in den Arthouse Kinos (Programmkinos). Ich war sehr frankophil, habe als Student im Club Med gearbeitet und meine Nase hatte gro\u00dfe \u00c4hnlichkeiten mit Belmondos Boxer-Nase &#8211; jedenfalls bis zu meiner Nasen-OP. Meibe Liebe zu Frankreich ist aber geblieben.<\/p>\n<p>&nbsp;<\/p>\n<p><strong>Verraten Sie eine Marotte?<\/strong><\/p>\n<p>Ich arbeite im Stehen und schreibe handschriftlich Notizen mit dem F\u00fcller. Das sind manchmal bis zu 20 Seiten am Tag. Das hilft mir beim Nachdenken, Nachlesen und bei der Vorbereitung der n\u00e4chsten Schritte.<\/p>\n<p><strong>\u00a0<\/strong><\/p>\n<p><strong>Was bringt Sie in Harnisch?<\/strong><\/p>\n<p>Ungerechtigkeit. Es f\u00e4llt mir schwer, unfaires und ungerechtes Handeln zu akzeptieren, dabei zuzusehen und nicht einzuschreiten.<\/p>\n<p>&nbsp;<\/p>\n<p><strong>&#8230;und was bringt andere an Ihnen in Harnisch?<\/strong><\/p>\n<p>Mein &#8211; f\u00fcr manche &#8211; zu stark ausgepr\u00e4gter Gerechtigkeitssinn. Mit zunehmendem Alter werde ich zum Gl\u00fcck milder.<\/p>\n<p>&nbsp;<\/p>\n<p><strong>Was m\u00f6chten Sie gerne im Ruhestand machen?<\/strong><\/p>\n<p>Weiter arbeiten mit anderen Schwerpunkten und weniger Stress. Ich w\u00fcrde gerne weiter unterrichten, viel mit jungen Menschen zu tun haben, Spanisch sprechen lernen, noch mehr reisen und viel mehr Sport treiben<\/p>\n<p>&nbsp;<\/p>\n<p><strong>Was sch\u00e4tzen Sie an anderen Menschen am meisten?<\/strong><\/p>\n<p>Herzensw\u00e4rme, Humor, Offenheit, Schlagfertigkeit, Charisma und und<\/p>\n<p>&nbsp;<\/p>\n<p><strong>Wenn Sie f\u00fcr einen Tag den Job von jemand anderem \u00fcbernehmen k\u00f6nnten &#8211; welcher w\u00e4re das?<\/strong><\/p>\n<p>Bundeskanzler \u2013 ich denke nach einem Tag in diesem Job h\u00e4tte man ein v\u00f6llig anderes Verst\u00e4ndnis davon, was machbar ist und was nicht.<\/p>\n<p>&nbsp;<\/p>\n<div id=\"attachment_668615\" style=\"width: 498px\" class=\"wp-caption aligncenter\"><a href=\"https:\/\/blog.wiwo.de\/management\/files\/2018\/08\/schuricht2.jpg\"><img loading=\"lazy\" decoding=\"async\" aria-describedby=\"caption-attachment-668615\" class=\"size-full wp-image-668615\" src=\"https:\/\/blog.wiwo.de\/management\/files\/2018\/08\/schuricht2.jpg\" alt=\"\" width=\"488\" height=\"650\" srcset=\"https:\/\/blog.wiwo.de\/management\/files\/2018\/08\/schuricht2.jpg 488w, https:\/\/blog.wiwo.de\/management\/files\/2018\/08\/schuricht2-225x300.jpg 225w\" sizes=\"auto, (max-width: 488px) 100vw, 488px\" \/><\/a><p id=\"caption-attachment-668615\" class=\"wp-caption-text\">Foto: Privat<\/p><\/div>\n<div>&#8222;Den Kreisel hat mir mein Sohn zum Geburtstag geschenkt, als er acht Jahre alt war&#8220;, erz\u00e4hlt Personalberater Uwe Schuricht. &#8222;Er meinte, mit dem Kreisel wird es mir bestimmt nicht mehr langweilig im B\u00fcro. Er ist aus Holz und handbemalt und funktioniert als Handschmeichler ebenso wie als Kreisel. Und wenn ich mich im Kreise drehe, nehme ich den Kreisel, schmunzele und finde meistens einen Aus-Weg.&#8220;<\/div>\n<div><\/div>\n<div><\/div>\n<div><\/div>\n<div><\/div>\n<div>.<\/div>\n<div>.<\/div>\n<div><\/div>\n<div><\/div>\n<div><\/div>\n<div><span style=\"font-family: Calibri,sans-serif;font-size: medium\"><span style=\"font-size: small\">\u00a0<\/span><\/span><\/div>\n<div id=\"attachment_668407\" style=\"width: 310px\" class=\"wp-caption aligncenter\"><a href=\"https:\/\/blog.wiwo.de\/management\/files\/2018\/07\/Grafik_DieKo\u0308nigeDerBlogospha\u0308re_A4_DRAFT_02-1.jpg\"><img loading=\"lazy\" decoding=\"async\" aria-describedby=\"caption-attachment-668407\" class=\"size-medium wp-image-668407\" src=\"https:\/\/blog.wiwo.de\/management\/files\/2018\/07\/Grafik_DieKo\u0308nigeDerBlogospha\u0308re_A4_DRAFT_02-1-300x212.jpg\" alt=\"\" width=\"300\" height=\"212\" srcset=\"https:\/\/blog.wiwo.de\/management\/files\/2018\/07\/Grafik_DieKo\u0308nigeDerBlogospha\u0308re_A4_DRAFT_02-1-300x212.jpg 300w, https:\/\/blog.wiwo.de\/management\/files\/2018\/07\/Grafik_DieKo\u0308nigeDerBlogospha\u0308re_A4_DRAFT_02-1-424x300.jpg 424w, https:\/\/blog.wiwo.de\/management\/files\/2018\/07\/Grafik_DieKo\u0308nigeDerBlogospha\u0308re_A4_DRAFT_02-1.jpg 650w\" sizes=\"auto, (max-width: 300px) 100vw, 300px\" \/><\/a><p id=\"caption-attachment-668407\" class=\"wp-caption-text\">Der neue Blogger-Relevanz-Index 2018<\/p><\/div>\n","protected":false},"excerpt":{"rendered":"<p>Den Fragebogen &#8222;Nahaufnahme&#8220; beantwortet Uwe Schuricht, Headhunter und Inhaber der Change Group in Berlin mit Referenzkunden wie SAP, Vitra oder Linklaters. &nbsp; &nbsp; Erkl\u00e4ren Sie in einem Satz, was Ihr Unternehmen tut? Wir sind eine Personalberatung, die sich auf die &hellip; <a href=\"https:\/\/blog.wiwo.de\/management\/2018\/08\/30\/fragebogen-nahaufnahme-mit-change-group-inhaber-uwe-schuricht-der-seine-notizen-mit-dem-fueller-liebt\/\">Weiterlesen <span class=\"meta-nav\">&rarr;<\/span><\/a><\/p>\n","protected":false},"author":19,"featured_media":0,"comment_status":"open","ping_status":"open","sticky":false,"template":"","format":"standard","meta":{"footnotes":""},"categories":[1],"tags":[4038,6860,4037],"class_list":["post-659295","post","type-post","status-publish","format-standard","hentry","category-allgemein","tag-change-group","tag-fragebogen-nahaufanhme","tag-uwe-schuricht"],"_links":{"self":[{"href":"https:\/\/blog.wiwo.de\/management\/wp-json\/wp\/v2\/posts\/659295","targetHints":{"allow":["GET"]}}],"collection":[{"href":"https:\/\/blog.wiwo.de\/management\/wp-json\/wp\/v2\/posts"}],"about":[{"href":"https:\/\/blog.wiwo.de\/management\/wp-json\/wp\/v2\/types\/post"}],"author":[{"embeddable":true,"href":"https:\/\/blog.wiwo.de\/management\/wp-json\/wp\/v2\/users\/19"}],"replies":[{"embeddable":true,"href":"https:\/\/blog.wiwo.de\/management\/wp-json\/wp\/v2\/comments?post=659295"}],"version-history":[{"count":6,"href":"https:\/\/blog.wiwo.de\/management\/wp-json\/wp\/v2\/posts\/659295\/revisions"}],"predecessor-version":[{"id":668621,"href":"https:\/\/blog.wiwo.de\/management\/wp-json\/wp\/v2\/posts\/659295\/revisions\/668621"}],"wp:attachment":[{"href":"https:\/\/blog.wiwo.de\/management\/wp-json\/wp\/v2\/media?parent=659295"}],"wp:term":[{"taxonomy":"category","embeddable":true,"href":"https:\/\/blog.wiwo.de\/management\/wp-json\/wp\/v2\/categories?post=659295"},{"taxonomy":"post_tag","embeddable":true,"href":"https:\/\/blog.wiwo.de\/management\/wp-json\/wp\/v2\/tags?post=659295"}],"curies":[{"name":"wp","href":"https:\/\/api.w.org\/{rel}","templated":true}]}}