{"id":657540,"date":"2015-07-15T17:00:50","date_gmt":"2015-07-15T15:00:50","guid":{"rendered":"https:\/\/blog.wiwo.de\/management\/?p=657540"},"modified":"2015-07-15T18:53:02","modified_gmt":"2015-07-15T16:53:02","slug":"ey-auswertung-exklusiv-in-welchem-dax-vorstand-sitzen-welche-frauen-nur-zwei-ceo%c2%b4s","status":"publish","type":"post","link":"https:\/\/blog.wiwo.de\/management\/2015\/07\/15\/ey-auswertung-exklusiv-in-welchem-dax-vorstand-sitzen-welche-frauen-nur-zwei-ceo%c2%b4s\/","title":{"rendered":"EY-Auswertung exklusiv: In welchem Dax-Vorstand sitzen welche Frauen &#8211; Nur eine ist CEO (I)"},"content":{"rendered":"<p>EY hat freundlicherweise f\u00fcr den Management-Blog eine Exklusiv-Auswertung vorgennommen und nennt hier Ro\u00df und Reiter: in welchen DAX-, MDAX-, TecDAX- und SDAX-Vorst\u00e4ndin welche Frauen inzwischen angekommen sind.<\/p>\n<p>Dennoch ist die Grundtendenz nicht positiv: Von der Deutschen Post ist gerade\u00a0Angela Titzrath weggegangen und auch\u00a0bei den anderen\u00a0DAX-Unternehmen sinkt der Frauenanteil &#8211; statt zu steigen.\u00a0Es gibt jetzt im Juli noch weniger als im Januar 2015:\u00a0Am 30. Juni 2014 waren nur 38 der insgesamt 651 Vorst\u00e4nde in den im DAX-, MDAX-, TecDAX- und SDAX-Unternehmen Frauen,\u00a0am Stichtag 31. Dezember 2013 waren es noch 41, vor einem Jahr sogar 42.<\/p>\n<p>EY sieht aber einen Hoffnungsschimmer: Die Frauen besetzen inzwischen immer \u00f6fter f\u00fcrs Finanzressort und\u00a0f\u00fcrs Operative zust\u00e4ndig und nicht mehr nur f\u00fcrs Personal.<\/p>\n<p>Weibliche Vorstandsvorsitze\u00a0sind ganz ganz rare Erscheinungen:\u00a0Nur eine einzige\u00a0der 160 untersuchten DAX-Unternehmen bringen so viel Mut auf wie\u00a0RTL mit Anke Sch\u00e4ferkordt.<\/p>\n<p>\u00dcbrigens sind die meisten Vorst\u00e4ndinnen\u00a0in der Telekommunikationsbranche (19 Prozent) gefolgt von\u00a0Transport und Logistik (17 Prozent) und der Industrie (drei Prozent). Die frauenfeindlichsten Branchen:\u00a0Rohstoffbranche und\u00a0IT (je zwei Prozent).<\/p>\n<p>&nbsp;<\/p>\n<table width=\"463\" border=\"0\" cellspacing=\"0\" cellpadding=\"0\">\n<col width=\"120\" \/>\n<col width=\"34\" \/>\n<col width=\"145\" \/>\n<col width=\"164\" \/>\n<tbody>\n<tr>\n<td width=\"120\" height=\"20\"><strong>Unternehmen<\/strong><\/td>\n<td width=\"34\"><strong>B\u00f6rsensegment<\/strong><\/td>\n<td width=\"145\"><strong>Name<\/strong><\/td>\n<td width=\"164\"><strong>Funktion<\/strong><\/td>\n<\/tr>\n<tr>\n<td width=\"120\" height=\"50\">Allianz<\/td>\n<td width=\"34\">DAX<\/td>\n<td width=\"145\">Dr. Helga Jung<\/td>\n<td width=\"164\">Mitglied des \u00a0 Vorstands der Allianz SE, Insurance Iberia &amp; Latin America, Legal &amp; \u00a0 Compliance, Mergers &amp; Acquisitions<\/td>\n<\/tr>\n<tr>\n<td width=\"120\" height=\"86\">BASF<\/td>\n<td width=\"34\">DAX<\/td>\n<td width=\"145\">Margret \u00a0 Suckale<\/td>\n<td width=\"164\">verantwortlich \u00a0 f\u00fcr Engineering &amp; Maintenance, Environment, Health &amp; Safety, European \u00a0 Site &amp; Verbund Management sowie Human Resources, ferner Arbeitsdirektorin \u00a0 der BASF SE und Standortleiterin f\u00fcr das Werk Ludwigshafen<\/td>\n<\/tr>\n<tr>\n<td width=\"120\" height=\"20\">BMW<\/td>\n<td width=\"34\">DAX<\/td>\n<td width=\"145\">Milagros \u00a0 Cai\u00f1a Carreiro-Andree<\/td>\n<td width=\"164\">Personal- \u00a0 und Sozialwesen<\/td>\n<\/tr>\n<tr>\n<td width=\"120\" height=\"20\">Continental<\/td>\n<td width=\"34\">DAX<\/td>\n<td width=\"145\">Dr. \u00a0 Ariane Reinhart<\/td>\n<td width=\"164\">Personal, \u00a0 Arbeitsdirektorin<\/td>\n<\/tr>\n<tr>\n<td width=\"120\" height=\"20\">Daimler<\/td>\n<td width=\"34\">DAX<\/td>\n<td width=\"145\">Christine \u00a0 Hohmann-Dennhardt<\/td>\n<td width=\"164\">Integrit\u00e4t \u00a0 und Recht<\/td>\n<\/tr>\n<tr>\n<td width=\"120\" height=\"26\">Deutsche \u00a0 Lufthansa<\/td>\n<td width=\"34\">DAX<\/td>\n<td width=\"145\">Simone \u00a0 Menne<\/td>\n<td width=\"164\">Ressort \u00a0 Finanzen und Aviation Services<\/td>\n<\/tr>\n<tr>\n<td width=\"120\" height=\"20\">Deutsche \u00a0 Lufthansa<\/td>\n<td width=\"34\">DAX<\/td>\n<td width=\"145\">Bettina \u00a0 Volkens<\/td>\n<td width=\"164\">Ressort \u00a0 Personal und Recht<\/td>\n<\/tr>\n<tr>\n<td width=\"120\" height=\"20\">Deutsche \u00a0 Post<\/td>\n<td width=\"34\">DAX<\/td>\n<td width=\"145\">Melanie \u00a0 Kreis<\/td>\n<td width=\"164\">Personal<\/td>\n<\/tr>\n<tr>\n<td width=\"120\" height=\"26\">Deutsche \u00a0 Telekom<\/td>\n<td width=\"34\">DAX<\/td>\n<td width=\"145\">Claudia \u00a0 Nemat<\/td>\n<td width=\"164\">Vorstandsmitglied \u00a0 Europa und Technik<\/td>\n<\/tr>\n<tr>\n<td width=\"120\" height=\"20\">Henkel<\/td>\n<td width=\"34\">DAX<\/td>\n<td width=\"145\">Kathrin \u00a0 Menges<\/td>\n<td width=\"164\">Personal, \u00a0 Infrastruktur-Services<\/td>\n<\/tr>\n<tr>\n<td width=\"120\" height=\"20\">Merck<\/td>\n<td width=\"34\">DAX<\/td>\n<td width=\"145\">Bel\u00e9n \u00a0 Garijo<\/td>\n<td width=\"164\">Healthcare<\/td>\n<\/tr>\n<tr>\n<td width=\"120\" height=\"20\">M\u00fcnchener \u00a0 R\u00fcck<\/td>\n<td width=\"34\">DAX<\/td>\n<td width=\"145\">Giuseppina \u00a0 Albo<\/td>\n<td width=\"164\">Europe \u00a0 and Latin America<\/td>\n<\/tr>\n<tr>\n<td width=\"120\" height=\"20\">M\u00fcnchener \u00a0 R\u00fcck<\/td>\n<td width=\"34\">DAX<\/td>\n<td width=\"145\">Doris \u00a0 H\u00f6pke<\/td>\n<td width=\"164\">Health<\/td>\n<\/tr>\n<tr>\n<td width=\"120\" height=\"38\">Siemens<\/td>\n<td width=\"34\">DAX<\/td>\n<td width=\"145\">Lisa \u00a0 Davis<\/td>\n<td width=\"164\">Amerika, \u00a0 Divisions: Power and Gas, Wind Power and Renewables, Power Generation \u00a0 Services<\/td>\n<\/tr>\n<tr>\n<td width=\"120\" height=\"23\">Siemens<\/td>\n<td width=\"34\">DAX<\/td>\n<td width=\"145\">Janina \u00a0 Kugel<\/td>\n<td width=\"164\">Human \u00a0 Resources, Arbeitsdirektorin der Siemens AG, Chief Diversity Officer<\/td>\n<\/tr>\n<tr>\n<td width=\"120\" height=\"26\">Aareal \u00a0 Bank<\/td>\n<td width=\"34\">MDAX<\/td>\n<td width=\"145\">Dagmar \u00a0 Knopek<\/td>\n<td width=\"164\">Strukturierte \u00a0 Immobilienfinanzierungen<\/td>\n<\/tr>\n<tr>\n<td width=\"120\" height=\"20\">Evonik \u00a0 Industries<\/td>\n<td width=\"34\">MDAX<\/td>\n<td width=\"145\">Ute \u00a0 Wolf<\/td>\n<td width=\"164\">Finanzvorstand<\/td>\n<\/tr>\n<tr>\n<td width=\"120\" height=\"110\">Fraport<\/td>\n<td width=\"34\">MDAX<\/td>\n<td width=\"145\">Anke \u00a0 Giesen<\/td>\n<td width=\"164\">\u201eAirport \u00a0 Security Management\u201c, Flugbetriebs- und Terminalmanagement, \u00a0 Unternehmenssicherheit\u201c und \u201eHandels- und Vermietungsmanagement\u201c sowie der \u00a0 Zentralbereich \u201ePersonal\/F\u00fchrungskr\u00e4fte In-\/Ausland\u201c<\/td>\n<\/tr>\n<tr>\n<td width=\"120\" height=\"20\">RTL GROUP<\/td>\n<td width=\"34\">MDAX<\/td>\n<td width=\"145\">Anke \u00a0 Sch\u00e4ferkordt<\/td>\n<td width=\"164\">Co-CEO<\/td>\n<\/tr>\n<tr>\n<td width=\"120\" height=\"20\">TAG \u00a0 Immobilien<\/td>\n<td width=\"34\">MDAX<\/td>\n<td width=\"145\">Claudia \u00a0 Hoyer<\/td>\n<td width=\"164\">k. \u00a0 A.<\/td>\n<\/tr>\n<tr>\n<td width=\"120\" height=\"20\">comdirect \u00a0 bank<\/td>\n<td width=\"34\">SDAX<\/td>\n<td width=\"145\">Martina \u00a0 Palte<\/td>\n<td width=\"164\">COO<\/td>\n<\/tr>\n<tr>\n<td width=\"120\" height=\"20\">Deutsche \u00a0 Beteiligungs AG<\/td>\n<td width=\"34\">SDAX<\/td>\n<td width=\"145\">Susanne \u00a0 Zeidler<\/td>\n<td width=\"164\">CFO<\/td>\n<\/tr>\n<tr>\n<td width=\"120\" height=\"26\">Deutz<\/td>\n<td width=\"34\">SDAX<\/td>\n<td width=\"145\">Margarete \u00a0 Haase<\/td>\n<td width=\"164\">Finanzen, \u00a0 Personal, Investor Relations<\/td>\n<\/tr>\n<tr>\n<td width=\"120\" height=\"20\">DIC Asset<\/td>\n<td width=\"34\">SDAX<\/td>\n<td width=\"145\">Sonja \u00a0 W\u00e4rntges<\/td>\n<td width=\"164\">Finanzen \u00a0 &amp; Controlling (CFO)<\/td>\n<\/tr>\n<tr>\n<td width=\"120\" height=\"26\">Ferratum \u00a0 Finland oy<\/td>\n<td width=\"34\">SDAX<\/td>\n<td width=\"145\">Lea \u00a0 Liigus<\/td>\n<td width=\"164\">Head \u00a0 of Legal &amp; Compliance, CEO Ferratum Bank Ltd<\/td>\n<\/tr>\n<tr>\n<td width=\"120\" height=\"26\">GfK<\/td>\n<td width=\"34\">SDAX<\/td>\n<td width=\"145\">Debra \u00a0 A. Pruent<\/td>\n<td width=\"164\">COO, \u00a0 verantwortlich f\u00fcr den Sektor Consumer Experiences<\/td>\n<\/tr>\n<tr>\n<td width=\"120\" height=\"20\">GrenkeLeasing<\/td>\n<td width=\"34\">SDAX<\/td>\n<td width=\"145\">Antje \u00a0 Leminsky<\/td>\n<td width=\"164\">Chief \u00a0 Information Officer (CIO)<\/td>\n<\/tr>\n<tr>\n<td width=\"120\" height=\"38\">Hornbach \u00a0 Baumarkt<\/td>\n<td width=\"34\">SDAX<\/td>\n<td width=\"145\">Susanne \u00a0 J\u00e4ger<\/td>\n<td width=\"164\">Strategischer \u00a0 und operativer Einkauf, Marktplanung, Store Development, Import, \u00a0 Qualit\u00e4tssicherung<\/td>\n<\/tr>\n<tr>\n<td width=\"120\" height=\"26\">KWS SAAT<\/td>\n<td width=\"34\">SDAX<\/td>\n<td width=\"145\">Eva \u00a0 Kienle<\/td>\n<td width=\"164\">CFO \u00a0 (Finanzen, Controlling, Recht, HR, IT)<\/td>\n<\/tr>\n<tr>\n<td width=\"120\" height=\"20\">Schaltbau \u00a0 Holding<\/td>\n<td width=\"34\">SDAX<\/td>\n<td width=\"145\">Elisabeth \u00a0 Prigge<\/td>\n<td width=\"164\">CFO<\/td>\n<\/tr>\n<tr>\n<td width=\"120\" height=\"20\">Zeal \u00a0 Network<\/td>\n<td width=\"34\">SDAX<\/td>\n<td width=\"145\">Susan \u00a0 Standiford<\/td>\n<td width=\"164\">CTO<\/td>\n<\/tr>\n<tr>\n<td width=\"120\" height=\"20\">Zooplus<\/td>\n<td width=\"34\">SDAX<\/td>\n<td width=\"145\">Andrea \u00a0 Skersies<\/td>\n<td width=\"164\">CMO<\/td>\n<\/tr>\n<tr>\n<td width=\"120\" height=\"20\">GFT \u00a0 Technologies<\/td>\n<td width=\"34\">TECDAX<\/td>\n<td width=\"145\">Marika \u00a0 Lulay<\/td>\n<td width=\"164\">COO<\/td>\n<\/tr>\n<tr>\n<td width=\"120\" height=\"26\">Morphosys<\/td>\n<td width=\"34\">TECDAX<\/td>\n<td width=\"145\">Marlies \u00a0 Sproll<\/td>\n<td width=\"164\">Forschungsvorstand<\/td>\n<\/tr>\n<tr>\n<td width=\"120\" height=\"26\">QIAGEN<\/td>\n<td width=\"34\">TECDAX<\/td>\n<td width=\"145\">Laura \u00a0 Furmanski<\/td>\n<td width=\"164\">Senior \u00a0 Vice President, k. A.<\/td>\n<\/tr>\n<tr>\n<td width=\"120\" height=\"26\">Telef\u00f3nica \u00a0 Deutschland<\/td>\n<td width=\"34\">TECDAX<\/td>\n<td width=\"145\">Rachel \u00a0 Empey<\/td>\n<td width=\"164\">Chief \u00a0 Financial and Strategy Officer (CFO)<\/td>\n<\/tr>\n<tr>\n<td width=\"120\" height=\"20\">Quelle: EY, Stand: Juli 2015<\/td>\n<td width=\"34\"><\/td>\n<td width=\"145\"><\/td>\n<td width=\"164\"><\/td>\n<\/tr>\n<tr>\n<td height=\"20\"><\/td>\n<td><\/td>\n<td><\/td>\n<td><\/td>\n<\/tr>\n<\/tbody>\n<\/table>\n","protected":false},"excerpt":{"rendered":"<p>EY hat freundlicherweise f\u00fcr den Management-Blog eine Exklusiv-Auswertung vorgennommen und nennt hier Ro\u00df und Reiter: in welchen DAX-, MDAX-, TecDAX- und SDAX-Vorst\u00e4ndin welche Frauen inzwischen angekommen sind. Dennoch ist die Grundtendenz nicht positiv: Von der Deutschen Post ist gerade\u00a0Angela Titzrath &hellip; <a href=\"https:\/\/blog.wiwo.de\/management\/2015\/07\/15\/ey-auswertung-exklusiv-in-welchem-dax-vorstand-sitzen-welche-frauen-nur-zwei-ceo%c2%b4s\/\">Weiterlesen <span class=\"meta-nav\">&rarr;<\/span><\/a><\/p>\n","protected":false},"author":19,"featured_media":0,"comment_status":"open","ping_status":"open","sticky":false,"template":"","format":"standard","meta":{"footnotes":""},"categories":[1],"tags":[255,257,3525,405,1142,4822],"class_list":["post-657540","post","type-post","status-publish","format-standard","hentry","category-allgemein","tag-dax-unternehmen","tag-dax30-chefs","tag-ey","tag-frauen","tag-vorstand","tag-vorstandin"],"_links":{"self":[{"href":"https:\/\/blog.wiwo.de\/management\/wp-json\/wp\/v2\/posts\/657540","targetHints":{"allow":["GET"]}}],"collection":[{"href":"https:\/\/blog.wiwo.de\/management\/wp-json\/wp\/v2\/posts"}],"about":[{"href":"https:\/\/blog.wiwo.de\/management\/wp-json\/wp\/v2\/types\/post"}],"author":[{"embeddable":true,"href":"https:\/\/blog.wiwo.de\/management\/wp-json\/wp\/v2\/users\/19"}],"replies":[{"embeddable":true,"href":"https:\/\/blog.wiwo.de\/management\/wp-json\/wp\/v2\/comments?post=657540"}],"version-history":[{"count":0,"href":"https:\/\/blog.wiwo.de\/management\/wp-json\/wp\/v2\/posts\/657540\/revisions"}],"wp:attachment":[{"href":"https:\/\/blog.wiwo.de\/management\/wp-json\/wp\/v2\/media?parent=657540"}],"wp:term":[{"taxonomy":"category","embeddable":true,"href":"https:\/\/blog.wiwo.de\/management\/wp-json\/wp\/v2\/categories?post=657540"},{"taxonomy":"post_tag","embeddable":true,"href":"https:\/\/blog.wiwo.de\/management\/wp-json\/wp\/v2\/tags?post=657540"}],"curies":[{"name":"wp","href":"https:\/\/api.w.org\/{rel}","templated":true}]}}