{"id":656640,"date":"2015-05-19T01:18:35","date_gmt":"2015-05-18T23:18:35","guid":{"rendered":"https:\/\/blog.wiwo.de\/management\/?p=656640"},"modified":"2015-05-19T01:18:35","modified_gmt":"2015-05-18T23:18:35","slug":"pr-aktion-uber-facebook-mopse-im-museum","status":"publish","type":"post","link":"https:\/\/blog.wiwo.de\/management\/2015\/05\/19\/pr-aktion-uber-facebook-mopse-im-museum\/","title":{"rendered":"PR-Aktion \u00fcber Facebook: M\u00f6pse im Museum"},"content":{"rendered":"<p>Diese beiden Porzellan-M\u00f6pse aus der Ausstellung &#8222;Pink Porcelain&#8220; im D\u00fcsseldorfer Hetjens-Museum mobilisierten die Mops-Liebhaber &#8211; und die Porzellan-Experten verstanden es, eine \u00a0PR-Aktion draus zu machen. Es begann damit, dass der Museums-Volont\u00e4r Wilko Beckmannn auf der Facebook-Seite &#8222;Art in D\u00fcsseldorf&#8220; dieses Bild gepostet hatte&#8230;..<\/p>\n<p>&nbsp;<\/p>\n<div id=\"attachment_656641\" style=\"width: 660px\" class=\"wp-caption aligncenter\"><a href=\"https:\/\/blog.wiwo.de\/management\/files\/2015\/05\/M\u00f6pse.vorn_.-Modell-Johann-Joachim-Kaendler-Meissen-17411747.jpg\"><img loading=\"lazy\" decoding=\"async\" aria-describedby=\"caption-attachment-656641\" class=\"size-full wp-image-656641\" alt=\"M\u00f6pse von Johann Joachim Kandler, Meissen\" src=\"https:\/\/blog.wiwo.de\/management\/files\/2015\/05\/M\u00f6pse.vorn_.-Modell-Johann-Joachim-Kaendler-Meissen-17411747.jpg\" width=\"650\" height=\"431\" srcset=\"https:\/\/blog.wiwo.de\/management\/files\/2015\/05\/M\u00f6pse.vorn_.-Modell-Johann-Joachim-Kaendler-Meissen-17411747.jpg 650w, https:\/\/blog.wiwo.de\/management\/files\/2015\/05\/M\u00f6pse.vorn_.-Modell-Johann-Joachim-Kaendler-Meissen-17411747-300x198.jpg 300w, https:\/\/blog.wiwo.de\/management\/files\/2015\/05\/M\u00f6pse.vorn_.-Modell-Johann-Joachim-Kaendler-Meissen-17411747-452x300.jpg 452w\" sizes=\"auto, (max-width: 650px) 100vw, 650px\" \/><\/a><p id=\"caption-attachment-656641\" class=\"wp-caption-text\">M\u00f6pse von Johann Joachim Kandler, Meissen<\/dd>\n<dd class=\"wp-caption-dd\"><\/p><\/div>\n<p>&nbsp;<\/p>\n<p>&#8230;.. mit der Folge: Dutzende von Mops-Besitzern kommentierten das Bild und setzten auch gleich Fotos ihrer eigenen M\u00f6pse dazu.<\/p>\n<p>Am Ende hatte es die Facebook-Seite explosionsartig auf 40 000 Follower gebracht &#8211; dank der Vierbeiner, von denen Loriot zu Lebzeiten mal sagte: &#8222;Ein Leben ohne M\u00f6pse ist m\u00f6glich, aber sinnlos.&#8220;<\/p>\n<p>&nbsp;<\/p>\n<p><a href=\"https:\/\/blog.wiwo.de\/management\/files\/2015\/05\/M\u00f6pse.hinten.Modell-Johann-Joachim-Kaendler-Meissen-17411747-R\u00fcckseite.jpg\"><img loading=\"lazy\" decoding=\"async\" class=\"size-medium wp-image-656642\" alt=\"M\u00f6pse von Johann Joachim Kandler, Meissen\" src=\"https:\/\/blog.wiwo.de\/management\/files\/2015\/05\/M\u00f6pse.hinten.Modell-Johann-Joachim-Kaendler-Meissen-17411747-R\u00fcckseite-300x198.jpg\" width=\"300\" height=\"198\" srcset=\"https:\/\/blog.wiwo.de\/management\/files\/2015\/05\/M\u00f6pse.hinten.Modell-Johann-Joachim-Kaendler-Meissen-17411747-R\u00fcckseite-300x198.jpg 300w, https:\/\/blog.wiwo.de\/management\/files\/2015\/05\/M\u00f6pse.hinten.Modell-Johann-Joachim-Kaendler-Meissen-17411747-R\u00fcckseite-452x300.jpg 452w, https:\/\/blog.wiwo.de\/management\/files\/2015\/05\/M\u00f6pse.hinten.Modell-Johann-Joachim-Kaendler-Meissen-17411747-R\u00fcckseite.jpg 650w\" sizes=\"auto, (max-width: 300px) 100vw, 300px\" \/><\/a><\/p>\n<p>&nbsp;<\/p>\n<p>Ich pers\u00f6nlich kann das eher f\u00fcr Welsh Corgys, und zwar die Cardigans, unterschreiben. Die hat bestimmt kein Meissener Porzellan-K\u00fcnstler dargestellt. Vielleicht sollte ich mal bei Wedgewood recherchieren.<\/p>\n<p>Doch zur\u00fcck zu den D\u00fcsseldorfer M\u00f6psen: Die Hetjens-Crew reagierte promt. Sie verloste eine Exklusiv-F\u00fchrung f\u00fcr zehn Mops-Besitzer durch die Ausstellung.<\/p>\n<p>&nbsp;<\/p>\n<p><a href=\"https:\/\/blog.wiwo.de\/management\/files\/2015\/05\/mopswalk1.jpg\"><img loading=\"lazy\" decoding=\"async\" class=\"aligncenter size-full wp-image-656646\" alt=\"mopswalk1\" src=\"https:\/\/blog.wiwo.de\/management\/files\/2015\/05\/mopswalk1.jpg\" width=\"640\" height=\"640\" srcset=\"https:\/\/blog.wiwo.de\/management\/files\/2015\/05\/mopswalk1.jpg 640w, https:\/\/blog.wiwo.de\/management\/files\/2015\/05\/mopswalk1-150x150.jpg 150w, https:\/\/blog.wiwo.de\/management\/files\/2015\/05\/mopswalk1-300x300.jpg 300w\" sizes=\"auto, (max-width: 640px) 100vw, 640px\" \/><\/a><\/p>\n<p>&nbsp;<\/p>\n<p>Der D\u00fcsseldorfer Event sah dann so aus: Die M\u00f6pse bekamen vergangenen Mittwoch au\u00dfer rosanen Schleifchen eigene Mops-Sitter, die ihnen aus Porzellansch\u00e4lchen Essen und Trinken servierten, w\u00e4hrend Herchen und Frauchen durchs Museum gef\u00fchrt wurden.<\/p>\n<p>&nbsp;<\/p>\n<div id=\"attachment_656645\" style=\"width: 660px\" class=\"wp-caption aligncenter\"><a href=\"https:\/\/blog.wiwo.de\/management\/files\/2015\/05\/mopswalk.rp_.jpg\"><img loading=\"lazy\" decoding=\"async\" aria-describedby=\"caption-attachment-656645\" class=\"size-full wp-image-656645\" alt=\"Mopswalk im Hetjens-Museum\" src=\"https:\/\/blog.wiwo.de\/management\/files\/2015\/05\/mopswalk.rp_.jpg\" width=\"650\" height=\"487\" srcset=\"https:\/\/blog.wiwo.de\/management\/files\/2015\/05\/mopswalk.rp_.jpg 650w, https:\/\/blog.wiwo.de\/management\/files\/2015\/05\/mopswalk.rp_-300x224.jpg 300w, https:\/\/blog.wiwo.de\/management\/files\/2015\/05\/mopswalk.rp_-400x300.jpg 400w\" sizes=\"auto, (max-width: 650px) 100vw, 650px\" \/><\/a><p id=\"caption-attachment-656645\" class=\"wp-caption-text\">Die &#8222;Rheinische Post&#8220; \u00fcber den Mopswalk im Hetjens-Museum<\/p><\/div>\n<p><strong><a title=\"Hetjens-Museum, D\u00fcsseldorf\" href=\"www.dueseldorf.de\/hetjens\" target=\"_blank\">www.dueseldorf.de\/hetjens<\/a><\/strong><\/p>\n<p><strong><a title=\"Art in D\u00fcsseldorf\" href=\"www.art-in-duesseldorf.de\" target=\"_blank\">www.art-in-duesseldorf.de<\/a><\/strong><\/p>\n<p><strong>\u00dcber die Vize-Direktorin des Hetjens-Museums, Daniela Antonin, hier im Management-Blog: \u00a0<a title=\"Hetjens-Museum, Daniela Antonin, Management-Blog, Ein Teller mit...\" href=\"https:\/\/blog.wiwo.de\/management\/2014\/02\/26\/ein-teller-salat-mit-gegrilltem-thunfisch-mit-daniela-antonin-die-gabe-sponsoren-wie-besucher-fur-kunst-events-zu-motivieren\/\" target=\"_blank\">https:\/\/blog.wiwo.de\/management\/2014\/02\/26\/ein-teller-salat-mit-gegrilltem-thunfisch-mit-daniela-antonin-die-gabe-sponsoren-wie-besucher-fur-kunst-events-zu-motivieren\/<\/a><\/strong><\/p>\n<p><strong>\u00a0<\/strong><\/p>\n<p><strong>Abends im Museum &#8211; Pfiffe und Buletten: <a title=\"Hetjens-Museum, Veranstaltung\" href=\"https:\/\/blog.wiwo.de\/management\/2013\/05\/12\/abends-im-museum-pfiffe-und-buletten-im-hetjens\/\" target=\"_blank\">https:\/\/blog.wiwo.de\/management\/2013\/05\/12\/abends-im-museum-pfiffe-und-buletten-im-hetjens\/<\/a><\/strong><\/p>\n<p>&nbsp;<\/p>\n<p>&nbsp;<\/p>\n","protected":false},"excerpt":{"rendered":"<p>Diese beiden Porzellan-M\u00f6pse aus der Ausstellung &#8222;Pink Porcelain&#8220; im D\u00fcsseldorfer Hetjens-Museum mobilisierten die Mops-Liebhaber &#8211; und die Porzellan-Experten verstanden es, eine \u00a0PR-Aktion draus zu machen. Es begann damit, dass der Museums-Volont\u00e4r Wilko Beckmannn auf der Facebook-Seite &#8222;Art in D\u00fcsseldorf&#8220; dieses &hellip; <a href=\"https:\/\/blog.wiwo.de\/management\/2015\/05\/19\/pr-aktion-uber-facebook-mopse-im-museum\/\">Weiterlesen <span class=\"meta-nav\">&rarr;<\/span><\/a><\/p>\n","protected":false},"author":19,"featured_media":0,"comment_status":"open","ping_status":"open","sticky":false,"template":"","format":"standard","meta":{"footnotes":""},"categories":[1],"tags":[305,357,2430,4578,868,4579,4580],"class_list":["post-656640","post","type-post","status-publish","format-standard","hentry","category-allgemein","tag-dusseldorf","tag-facebook","tag-hetjens-museum","tag-mopse","tag-pr","tag-pr-aktion","tag-wilko-beckmann"],"_links":{"self":[{"href":"https:\/\/blog.wiwo.de\/management\/wp-json\/wp\/v2\/posts\/656640","targetHints":{"allow":["GET"]}}],"collection":[{"href":"https:\/\/blog.wiwo.de\/management\/wp-json\/wp\/v2\/posts"}],"about":[{"href":"https:\/\/blog.wiwo.de\/management\/wp-json\/wp\/v2\/types\/post"}],"author":[{"embeddable":true,"href":"https:\/\/blog.wiwo.de\/management\/wp-json\/wp\/v2\/users\/19"}],"replies":[{"embeddable":true,"href":"https:\/\/blog.wiwo.de\/management\/wp-json\/wp\/v2\/comments?post=656640"}],"version-history":[{"count":0,"href":"https:\/\/blog.wiwo.de\/management\/wp-json\/wp\/v2\/posts\/656640\/revisions"}],"wp:attachment":[{"href":"https:\/\/blog.wiwo.de\/management\/wp-json\/wp\/v2\/media?parent=656640"}],"wp:term":[{"taxonomy":"category","embeddable":true,"href":"https:\/\/blog.wiwo.de\/management\/wp-json\/wp\/v2\/categories?post=656640"},{"taxonomy":"post_tag","embeddable":true,"href":"https:\/\/blog.wiwo.de\/management\/wp-json\/wp\/v2\/tags?post=656640"}],"curies":[{"name":"wp","href":"https:\/\/api.w.org\/{rel}","templated":true}]}}