{"id":656066,"date":"2015-03-20T15:42:49","date_gmt":"2015-03-20T14:42:49","guid":{"rendered":"https:\/\/blog.wiwo.de\/management\/?p=656066"},"modified":"2015-03-20T15:42:49","modified_gmt":"2015-03-20T14:42:49","slug":"was-die-dax-30-kapitane-verdienen-vw-chef-winterkorn-fuhrt-2","status":"publish","type":"post","link":"https:\/\/blog.wiwo.de\/management\/2015\/03\/20\/was-die-dax-30-kapitane-verdienen-vw-chef-winterkorn-fuhrt-2\/","title":{"rendered":"Was die DAX-30-Kapit\u00e4ne verdienen: VW-Chef Winterkorn f\u00fchrt"},"content":{"rendered":"<p><strong>Wieviel die DAX30-Vorstandschefs 2014 verdient haben, hat die Verg\u00fctungsberatung HKP zusammengetragen<\/strong>:<\/p>\n<p>Martin Winterkorn f\u00fchrt mit 15,8 Millionen Euro deutlich vor Daimler-Chef Dieter Zetsche mit 14,4 Millione<\/p>\n<p>&nbsp;<\/p>\n<p><strong>Dax-30-Verg\u00fctungstabelle 2014 von HKP (auf Basis der Empfehlung des Deutschen Corporate Governance Kodex &#8211; DCGK)<\/strong><\/p>\n<table width=\"701\" border=\"0\" cellspacing=\"0\" cellpadding=\"0\">\n<col width=\"192\" \/>\n<col width=\"400\" \/>\n<col width=\"109\" \/>\n<tbody>\n<tr>\n<td width=\"192\" height=\"99\"><strong>Unternehmen<\/strong><\/td>\n<td width=\"400\"><strong>Name<\/strong><\/td>\n<td width=\"109\"><strong>=\u00a0\u00a0 Gesamt-verg\u00fctung<\/strong> <strong>\u00a0\u00a0\u00a0 (in \u20ac)<\/strong><\/td>\n<\/tr>\n<tr>\n<td width=\"192\" height=\"22\">Adidas<\/td>\n<td width=\"400\">Herbert\u00a0\u00a0 Hainer<\/td>\n<td width=\"109\">5.800.427<\/td>\n<\/tr>\n<tr>\n<td width=\"192\" height=\"22\">Allianz<\/td>\n<td width=\"400\">Michael\u00a0\u00a0 Diekmann<\/td>\n<td width=\"109\">5.187.000<\/td>\n<\/tr>\n<tr>\n<td width=\"192\" height=\"22\">BASF<\/td>\n<td width=\"400\">Dr.\u00a0\u00a0 Kurt Bock<\/td>\n<td width=\"109\">7.798.000<\/td>\n<\/tr>\n<tr>\n<td width=\"192\" height=\"22\">Bayer<\/td>\n<td width=\"400\">Dr.\u00a0\u00a0 Marijn Dekkers<\/td>\n<td width=\"109\">6.664.000<\/td>\n<\/tr>\n<tr>\n<td width=\"192\" height=\"22\">Beiersdorf<\/td>\n<td width=\"400\">Stefan\u00a0\u00a0 F. Heidenreich<\/td>\n<td width=\"109\">2.126.000<\/td>\n<\/tr>\n<tr>\n<td width=\"192\" height=\"22\">BMW*<\/td>\n<td width=\"400\">Dr.\u00a0\u00a0 Dr. E.h. Norbert Reithofer<\/td>\n<td width=\"109\">n\/a<\/td>\n<\/tr>\n<tr>\n<td width=\"192\" height=\"22\">Commerzbank<\/td>\n<td width=\"400\">Martin\u00a0\u00a0 Blessing<\/td>\n<td width=\"109\">2.055.500<\/td>\n<\/tr>\n<tr>\n<td width=\"192\" height=\"22\">Daimler<\/td>\n<td width=\"400\">Dr.\u00a0\u00a0 Dieter Zetsche<\/td>\n<td width=\"109\">14.422.000<\/td>\n<\/tr>\n<tr>\n<td width=\"192\" height=\"22\">Deutsche B\u00f6rse<\/td>\n<td width=\"400\">Prof.\u00a0\u00a0 Dr. Reto Francioni<\/td>\n<td width=\"109\">3.658.900<\/td>\n<\/tr>\n<tr>\n<td width=\"192\" height=\"22\">Deutsche Post<\/td>\n<td width=\"400\">Dr.\u00a0\u00a0 Frank Appel<\/td>\n<td width=\"109\">9.587.598<\/td>\n<\/tr>\n<tr>\n<td width=\"192\" height=\"22\">Deutsche Telekom<\/td>\n<td width=\"400\">Timotheus\u00a0\u00a0 H\u00f6ttges<\/td>\n<td width=\"109\">4.356.253<\/td>\n<\/tr>\n<tr>\n<td width=\"192\" height=\"22\">E.ON<\/td>\n<td width=\"400\">Dr.\u00a0\u00a0 Johannes Teyssen<\/td>\n<td width=\"109\">3.162.501<\/td>\n<\/tr>\n<tr>\n<td width=\"192\" height=\"22\">Fresenius Medical Care<\/td>\n<td width=\"400\">Rice\u00a0\u00a0 Powell<\/td>\n<td width=\"109\">2.678.693<\/td>\n<\/tr>\n<tr>\n<td width=\"192\" height=\"22\">Henkel<\/td>\n<td width=\"400\">Kasper\u00a0\u00a0 Rorsted<\/td>\n<td width=\"109\">7.661.948<\/td>\n<\/tr>\n<tr>\n<td width=\"192\" height=\"22\">Infineon<\/td>\n<td width=\"400\">Dr.\u00a0\u00a0 Reinhard Ploss<\/td>\n<td width=\"109\">1.989.382<\/td>\n<\/tr>\n<tr>\n<td width=\"192\" height=\"22\">K+S<\/td>\n<td width=\"400\">Norbert\u00a0\u00a0 Steiner<\/td>\n<td width=\"109\">2.190.700<\/td>\n<\/tr>\n<tr>\n<td width=\"192\" height=\"22\">Merck*<\/td>\n<td width=\"400\">Dr.\u00a0\u00a0 Karl-Ludwig Kley<\/td>\n<td width=\"109\">n\/a<\/td>\n<\/tr>\n<tr>\n<td width=\"192\" height=\"22\">M\u00fcnchener R\u00fcck<\/td>\n<td width=\"400\">Dr.\u00a0\u00a0 Nikolaus von Bomhard<\/td>\n<td width=\"109\">5.997.478<\/td>\n<\/tr>\n<tr>\n<td width=\"192\" height=\"22\">RWE<\/td>\n<td width=\"400\">Peter\u00a0\u00a0 Terium<\/td>\n<td width=\"109\">3.272.000<\/td>\n<\/tr>\n<tr>\n<td width=\"192\" height=\"22\">Siemens<\/td>\n<td width=\"400\">Joe\u00a0\u00a0 Kaeser<\/td>\n<td width=\"109\">6.675.626<\/td>\n<\/tr>\n<tr>\n<td width=\"192\" height=\"22\">ThyssenKrupp<\/td>\n<td width=\"400\">Dr.\u00a0\u00a0 Heinrich Hiesinger<\/td>\n<td width=\"109\">5.181.000<\/td>\n<\/tr>\n<tr>\n<td width=\"192\" height=\"22\">Volkswagen<\/td>\n<td width=\"400\">Prof.\u00a0\u00a0 Dr. Dr. h.c. Martin Winterkorn<\/td>\n<td width=\"109\">15.861.478<\/td>\n<\/tr>\n<tr>\n<td width=\"192\" height=\"22\"><\/td>\n<td width=\"400\"><\/td>\n<td width=\"109\"><\/td>\n<\/tr>\n<tr>\n<td height=\"22\">Durchschnitt\u00a0\u00a0 Zufluss<\/td>\n<td><\/td>\n<td align=\"right\">5.816.324<\/td>\n<\/tr>\n<tr>\n<td width=\"192\" height=\"22\"><\/td>\n<td width=\"400\"><\/td>\n<td width=\"109\"><\/td>\n<\/tr>\n<tr>\n<td height=\"22\">nicht\u00a0\u00a0 ganzj\u00e4hrig:<\/td>\n<td width=\"400\"><\/td>\n<td width=\"109\"><\/td>\n<\/tr>\n<tr>\n<td width=\"192\" height=\"22\">Deutsche Lufthansa<\/td>\n<td width=\"400\">Carsten\u00a0\u00a0 Spohr (VV seit 01.05.2014)<\/td>\n<td width=\"109\">2.220.000<\/td>\n<\/tr>\n<tr>\n<td width=\"192\" height=\"22\">Deutsche Lufthansa<\/td>\n<td width=\"400\">Dr.\u00a0\u00a0 Christoph Franz (bis 30.04.2014)<\/td>\n<td width=\"109\">916.000<\/td>\n<\/tr>\n<tr>\n<td width=\"192\" height=\"22\">Linde<\/td>\n<td width=\"400\">Dr.\u00a0\u00a0 Wolfgang B\u00fcchele (seit 01.05.2014 (VV seit 20.05.2014))<\/td>\n<td width=\"109\">2.524.654<\/td>\n<\/tr>\n<tr>\n<td width=\"192\" height=\"22\">Linde<\/td>\n<td width=\"400\">Prof.\u00a0\u00a0 Dr. Wolfgang Reitzle (bis 20.05.2014)<\/td>\n<td width=\"109\">1.787.069<\/td>\n<\/tr>\n<tr>\n<td width=\"192\" height=\"22\"><\/td>\n<td width=\"400\"><\/td>\n<td width=\"109\"><\/td>\n<\/tr>\n<tr>\n<td height=\"22\"><\/td>\n<td width=\"400\"><\/td>\n<td width=\"109\"><\/td>\n<\/tr>\n<tr>\n<td width=\"192\" height=\"22\">Fu\u00dfnoten:<\/td>\n<td width=\"400\"><\/td>\n<td width=\"109\"><\/td>\n<\/tr>\n<tr>\n<td colspan=\"2\" width=\"592\" height=\"19\">&#8222;n\/a&#8220;: nicht bzw. nicht separat ausgewiesen<\/td>\n<td width=\"109\"><\/td>\n<\/tr>\n<tr>\n<td colspan=\"2\" width=\"592\" height=\"19\">&#8222;0&#8220;: Ausgewiesener Betrag gleich 0 bzw.\u00a0\u00a0 Verg\u00fctungselement nicht vorhanden<\/td>\n<td width=\"109\"><\/td>\n<\/tr>\n<tr>\n<td colspan=\"2\" width=\"592\" height=\"19\">Allianz: Mehrj\u00e4hrige variable Verg\u00fctung: Aus\u00fcbung aus SAR-Plan\u00a0\u00a0 2010 + Auszahlung aus RSU-Plan 2009<\/td>\n<td width=\"109\"><\/td>\n<\/tr>\n<tr>\n<td colspan=\"2\" width=\"592\" height=\"19\">BASF: Mehrj\u00e4hrige variable Verg\u00fctung: Zufluss aus LTI-Programm\u00a0\u00a0 2006 (2006-2014)<\/td>\n<td width=\"109\"><\/td>\n<\/tr>\n<tr>\n<td colspan=\"2\" width=\"592\" height=\"38\">Bayer: Mehrj\u00e4hrige variable Verg\u00fctung: Auszahlung aus\u00a0\u00a0 aufgeschobenem Betrag aus der einj\u00e4hrigen variablen Verg\u00fctung (virtuelle\u00a0\u00a0 Aktien) 2010 (01.01.2011-31.12.2013) + Auszahlung aus Aspire 2010\u00a0\u00a0 (01.01.2010-31.12.2013); bAV-Angaben gem\u00e4\u00df IFRS<\/td>\n<td width=\"109\"><\/td>\n<\/tr>\n<tr>\n<td colspan=\"2\" width=\"592\" height=\"19\">Beiersdorf: Mehrj\u00e4hrige variable Verg\u00fctung: Auszahlung aus\u00a0\u00a0 Mehrjahres-Bonus 2012; keine bAV-Zusage<\/td>\n<td width=\"109\"><\/td>\n<\/tr>\n<tr>\n<td colspan=\"2\" width=\"592\" height=\"19\">BMW: Kein Ausweis gem\u00e4\u00df DCGK-Tabellen<\/td>\n<td width=\"109\"><\/td>\n<\/tr>\n<tr>\n<td colspan=\"2\" width=\"592\" height=\"19\">Daimler: Mehrj\u00e4hrige variable Verg\u00fctung: Auszahlung Deferral aus\u00a0\u00a0 Jahresbonus 2012 + Auszahlung PPSP 2010 + Dividenden\u00e4quivalente PPSP\u00a0\u00a0 2011-2014<\/td>\n<td width=\"109\"><\/td>\n<\/tr>\n<tr>\n<td colspan=\"2\" width=\"592\" height=\"19\">Deutsche B\u00f6rse: Mehrj\u00e4hrige variable Verg\u00fctung: Zuflussbetrag\u00a0\u00a0 variable Barverg\u00fctung (Konzern-Jahres\u00fcberschuss-Ziel) + Zuflussbetrag ATP\u00a0\u00a0 2011<\/td>\n<td width=\"109\"><\/td>\n<\/tr>\n<tr>\n<td colspan=\"2\" width=\"592\" height=\"19\">Deutsche Lufthansa: Zufluss aus Dreij\u00e4hriger variabler Verg\u00fctung\u00a0\u00a0 + Auszahlung Optionsprogramm (nur Herr Spohr)<\/td>\n<td width=\"109\"><\/td>\n<\/tr>\n<tr>\n<td colspan=\"2\" width=\"592\" height=\"19\">Deutsche Post: Mehrj\u00e4hrige variable Verg\u00fctung: Verpflichtendes\u00a0\u00a0 Eigeninvestment in H\u00f6he von 10 % der Grundverg\u00fctung + Auszahlung\u00a0\u00a0 Mittelfristkomponente 2012 + Aus\u00fcbung aus LTIP-Tranche 2010<\/td>\n<td width=\"109\"><\/td>\n<\/tr>\n<tr>\n<td colspan=\"2\" width=\"592\" height=\"38\">Deutsche Telekom: Mehrj\u00e4hrige variable Verg\u00fctung: Investment in\u00a0\u00a0 Aktien von 1\/3 der einj\u00e4hrigen variablen Verg\u00fctung 2014 + Auszahlung aus\u00a0\u00a0 Variable II 2011 + nach deutschem Steuerrecht relevanter Zuflusswert im\u00a0\u00a0 Zeitpunkt der \u00dcbertragung der Matching Shares aus dem Share Matching Plan<\/td>\n<td width=\"109\"><\/td>\n<\/tr>\n<tr>\n<td colspan=\"2\" width=\"592\" height=\"19\">E.ON: Mehrj\u00e4hrige variable Verg\u00fctung: Endg\u00fcltige Abrechnung des\u00a0\u00a0 mehrj\u00e4hrigen Tantiemeanteils 2011 (Malus)<\/td>\n<td width=\"109\"><\/td>\n<\/tr>\n<tr>\n<td colspan=\"2\" width=\"592\" height=\"19\">Fresenius Medical Care: Mehrj\u00e4hrige variable Verg\u00fctung:\u00a0\u00a0 Auszahlung aus Share Based Award (Grant 2010); Quelle: SEC Filing;\u00a0\u00a0 Umrechnungskurs 2014 USD:EUR 0,7535<\/td>\n<td width=\"109\"><\/td>\n<\/tr>\n<tr>\n<td colspan=\"2\" width=\"592\" height=\"19\">Infineon: Mehrj\u00e4hrige variable Verg\u00fctung: MTI-Auszahlung f\u00fcr die\u00a0\u00a0 Tranche 2012 &#8211; 2014<\/td>\n<td width=\"109\"><\/td>\n<\/tr>\n<tr>\n<td colspan=\"2\" width=\"592\" height=\"19\">Linde: Mehrj\u00e4hrige variable Verg\u00fctung: Barverg\u00fctung 2014\u00a0\u00a0 langfristig (Aktienkaufverpflichtung)<\/td>\n<td width=\"109\"><\/td>\n<\/tr>\n<tr>\n<td colspan=\"2\" width=\"592\" height=\"19\">Merck: Kein Ausweis gem\u00e4\u00df DCGK-Tabellen<\/td>\n<td width=\"109\"><\/td>\n<\/tr>\n<tr>\n<td colspan=\"2\" width=\"592\" height=\"36\">M\u00fcnchener R\u00fcck: Mehrj\u00e4hrige variable Verg\u00fctung: Equity Deferral\u00a0\u00a0 i. H. v. 50 % des Netto-Bonus (Annahme: 50 % des Brutto-Bonus) + Auszahlung\u00a0\u00a0 aus Mehrjahres-Performance 2012-2014 + Erl\u00f6s aus Aus\u00fcbung Langfristiger\u00a0\u00a0 Incentive-Plan 2007<\/td>\n<td width=\"109\"><\/td>\n<\/tr>\n<tr>\n<td colspan=\"2\" width=\"592\" height=\"19\">Siemens: Mehrj\u00e4hrige variable Verg\u00fctung: Auszahlungen aus Stock\u00a0\u00a0 Awards 2010 &#8211; 2013 + Share Matching Plan 2011 &#8211; 2013; Sonstiges: Anpassung\u00a0\u00a0 Stock Awards 2010 aufgrund Abspaltung OSRAM<\/td>\n<td width=\"109\"><\/td>\n<\/tr>\n<tr>\n<td colspan=\"2\" width=\"592\" height=\"19\">ThyssenKrupp: Mehrj\u00e4hrige variable Verg\u00fctung: Auszahlung aus\u00a0\u00a0 Tantieme in Wertrechten 2010\/11 &#8211; 2013\/14 + Auszahlung aus Bonus in\u00a0\u00a0 Wertrechten 2010\/11 &#8211; 2013\/14<\/td>\n<td width=\"109\"><\/td>\n<\/tr>\n<tr>\n<td colspan=\"2\" width=\"592\" height=\"19\">Volkswagen: Mehrj\u00e4hrige variable Verg\u00fctung: Auszahlungsbetr\u00e4ge\u00a0\u00a0 aus Sonderverg\u00fctung und LTI<\/td>\n<td width=\"109\"><\/td>\n<\/tr>\n<\/tbody>\n<\/table>\n<p>in Euro.<\/p>\n<p>* 2014 kein Ausweis nach DCGK, nur nach HGB und damit nicht vergleichbar\u201c<\/p>\n","protected":false},"excerpt":{"rendered":"<p>Wieviel die DAX30-Vorstandschefs 2014 verdient haben, hat die Verg\u00fctungsberatung HKP zusammengetragen: Martin Winterkorn f\u00fchrt mit 15,8 Millionen Euro deutlich vor Daimler-Chef Dieter Zetsche mit 14,4 Millione &nbsp; Dax-30-Verg\u00fctungstabelle 2014 von HKP (auf Basis der Empfehlung des Deutschen Corporate Governance Kodex &hellip; <a href=\"https:\/\/blog.wiwo.de\/management\/2015\/03\/20\/was-die-dax-30-kapitane-verdienen-vw-chef-winterkorn-fuhrt-2\/\">Weiterlesen <span class=\"meta-nav\">&rarr;<\/span><\/a><\/p>\n","protected":false},"author":19,"featured_media":0,"comment_status":"open","ping_status":"open","sticky":false,"template":"","format":"standard","meta":{"footnotes":""},"categories":[1],"tags":[248,256,1575,1594,522,757,1118,4379,1146],"class_list":["post-656066","post","type-post","status-publish","format-standard","hentry","category-allgemein","tag-daimler","tag-dax30","tag-dieter-zetsche","tag-einkommen","tag-hkp","tag-martin-winterkorn","tag-vergutung","tag-vorstandsvorsitzende","tag-vw"],"_links":{"self":[{"href":"https:\/\/blog.wiwo.de\/management\/wp-json\/wp\/v2\/posts\/656066","targetHints":{"allow":["GET"]}}],"collection":[{"href":"https:\/\/blog.wiwo.de\/management\/wp-json\/wp\/v2\/posts"}],"about":[{"href":"https:\/\/blog.wiwo.de\/management\/wp-json\/wp\/v2\/types\/post"}],"author":[{"embeddable":true,"href":"https:\/\/blog.wiwo.de\/management\/wp-json\/wp\/v2\/users\/19"}],"replies":[{"embeddable":true,"href":"https:\/\/blog.wiwo.de\/management\/wp-json\/wp\/v2\/comments?post=656066"}],"version-history":[{"count":0,"href":"https:\/\/blog.wiwo.de\/management\/wp-json\/wp\/v2\/posts\/656066\/revisions"}],"wp:attachment":[{"href":"https:\/\/blog.wiwo.de\/management\/wp-json\/wp\/v2\/media?parent=656066"}],"wp:term":[{"taxonomy":"category","embeddable":true,"href":"https:\/\/blog.wiwo.de\/management\/wp-json\/wp\/v2\/categories?post=656066"},{"taxonomy":"post_tag","embeddable":true,"href":"https:\/\/blog.wiwo.de\/management\/wp-json\/wp\/v2\/tags?post=656066"}],"curies":[{"name":"wp","href":"https:\/\/api.w.org\/{rel}","templated":true}]}}