{"id":653776,"date":"2014-09-05T01:05:28","date_gmt":"2014-09-04T23:05:28","guid":{"rendered":"https:\/\/blog.wiwo.de\/management\/?p=653776"},"modified":"2014-09-05T01:05:28","modified_gmt":"2014-09-04T23:05:28","slug":"wiwo-fragebogen-phonak-chef-bennedik-liebt-den-wein-der-konige-riesling","status":"publish","type":"post","link":"https:\/\/blog.wiwo.de\/management\/2014\/09\/05\/wiwo-fragebogen-phonak-chef-bennedik-liebt-den-wein-der-konige-riesling\/","title":{"rendered":"WiWo-Fragebogen: Phonak-Chef Bennedik liebt den Wein der K\u00f6nige &#8211; Riesling"},"content":{"rendered":"<p><strong>Wolfgang Bennedik, Gesch\u00e4ftsf\u00fchrer des H\u00f6rger\u00e4te-Herstellers Phonak Deutschland, hat den WirtschaftsWoche-Fragebogen beantwortet:\u00a0<\/strong><\/p>\n<p>&nbsp;<\/p>\n<div id=\"attachment_653778\" style=\"width: 210px\" class=\"wp-caption aligncenter\"><img loading=\"lazy\" decoding=\"async\" aria-describedby=\"caption-attachment-653778\" class=\"size-medium wp-image-653778\" alt=\"Wolfgang Bennedik, Phonak\" src=\"https:\/\/blog.wiwo.de\/management\/files\/2014\/08\/Bennedik.Wolfgang_phonak_2-200x300.jpg\" width=\"200\" height=\"300\" srcset=\"https:\/\/blog.wiwo.de\/management\/files\/2014\/08\/Bennedik.Wolfgang_phonak_2-200x300.jpg 200w, https:\/\/blog.wiwo.de\/management\/files\/2014\/08\/Bennedik.Wolfgang_phonak_2.jpg 433w\" sizes=\"auto, (max-width: 200px) 100vw, 200px\" \/><p id=\"caption-attachment-653778\" class=\"wp-caption-text\">Wolfgang Bennedik, Gesch\u00e4ftsf\u00fchrer von Phonak Deutschland<\/p><\/div>\n<p>&nbsp;<\/p>\n<p><strong>Aktien oder Gold?<\/strong><\/p>\n<p>Alles hat seine Zeit.<\/p>\n<p>&nbsp;<\/p>\n<p><strong>iPhone oder Blackberry?<\/strong><\/p>\n<p>Mein iPhone ist mit seinen unschlagbaren Features mein st\u00e4ndiger Begleiter.<\/p>\n<p>&nbsp;<\/p>\n<p><strong>Cabrio oder SUV?<\/strong><\/p>\n<p>Cabrio f\u00fcr die Freizeit, SUV f\u00fcr berufliche Termine.<\/p>\n<p>&nbsp;<\/p>\n<p><strong>Apartment oder Villa?<\/strong><\/p>\n<p>Klein und zentral vs. gro\u00df und ruhig: Hat beides seinen Reiz.<\/p>\n<p>&nbsp;<\/p>\n<p><strong>Fitnessstudio\u00a0oder Waldlauf?<\/strong><\/p>\n<p>Eindeutig Waldlauf \u2013 Bewegung in der Natur ist ungeschlagen.<\/p>\n<p>&nbsp;<\/p>\n<p><strong>Buch oder DVD?<\/strong><\/p>\n<p>Buch. Am liebsten Krimis und Thriller.<\/p>\n<p>&nbsp;<\/p>\n<p><strong>Paris oder London?<\/strong><\/p>\n<p>Ganz klar Paris. Stadt der Liebe, gutes Essen, ausgezeichneter Wein.<\/p>\n<p>&nbsp;<\/p>\n<p><strong>Dusche oder Wanne?<\/strong><\/p>\n<p>Kommt auf den Anlass an.<\/p>\n<p>&nbsp;<\/p>\n<p><strong>Nass oder trocken rasieren?<\/strong><\/p>\n<p>Nass.<\/p>\n<p>&nbsp;<\/p>\n<p><strong>Ma\u00dfschuhe oder Sneakers?<\/strong><\/p>\n<p>Sneakers, so oft es geht.<\/p>\n<p>&nbsp;<\/p>\n<p><strong>Rotwein oder Wei\u00dfwein?<\/strong><\/p>\n<p>Wenn ich mich entscheiden muss, dann immer Riesling. Der K\u00f6nig der Weine, der Wein f\u00fcr K\u00f6nige.<\/p>\n<p>&nbsp;<\/p>\n<p><strong>Jazz oder Klassik?<\/strong><\/p>\n<p>Klassik, weil es wirklich entspannt.<\/p>\n<p>&nbsp;<\/p>\n<p><strong>Mountainbike oder Rennrad?<\/strong><\/p>\n<p>Mountainbike. Die Wege in der Natur sind sch\u00f6ner und spannender als neben den Autos auf Asphalt in die Pedale zu treten.<\/p>\n<p>&nbsp;<\/p>\n<p><strong>Berge oder Meer?<\/strong><\/p>\n<p>Beides hat seinen Charme, also stelle ich mir diese Frage stelle ich mir jedes Jahr aufs Neue zur Urlaubszeit.<\/p>\n<p>&nbsp;<\/p>\n<p><strong>Fenster- oder Gangplatz?<\/strong><\/p>\n<p>Immer Gang, damit ich die Beine ausstrecken kann.<\/p>\n<p>&nbsp;<\/p>\n<p><strong>Tee oder Kaffee?<\/strong><\/p>\n<p>Tee nur, wenn ich krank bin.<\/p>\n","protected":false},"excerpt":{"rendered":"<p>Wolfgang Bennedik, Gesch\u00e4ftsf\u00fchrer des H\u00f6rger\u00e4te-Herstellers Phonak Deutschland, hat den WirtschaftsWoche-Fragebogen beantwortet:\u00a0 &nbsp; &nbsp; Aktien oder Gold? Alles hat seine Zeit. &nbsp; iPhone oder Blackberry? Mein iPhone ist mit seinen unschlagbaren Features mein st\u00e4ndiger Begleiter. &nbsp; Cabrio oder SUV? Cabrio f\u00fcr &hellip; <a href=\"https:\/\/blog.wiwo.de\/management\/2014\/09\/05\/wiwo-fragebogen-phonak-chef-bennedik-liebt-den-wein-der-konige-riesling\/\">Weiterlesen <span class=\"meta-nav\">&rarr;<\/span><\/a><\/p>\n","protected":false},"author":19,"featured_media":0,"comment_status":"open","ping_status":"open","sticky":false,"template":"","format":"standard","meta":{"footnotes":""},"categories":[1],"tags":[3728,1770,3727],"class_list":["post-653776","post","type-post","status-publish","format-standard","hentry","category-allgemein","tag-phonak-deutschland","tag-wirtschaftswoche-fragebogen-alles-oder-nichts","tag-wolfgang-bennedik"],"_links":{"self":[{"href":"https:\/\/blog.wiwo.de\/management\/wp-json\/wp\/v2\/posts\/653776","targetHints":{"allow":["GET"]}}],"collection":[{"href":"https:\/\/blog.wiwo.de\/management\/wp-json\/wp\/v2\/posts"}],"about":[{"href":"https:\/\/blog.wiwo.de\/management\/wp-json\/wp\/v2\/types\/post"}],"author":[{"embeddable":true,"href":"https:\/\/blog.wiwo.de\/management\/wp-json\/wp\/v2\/users\/19"}],"replies":[{"embeddable":true,"href":"https:\/\/blog.wiwo.de\/management\/wp-json\/wp\/v2\/comments?post=653776"}],"version-history":[{"count":0,"href":"https:\/\/blog.wiwo.de\/management\/wp-json\/wp\/v2\/posts\/653776\/revisions"}],"wp:attachment":[{"href":"https:\/\/blog.wiwo.de\/management\/wp-json\/wp\/v2\/media?parent=653776"}],"wp:term":[{"taxonomy":"category","embeddable":true,"href":"https:\/\/blog.wiwo.de\/management\/wp-json\/wp\/v2\/categories?post=653776"},{"taxonomy":"post_tag","embeddable":true,"href":"https:\/\/blog.wiwo.de\/management\/wp-json\/wp\/v2\/tags?post=653776"}],"curies":[{"name":"wp","href":"https:\/\/api.w.org\/{rel}","templated":true}]}}