{"id":651933,"date":"2014-03-07T14:50:21","date_gmt":"2014-03-07T13:50:21","guid":{"rendered":"https:\/\/blog.wiwo.de\/management\/?p=651933"},"modified":"2014-03-09T17:10:53","modified_gmt":"2014-03-09T16:10:53","slug":"attacken-peinlichkeiten-und-umsatzfordernde-masnahmen-zum-weltfrauentag","status":"publish","type":"post","link":"https:\/\/blog.wiwo.de\/management\/2014\/03\/07\/attacken-peinlichkeiten-und-umsatzfordernde-masnahmen-zum-weltfrauentag\/","title":{"rendered":"Attacken, Peinlichkeiten und umsatzf\u00f6rdernde Ma\u00dfnahmen zum Weltfrauentag"},"content":{"rendered":"<div class=\"bdyItmPrt\" id=\"divBdy\">\n<div>\n<div>\n<div dir=\"ltr\">\n<div style=\"margin-top: 0;margin-bottom: 0\"><span style=\"font-family: Arial\">&#8222;Oberb\u00fcrgermeister Elbers er\u00f6ffnet Festakt zum Internationaler Frauentag. Anl\u00e4sslich des Internationalen Frauentags l\u00e4dt D\u00fcsseldorfs Oberb\u00fcrgermeister Dirk Elbers am Samstag, 8. M\u00e4rz, 17 Uhr, zu einem Festakt in den Plenarsaal des Rathauses, Marktplatz 2, mit anschlie\u00dfendem Empfang ein.&#8220; teilt der Pressedienst der Landeshauptstadt D\u00fcsseldorf heute mit. Einen Tag vorher ist vielleicht etwas knapp und auch ansonsten etwas zweckfrei die Einladung &#8211; so ohne einen Diskussionspunkt, eine kleine Ansprache mit der Erfolgsbilanz der Stadt oder \u00e4hnlichem &#8211; aber immerhin. <\/span><\/div>\n<div style=\"margin-top: 0;margin-bottom: 0\"><\/div>\n<div style=\"margin-top: 0;margin-bottom: 0\"><span style=\"font-family: Arial\">So also begeht D\u00fcsseldorf den Welt-Frauentag, die Stadt der die allermeisten Anl\u00e4sse hochwillkommen sind zum Feiern.<\/span><span style=\"font-family: Arial\"><br \/>\n<\/span><\/div>\n<div style=\"margin-top: 0;margin-bottom: 0\">.<\/div>\n<div style=\"margin-top: 0;margin-bottom: 0\">.<\/div>\n<div style=\"margin-top: 0;margin-bottom: 0\"><strong>Rosen im Lafayette Berlin<\/strong><\/div>\n<div style=\"margin-top: 0;margin-bottom: 0\"><\/div>\n<div style=\"margin-top: 0;margin-bottom: 0\"><span style=\"font-family: Arial\">Galeries Lafayette in Berlin hingegen &#8222;gratuliert zum Weltfrauentag&#8220; im Namen des Kosmetikproduzenten Lancome und Kunden, die morgen die Einladungsmail vorzeigen, bekommen bei Lancome ein Glas Champagner und eine Weltfrauentags-Rose&#8220;.<\/span><\/div>\n<div style=\"margin-top: 0;margin-bottom: 0\"><\/div>\n<div style=\"margin-top: 0;margin-bottom: 0\"><\/div>\n<div style=\"margin-top: 0;margin-bottom: 0\"><img loading=\"lazy\" decoding=\"async\" style=\"border-width: 0px\" alt=\"Rosen\" src=\"https:\/\/blog.wiwo.de\/management\/files\/2014\/03\/Rosen-300x224.jpg\" width=\"300\" height=\"224\" border=\"1\" \/><\/div>\n<div style=\"margin-top: 0;margin-bottom: 0\"><\/div>\n<div style=\"margin-top: 0;margin-bottom: 0\"><\/div>\n<div style=\"margin-top: 0;margin-bottom: 0\">.<\/div>\n<div style=\"margin-top: 0;margin-bottom: 0\"><span style=\"font-family: Arial\">Bei dieser Gelegenheit: Mal sehen, ob der gesch\u00e4tzte WiWo-Kollege Reinhold B\u00f6hmer auch dieses Jahr den weiblichen Kollegen die Treue h\u00e4lt und wieder eine Rose schenkt. <\/span><\/div>\n<div style=\"margin-top: 0;margin-bottom: 0\">.<\/div>\n<div style=\"margin-top: 0;margin-bottom: 0\">.<\/div>\n<div style=\"margin-top: 0;margin-bottom: 0\">\n<div id=\"attachment_651945\" style=\"width: 186px\" class=\"wp-caption alignright\"><img loading=\"lazy\" decoding=\"async\" aria-describedby=\"caption-attachment-651945\" class=\"size-medium wp-image-651945\" alt=\"Reinhold B\u00f6hmer, Wirtschaftswoche\" src=\"https:\/\/blog.wiwo.de\/management\/files\/2014\/03\/reinhold.b\u00f6hmer-176x300.jpg\" width=\"176\" height=\"300\" srcset=\"https:\/\/blog.wiwo.de\/management\/files\/2014\/03\/reinhold.b\u00f6hmer-176x300.jpg 176w, https:\/\/blog.wiwo.de\/management\/files\/2014\/03\/reinhold.b\u00f6hmer.jpg 273w\" sizes=\"auto, (max-width: 176px) 100vw, 176px\" \/><p id=\"caption-attachment-651945\" class=\"wp-caption-text\">Reinhold B\u00f6hmer, Wirtschaftswoche<\/p><\/div>\n<\/div>\n<div style=\"margin-top: 0;margin-bottom: 0\">.<\/div>\n<div style=\"margin-top: 0;margin-bottom: 0\"><span style=\"font-family: Arial\">Vielleicht Montag nachtr\u00e4glich? Ich werde twittern, wenn ja.<\/span><\/div>\n<div style=\"margin-top: 0;margin-bottom: 0\"><a title=\"Reinhold B\u00f6hmer Wirtschaftswoche-Redaktion\" href=\"http:\/\/www.wiwo.de\/reinhold-boehmer\/4625434.html\" target=\"_blank\">http:\/\/www.wiwo.de\/reinhold-boehmer\/4625434.html<\/a><\/div>\n<div style=\"margin-top: 0;margin-bottom: 0\">.<\/div>\n<div style=\"margin-top: 0;margin-bottom: 0\">.<\/div>\n<div style=\"margin-top: 0;margin-bottom: 0\"><\/div>\n<div style=\"margin-top: 0;margin-bottom: 0\"><\/div>\n<div style=\"margin-top: 0;margin-bottom: 0\"><strong>Umsatzf\u00f6rdernde Marketing-Massnahmen<\/strong><\/div>\n<div style=\"margin-top: 0;margin-bottom: 0\"><\/div>\n<div style=\"margin-top: 0;margin-bottom: 0\"><span style=\"font-family: Arial\">Die Industrie scheint den Weltfrauentag jedenfalls ansonsten noch ganz anders feiern zu wollen: Als eigenen Umsatzsteigerungstag auf Kosten der Frauen: Beautynet nutzt die Gelegenheit zum Werbemail mit zehn Prozent Rabatt morgen. Lidl offeriert Blumenstr\u00e4u\u00dfe ab ca. 20 Euro aufw\u00e4rts versandkostenfrei und steckt &#8222;Gratis-Pralinen zum Weltfrauentag&#8220; dazu.<\/span><\/div>\n<div style=\"margin-top: 0;margin-bottom: 0\">Parf\u00fcmeriefilialist Douglas will, wenn frau f\u00fcr mindestens 49 Euro online bei ihm bestellt, ihr daf\u00fcr im Gegenzug eine Creme-Probe von Shiseido mit sagenhaften 7ml schenken.<\/div>\n<div style=\"margin-top: 0;margin-bottom: 0\">.<\/div>\n<div style=\"margin-top: 0;margin-bottom: 0\">.<\/div>\n<div style=\"margin-top: 0;margin-bottom: 0\"><strong>Hay Group gibt\u00b4s den Frauen jetzt mal so richtig<\/strong><\/div>\n<div style=\"margin-top: 0;margin-bottom: 0\">.<\/div>\n<div style=\"margin-top: 0;margin-bottom: 0\"><\/div>\n<div style=\"margin-top: 0;margin-bottom: 0\"><span style=\"font-family: Arial\">Fettnapfverd\u00e4chtig ist jedoch diese Attacke aus dem Hause Hay Group, die Unternehmensberatung:<\/span><\/div>\n<div style=\"margin-top: 0;margin-bottom: 0\"><span style=\"font-family: Arial\">&#8222;Z<\/span><span style=\"font-family: Arial\">um morgigen Weltfrauentag am 8. M\u00e4rz 2014 r\u00e4umt die internationale Unternehmensberatung Hay Group r\u00e4umt mit zwei Mythen zu \u201eFrauen und Karriere\u201c auf.<\/span><\/div>\n<div style=\"margin: 0\"><span style=\"font-family: Arial\">Mythos 1: M\u00e4nner verdienen in gleichwertigen Jobs wesentlich mehr als Frauen<\/span><span style=\"font-family: Arial\"><br \/>\nMythos 2: Eine Frauenquote ist derzeit realisierbar.&#8220;<\/span><\/div>\n<div style=\"margin: 0\"><span style=\"font-family: Arial\"><br \/>\n<\/span><\/div>\n<div style=\"margin: 0\"><span style=\"font-family: Arial\">Vielen Dank auch, liebe Hay Group. Als Frau habe ich nun wirklich das Gef\u00fchl, hier gut beraten zu sein.<\/span><\/div>\n<div style=\"margin: 0\"><\/div>\n<div style=\"margin: 0\">.<\/div>\n<div style=\"margin: 0\">.<\/div>\n<div style=\"margin: 0\"><\/div>\n<div style=\"margin: 0\"><strong>Daimler wartet mit kleiner Erfolgsbilanz auf<\/strong><\/div>\n<div style=\"margin-top: 0;margin-bottom: 0\"><span style=\"font-family: Arial\">\u00a0<\/span><\/div>\n<div style=\"margin-top: 0;margin-bottom: 0\"><span style=\"font-family: Arial\">Da lob`ich mir Daimler mit dieser Meldung:<\/span><\/div>\n<div style=\"margin-top: 0;margin-bottom: 0\"><span style=\"font-family: Arial\">&#8222;Daimler ist es 2013 erneut gelungen, die selbst gesetzten Ziele bei der F\u00f6rderung von Frauen in F\u00fchrungspositionen zu erreichen. Der Anteil von Frauen bei den leitenden F\u00fchrungskr\u00e4ften betr\u00e4gt aktuell 13 Prozent. Bereits im Jahr 2006 hatte sich das Unternehmen das Ziel gesetzt, bis 2020 leitende F\u00fchrungspositionen zu 20 Prozent mit Frauen zu besetzen. Um das Ziel zu erreichen, muss der Anteil jedes Jahr um einen Prozentpunkt wachsen, was in den vergangenen acht Jahren kontinuierlich gelungen ist. \u201eDas Ziel ist klar \u2013 bis 2020 sollen 20 Prozent unserer leitenden F\u00fchrungskr\u00e4fte Frauen sein. Bei Daimler sind wir \u00fcberzeugt, dass mehr Vielfalt zu besseren Ergebnissen f\u00fchrt. Spitzenleistungen sind unabh\u00e4ngig von Geschlecht, Alter und Herkunft\u201c, sagte Wilfried Porth, Personalvorstand und Arbeits-direktor sowie Vorstand Mercedes-Benz Vans der Daimler AG.&#8220;<\/span><\/div>\n<div style=\"margin-top: 0;margin-bottom: 0\"><\/div>\n<div style=\"margin-top: 0;margin-bottom: 0\">.<\/div>\n<div style=\"margin-top: 0;margin-bottom: 0\"><span style=\"font-family: Arial\">Auch wenn ich mich wieder mal frage, warum die Stuttgarter ihre eigene freiwillige Selbstverpflichtung aus dem Jahre 2000 erst nach sechs Jahren begonnen haben, umzusetzen.<\/span><\/div>\n<div style=\"margin-top: 0;margin-bottom: 0\"><\/div>\n<div style=\"margin-top: 0;margin-bottom: 0\">.<\/div>\n<div style=\"margin-top: 0;margin-bottom: 0\">.<\/div>\n<div style=\"margin-top: 0;margin-bottom: 0\"><\/div>\n<div style=\"margin-top: 0;margin-bottom: 0\"><strong><span style=\"color: black\"><span style=\"font-family: Tahoma\">Besch\u00e4mende <\/span><\/span><span style=\"color: black\"><span style=\"font-family: Tahoma\">Frauen-Zahlen aus den Dax-Vorst\u00e4nden<\/span><\/span><\/strong><\/div>\n<div style=\"margin-top: 0;margin-bottom: 0\"><\/div>\n<div style=\"margin-top: 0;margin-bottom: 0\"><span style=\"font-family: Arial\">Gerade eben flattert noch die Kr\u00f6nung herein: Die Meldung von Fidar, der Vereinigung f\u00fcr Frauen in die Aufsichtsr\u00e4te, dass alle Bem\u00fchungen nach den aufgeregten Diskussionen um eine Frauenquote auch in Deutschland das Gegenteil von dem eingetreten ist, was etliche M\u00e4nner (und deren Ehefrauen am Herd oft auch) bef\u00fcrchteten. In den Vorst\u00e4nden der Dax-Unternehmen ist die Zahl der Frauen sogar r\u00fcckl\u00e4ufig.<\/span><\/div>\n<div style=\"margin-top: 0;margin-bottom: 0\"><span style=\"font-family: Arial\">Auch bei den F\u00fchrungspositionen stagniert der Frauenanteil.<\/span><\/div>\n<div style=\"margin-top: 0;margin-bottom: 0\"><\/div>\n<div style=\"margin-top: 0;margin-bottom: 0\">.<\/div>\n<div style=\"margin-top: 0;margin-bottom: 0\"><span style=\"font-family: Arial\">Nur bei den Nebenjobs in den Aufsichtsr\u00e4ten, wo sie als Kontrolleure ohnehin nicht in erster Reihe stehen und sch\u00f6n im Hintergrund bleiben und auch maximal einen Monat Zeit im Jahr aufwenden m\u00fcssen, ging es langsam und stetig voran. Das ist aber nicht so eine gro\u00dfe Kunst, denn Frauen wie die Bankerin Ann-Kathrin Achleitner oder die Allenberg-Marktforscherin Renate K\u00f6cher und Familienunternehmerin Nicola Leibinger-Kamm\u00fcller erledigen von diesen Nebenjobs ja auch gleich mehrere parallel &#8211; zu ihrem eigenen Fulltime-Job.<\/span><\/div>\n<div style=\"margin-top: 0;margin-bottom: 0\">.<\/div>\n<div style=\"margin-top: 0;margin-bottom: 0\">.<\/div>\n<div style=\"margin-top: 0;margin-bottom: 0\"><\/div>\n<div style=\"margin-top: 0;margin-bottom: 0\"><span style=\"font-family: Arial\">Fidar im Detail: &#8222;Seit Januar 2011 ist die Zahl der Frauen in den Aufsichtsr\u00e4ten der 160 DAX-Unternehmen zwar auf 17,2 Prozent (01\/2011: 10 Prozent) gestiegen, in den Vorst\u00e4nden auf sechs Prozent (01\/2011: drei Prozent). Doch lag 2013 der Zuwachs deutlich unter den Vorjahren und in den Vorst\u00e4nden ist der Frauenanteil sogar r\u00fcckl\u00e4ufig. Dies ergibt der heute ver\u00f6ffentlichte neue Women-on-Board-Index von FidAR (Stand 14.01.2014). Die Studie zum WoB-Index finden Sie hier: <\/span><a href=\"https:\/\/mailnew.vhb.de\/owa\/redir.aspx?C=75FLpIXrdU22X11gsBbrC8KwO8-bDdEIaRTaT2QcL50Al3jFc_h766_dkvDUWG5ALSrXh1qpgUA.&amp;URL=http%3a%2f%2fwww.fidar.de%2fwebmedia%2fdocuments%2fwob-index%2f140114_Studie_WoB-Index_XX_end.pdf\" target=\"_blank\"><span style=\"font-family: Arial\">http:\/\/www.fidar.de\/webmedia\/documents\/wob-index\/140114_Studie_WoB-Index_XX_end.pdf<\/span><\/a><span style=\"font-family: Arial\"><br \/>\n<\/span><\/div>\n<div style=\"margin-top: 0;margin-bottom: 0\"><\/div>\n<div style=\"margin-top: 0;margin-bottom: 0\">.<\/div>\n<div style=\"margin-top: 0;margin-bottom: 0\">.<\/div>\n<div style=\"margin-top: 0;margin-bottom: 0\"><span style=\"font-family: Arial\">Ich bin gespannt, was noch so alles an Kuriosem, Netten oder gar Erbaulichem kommt zum Weltfrauentag.<\/span><\/div>\n<\/div>\n<\/div>\n<\/div>\n<\/div>\n<p><span class=\"smarterwiki-popup-bubble smarterwiki-popup-bubble-active smarterwiki-popup-bubble-flipped\" style=\"margin-left: -54px\"><span class=\"smarterwiki-popup-bubble-body\"><span class=\"smarterwiki-popup-bubble-links-container\"><span class=\"smarterwiki-popup-bubble-links\"><span class=\"smarterwiki-popup-bubble-links-row\"><a class=\"smarterwiki-popup-bubble-link\" title=\"Search DuckDuckGo\" href=\"http:\/\/duckduckgo.com\/?q=Reinhold%20B%C3%B6hmer%2C%20Wirtschaftswoche&amp;t=ff\" target=\"_blank\"><img decoding=\"async\" class=\"smarterwiki-popup-bubble-link-favicon\" alt=\"\" src=\"https:\/\/ff.duckduckgo.com\/favicon.ico\" \/><\/a>&lt;a class=&#8220;smarterwiki-popup-bubble-link&#8220; title=&#8220;Search Wikipedia&#8220; hre<\/span><\/span><\/span><\/span><\/span><\/p>\n","protected":false},"excerpt":{"rendered":"<p>&#8222;Oberb\u00fcrgermeister Elbers er\u00f6ffnet Festakt zum Internationaler Frauentag. Anl\u00e4sslich des Internationalen Frauentags l\u00e4dt D\u00fcsseldorfs Oberb\u00fcrgermeister Dirk Elbers am Samstag, 8. M\u00e4rz, 17 Uhr, zu einem Festakt in den Plenarsaal des Rathauses, Marktplatz 2, mit anschlie\u00dfendem Empfang ein.&#8220; teilt der Pressedienst der &hellip; <a href=\"https:\/\/blog.wiwo.de\/management\/2014\/03\/07\/attacken-peinlichkeiten-und-umsatzfordernde-masnahmen-zum-weltfrauentag\/\">Weiterlesen <span class=\"meta-nav\">&rarr;<\/span><\/a><\/p>\n","protected":false},"author":19,"featured_media":0,"comment_status":"closed","ping_status":"closed","sticky":false,"template":"","format":"standard","meta":{"footnotes":""},"categories":[1],"tags":[3182,248,298,3174,506,3175,3176,3173,3177,3172],"class_list":["post-651933","post","type-post","status-publish","format-standard","hentry","category-allgemein","tag-bautynet","tag-daimler","tag-douglas","tag-galeries-lafayette","tag-hay-group","tag-lancome","tag-landeshauptstadt-dusseldorf","tag-lidl","tag-oberburgermeister-dirk-elbers","tag-weltfrauentag-2014"],"_links":{"self":[{"href":"https:\/\/blog.wiwo.de\/management\/wp-json\/wp\/v2\/posts\/651933","targetHints":{"allow":["GET"]}}],"collection":[{"href":"https:\/\/blog.wiwo.de\/management\/wp-json\/wp\/v2\/posts"}],"about":[{"href":"https:\/\/blog.wiwo.de\/management\/wp-json\/wp\/v2\/types\/post"}],"author":[{"embeddable":true,"href":"https:\/\/blog.wiwo.de\/management\/wp-json\/wp\/v2\/users\/19"}],"replies":[{"embeddable":true,"href":"https:\/\/blog.wiwo.de\/management\/wp-json\/wp\/v2\/comments?post=651933"}],"version-history":[{"count":0,"href":"https:\/\/blog.wiwo.de\/management\/wp-json\/wp\/v2\/posts\/651933\/revisions"}],"wp:attachment":[{"href":"https:\/\/blog.wiwo.de\/management\/wp-json\/wp\/v2\/media?parent=651933"}],"wp:term":[{"taxonomy":"category","embeddable":true,"href":"https:\/\/blog.wiwo.de\/management\/wp-json\/wp\/v2\/categories?post=651933"},{"taxonomy":"post_tag","embeddable":true,"href":"https:\/\/blog.wiwo.de\/management\/wp-json\/wp\/v2\/tags?post=651933"}],"curies":[{"name":"wp","href":"https:\/\/api.w.org\/{rel}","templated":true}]}}