{"id":651915,"date":"2014-03-24T17:09:54","date_gmt":"2014-03-24T16:09:54","guid":{"rendered":"https:\/\/blog.wiwo.de\/management\/?p=651915"},"modified":"2014-03-24T17:09:54","modified_gmt":"2014-03-24T16:09:54","slug":"wer-kommt-wer-geht-stuhlerucken-bei-den-dax-unternehmen","status":"publish","type":"post","link":"https:\/\/blog.wiwo.de\/management\/2014\/03\/24\/wer-kommt-wer-geht-stuhlerucken-bei-den-dax-unternehmen\/","title":{"rendered":"&#8222;Wer kommt, wer geht ?&#8220; &#8211; St\u00fchler\u00fccken bei den Dax-Unternehmen"},"content":{"rendered":"<p><strong><em>Dax 30, MDax, TecDax und SDax<\/em>: Bei den gro\u00dfen b\u00f6rsennotierten Unternehmen stehen etliche Personalien an. Wer nach dem St\u00fchler\u00fccken die Macht im Konzern hat &#8211; und wer an der Spitze bleibt, hat Kienbaum exklusiv f\u00fcr die Wirtschaftswoche ermittelt.<\/strong><\/p>\n<dl class=\"wp-caption alignleft\" id=\"attachment_650697\" style=\"width: 140px\">\n<dt class=\"wp-caption-dt\"><img loading=\"lazy\" decoding=\"async\" class=\"size-full wp-image-650697\" alt=\"Stefan Fischhuber, Headhunter und Gesch\u00e4ftsf\u00fchrer bei Kienbaum Executive Consultants\" src=\"https:\/\/blog.wiwo.de\/management\/files\/2013\/10\/Fischhuber_130x190.jpg\" width=\"130\" height=\"190\" \/><\/dt>\n<dd class=\"wp-caption-dd\">Stefan Fischhuber, Headhunter und Gesch\u00e4ftsf\u00fchrer bei Kienbaum Executive Consultants<\/dd>\n<\/dl>\n<p><strong>Stefan Fischhuber, Personalexperte und Partner bei Kienbaum Executive Consultants, analysiert die Wechsel in den Vorstandsetage der Dax-30 in diesem Jahr:<\/strong><\/p>\n<p><i>&#8222;Von den Vorst\u00e4nden, deren Vertrag 2013\/2014 endet, ver\u00e4ndert sich knapp die H\u00e4lfte, w\u00e4hrend\u00a0die andere H\u00e4lfte ihren Vertrag verl\u00e4ngert. Bei den 61 untersuchten Vorstandspositionen r\u00e4umen 19 ihren Posten, sechs treten neu in den jeweiligen Vorstand ein und vier steigen innerhalb des Unternehmens auf. <\/i><\/p>\n<p><i>Auffallend ist, dass nur zwei von 61 Vorst\u00e4nden bei\u00a0der Erhebung Frauen\u00a0sind: End eine der beiden Damen wird auch noch in 2014 aussteigen, die andere verl\u00e4ngert &#8211; Neuzug\u00e4nge? Frauenoffensive nach Frauenqutendiskussionen? Fehlanzeige.<\/i><\/p>\n<p>&nbsp;<\/p>\n<p><strong>Hier geht\u00b4s zur WiWo-Bildergalerie:<\/strong><\/p>\n<p><a href=\"http:\/\/www.wiwo.de\/erfolg\/management\/dax-30-mdax-tecdax-und-sdax-wer-kommt-wer-geht\/9650900.html\">http:\/\/www.wiwo.de\/erfolg\/management\/dax-30-mdax-tecdax-und-sdax-wer-kommt-wer-geht\/9650900.html<\/a><\/p>\n<p>&nbsp;<\/p>\n<table width=\"977\" border=\"0\" cellspacing=\"0\" cellpadding=\"0\">\n<col width=\"142\" \/>\n<col width=\"20\" \/>\n<col width=\"337\" \/>\n<col width=\"318\" \/>\n<col span=\"2\" width=\"80\" \/>\n<tbody>\n<tr>\n<td width=\"142\" height=\"25\"><strong>DAX 30<\/strong><\/td>\n<td width=\"20\"><\/td>\n<td width=\"337\"><\/td>\n<td width=\"318\"><\/td>\n<td width=\"80\"><\/td>\n<td width=\"80\"><\/td>\n<\/tr>\n<tr>\n<td height=\"22\"><\/td>\n<td><\/td>\n<td><\/td>\n<td><\/td>\n<td><\/td>\n<td><\/td>\n<\/tr>\n<tr>\n<td height=\"22\"><strong>COMMERZBANK<\/strong><\/td>\n<td><\/td>\n<td><\/td>\n<td><\/td>\n<td><\/td>\n<td><\/td>\n<\/tr>\n<tr>\n<td height=\"22\">Jochen Kl\u00f6sges<\/td>\n<td align=\"right\">49<\/td>\n<td>Asset-Based-Finance-Vorstand<\/td>\n<td>bis 31. Dezember 2013<\/td>\n<td><\/td>\n<td><\/td>\n<\/tr>\n<tr>\n<td colspan=\"6\" width=\"977\" height=\"67\">Wechselt laut &#8222;Manager Magazin Online&#8220; zur Hamburger \u00a0 Reedereigruppe E.R. Capital Holding, wo er einen Vertrag mit einer Laufzeit \u00a0 von mindestens f\u00fcnf Jahren erhalten soll. Am 1. April 2014 tritt der \u00a0 bisherige Bankmanager in den Vorstand des Schifffahrtsunternehmen ein. Am 1. \u00a0 Juli 2014 soll er dann vom bisherigen Chef Nicholas Teller (54) die Position \u00a0 des Chief Operating Officer \u00fcbernehmen. (06.11.2013)<\/td>\n<\/tr>\n<tr>\n<td height=\"22\"><\/td>\n<td><\/td>\n<td><\/td>\n<td><\/td>\n<td><\/td>\n<td><\/td>\n<\/tr>\n<tr>\n<td height=\"22\">Ulrich Sieber<\/td>\n<td align=\"right\">47<\/td>\n<td>Personalvorstand<\/td>\n<td>bis 31. Dezember 2013<\/td>\n<td><\/td>\n<td><\/td>\n<\/tr>\n<tr>\n<td colspan=\"6\" width=\"977\" height=\"45\">Wurde aus dem Vorstand entlassen, obwohl er sich bis zuletzt \u00a0 gegen die Entscheidung wehrte. Der Vorstand soll verkleinert werden &#8211; ein \u00a0 Vorhaben, das intern einen Machtkampf ausl\u00f6ste.<\/td>\n<\/tr>\n<tr>\n<td height=\"22\"><\/td>\n<td><\/td>\n<td><\/td>\n<td><\/td>\n<td><\/td>\n<td><strong>\u00a0<\/strong><\/td>\n<\/tr>\n<tr>\n<td height=\"22\"><strong>Continental<\/strong><\/td>\n<td><\/td>\n<td><\/td>\n<td><\/td>\n<td><\/td>\n<td><\/td>\n<\/tr>\n<tr>\n<td height=\"22\">Elmar Degenhart<\/td>\n<td align=\"right\">54<\/td>\n<td>Vorstandsvorsitzender<\/td>\n<td>bis August 2014, verl\u00e4ngert bis August 2019<\/td>\n<td><\/td>\n<td><\/td>\n<\/tr>\n<tr>\n<td colspan=\"6\" width=\"977\" height=\"48\">Laut \u00a0 &#8222;Handelsblatt&#8220; w\u00fcrdigte Aufsichtsratschef Wolfgang Reitzle bei der \u00a0 Wiederwahl Degenharts seine Rolle beim Wiedereinstieg von Continental in den \u00a0 DAX30 sowie bei der Entwicklung des Unternehmens zu einem innovativen \u00a0 Technologie-Zulieferer.<span> (25.09.2013)<\/span><\/td>\n<\/tr>\n<tr>\n<td height=\"22\"><\/td>\n<td><\/td>\n<td><\/td>\n<td><\/td>\n<td><\/td>\n<td><\/td>\n<\/tr>\n<tr>\n<td height=\"22\"><strong>Deutsche Bank<\/strong><\/td>\n<td><\/td>\n<td><\/td>\n<td><\/td>\n<td><\/td>\n<td><\/td>\n<\/tr>\n<tr>\n<td height=\"22\">Stefan Krause<\/td>\n<td align=\"right\">51<\/td>\n<td>Finanzvorstand<\/td>\n<td>bis 2013, verl\u00e4ngert bis 2018<\/td>\n<td><\/td>\n<td><\/td>\n<\/tr>\n<tr>\n<td colspan=\"6\" width=\"977\" height=\"22\">Der \u00a0 Vetrag von Herrn Krause wurde turnusgem\u00e4\u00df um f\u00fcnf weitere Jahre verl\u00e4ngert<\/td>\n<\/tr>\n<tr>\n<td colspan=\"6\" height=\"22\"><\/td>\n<\/tr>\n<tr>\n<td height=\"22\">J\u00fcrgen Fitschen<\/td>\n<td align=\"right\">65<\/td>\n<td>Co-Vorstandsvorsitzender<\/td>\n<td>bis 2015, verl\u00e4ngert bis M\u00e4rz 2017<\/td>\n<td><\/td>\n<td><\/td>\n<\/tr>\n<tr>\n<td colspan=\"6\" width=\"977\" height=\"69\">Wie Paul Achleitner, Aufsichtsratsvorsitzender der Deutschen \u00a0 Bank, erkl\u00e4rte ,m\u00f6chte Herr Fitschen seine partnerschaftliche Zusammenarbeit \u00a0 mit Anshu Jain auch in den kommenden Jahren f\u00fcr die Deutsche Bank fortsetzen. \u00a0 Beide Vorst\u00e4nde h\u00e4tten in den vergangenen Jahren mit zahlreichen \u00a0 unternehmerischen Entscheidungen die Deutsche Bank in die richtige Richtung \u00a0 gebracht. Aus diesem Grund habe der Aufsichtsrat Herrn Fitschens Wunsch \u00a0 entsprochen. (Deutsche Bank Medien, 29.10.2013)<\/td>\n<\/tr>\n<tr>\n<td height=\"22\"><\/td>\n<td><\/td>\n<td><\/td>\n<td><\/td>\n<td><\/td>\n<td><\/td>\n<\/tr>\n<tr>\n<td height=\"22\"><strong>Deutsche B\u00f6rse<\/strong><\/td>\n<td><\/td>\n<td><\/td>\n<td><\/td>\n<td><\/td>\n<td><\/td>\n<\/tr>\n<tr>\n<td height=\"22\">Andreas Preu\u00df<\/td>\n<td align=\"right\">57<\/td>\n<td>stv. Vorstandsvorsitzender, Derivates &amp; Market Data<\/td>\n<td>bis M\u00e4rz 2014, verl\u00e4ngert bis April 2017<\/td>\n<td><\/td>\n<td><\/td>\n<\/tr>\n<tr>\n<td colspan=\"6\" width=\"977\" height=\"25\">Im April 2006 ist Preu\u00df zur Deutschen B\u00f6rse zur\u00fcckgekehrt. \u00a0 Seither ist er Mitglied des Vorstands. Im Juni 2008 wurde er zum \u00a0 stellvertretenden Vorstandschef bestellt.<\/td>\n<\/tr>\n<tr>\n<td width=\"142\" height=\"21\"><\/td>\n<td width=\"20\"><\/td>\n<td width=\"337\"><\/td>\n<td width=\"318\"><\/td>\n<td width=\"80\"><\/td>\n<td width=\"80\"><\/td>\n<\/tr>\n<tr>\n<td height=\"22\"><strong>Deutsche Lufthansa<\/strong><\/td>\n<td><strong>\u00a0<\/strong><\/td>\n<td><\/td>\n<td><\/td>\n<td><\/td>\n<td><\/td>\n<\/tr>\n<tr>\n<td height=\"22\">Christoph Franz<\/td>\n<td align=\"right\">53<\/td>\n<td>Vorstandsvorsitzender<\/td>\n<td>bis sp\u00e4testens Mai 2014<\/td>\n<td><\/td>\n<td><\/td>\n<\/tr>\n<tr>\n<td colspan=\"6\" width=\"977\" height=\"65\">Herr Franz wechselt zum Schweizer Pharamakonzern Roche. Zwar ist \u00a0 noch kein offizieller Nachfolger f\u00fcr den Posten bekannt gegeben, \u00a0 Medienberichten zufolge steht der Favorit auf den Posten, Carsten Spohr, \u00a0 jedoch schon lange fest. (Focus Online, 17.01.2014) Zus\u00e4tzlich meldete die \u00a0 Rheinische Post jedoch erst k\u00fcrzlich, dass auch Ex-Telekom Chef Ren\u00e9 Obermann \u00a0 nun als m\u00f6glicher Kandidat gehandelt wird (29.01.2014)<\/td>\n<\/tr>\n<tr>\n<td height=\"22\"><\/td>\n<td><\/td>\n<td><\/td>\n<td><\/td>\n<td><\/td>\n<td><\/td>\n<\/tr>\n<tr>\n<td height=\"22\"><strong>Deutsche Post<\/strong><\/td>\n<td><\/td>\n<td><\/td>\n<td><\/td>\n<td><\/td>\n<td><\/td>\n<\/tr>\n<tr>\n<td height=\"22\">Roger A. Crook<\/td>\n<td align=\"right\">56<\/td>\n<td>Frachtvorstand<\/td>\n<td>bis M\u00e4rz 2014, verl\u00e4ngert bis M\u00e4rz 2019<\/td>\n<td><\/td>\n<td><\/td>\n<\/tr>\n<tr>\n<td colspan=\"6\" width=\"977\" height=\"22\">Der \u00a0 Vertrag von Roger Crook wurde fr\u00fchzeitig um f\u00fcnf weitere Jahre verl\u00e4ngert.<\/td>\n<\/tr>\n<tr>\n<td height=\"22\"><\/td>\n<td><\/td>\n<td><\/td>\n<td><\/td>\n<td><\/td>\n<td><\/td>\n<\/tr>\n<tr>\n<td height=\"22\"><strong>Deutsche Telekom<\/strong><\/td>\n<td><\/td>\n<td><\/td>\n<td><\/td>\n<td><\/td>\n<td><\/td>\n<\/tr>\n<tr>\n<td height=\"22\">Ren\u00e9 Obermann<\/td>\n<td align=\"right\">50<\/td>\n<td>Vorsitzender des Vorstands<\/td>\n<td>bis 31.12.2013<\/td>\n<td><\/td>\n<td><\/td>\n<\/tr>\n<tr>\n<td colspan=\"6\" width=\"977\" height=\"91\">Nach Informationen der &#8222;Tagesschau&#8220; leitet Obermann \u00a0 seit Anfang 2013 den niederl\u00e4ndischen Kabelnetzbetreiber Ziggo. Herr Obermann \u00a0 begr\u00fcndete den Tausch seiner F\u00fchrungsposition bei einem Konzern mit 230.000 \u00a0 Mitarbeitern gegen den Chefsessel bei einem wesentlich kleineren Unternehmen \u00a0 wie folgt: &#8222;Ich will wieder mehr Zeit f\u00fcr Kunden, Produktentwicklung und \u00a0 Technik haben&#8220;. (Tagesschau.de, 31.12.2013) Nach aktuellen Informationen \u00a0 verl\u00e4sst Obermann Ziggo jedoch in K\u00fcrze bereits wieder. Das Unternehmen wird \u00a0 von einem US-Konzern aufgekauft und Obermann geht samt einer \u00a0 Millionen-Abfindung.<\/td>\n<\/tr>\n<tr>\n<td height=\"22\"><\/td>\n<td><\/td>\n<td><\/td>\n<td><\/td>\n<td><\/td>\n<td><\/td>\n<\/tr>\n<tr>\n<td height=\"22\">Timotheus H\u00f6ttges<\/td>\n<td align=\"right\">51<\/td>\n<td>Vorstand Finanzen<\/td>\n<td>ab 01.01.2014 Vorsitzender des Vorstands<\/td>\n<td><\/td>\n<td><\/td>\n<\/tr>\n<tr>\n<td colspan=\"6\" width=\"977\" height=\"45\">Herr H\u00f6ttges arbeitet seit 2000 f\u00fcr die Telekom &#8211; zun\u00e4chst bei \u00a0 der Mobilfunktochter T-Mobile, dann unter anderem als Vorstand f\u00fcr das \u00a0 deutsche Festnetzgesch\u00e4ft und seit M\u00e4rz 2009 als Finanzvorstand. Nun trat er \u00a0 die Nachfolge von Ren\u00e9 Obermann an. (ntv.de, 01.01.2014)<\/td>\n<\/tr>\n<tr>\n<td height=\"22\"><\/td>\n<td><\/td>\n<td><\/td>\n<td><\/td>\n<td><\/td>\n<td><\/td>\n<\/tr>\n<tr>\n<td height=\"22\">Thomas Dannefeldt<\/td>\n<td align=\"right\">47<\/td>\n<td>Vorstand Finanzen<\/td>\n<td>ab 01.01.2014<\/td>\n<td><\/td>\n<td><\/td>\n<\/tr>\n<tr>\n<td colspan=\"6\" width=\"977\" height=\"94\">Laut \u00a0 &#8222;Handelsblatt&#8220; leitet Herr Dannefeldt seit drei Jahren das \u00a0 Finanzressort der Deutschlandsparte. \u201eEr geh\u00f6rt seit fast 20 Jahren zum \u00a0 Konzern und kennt das Unternehmen und die Branche wie kaum ein anderer, was \u00a0 gerade f\u00fcr seine neue T\u00e4tigkeit von ganz entscheidender Bedeutung ist\u201c, so \u00a0 Ren\u00e9 Obermann \u00fcber den k\u00fcnftigen Finanzchef. Dannenfeldt startete seine \u00a0 Karriere 1992 bei der Telekom-Mobilfunktochter T-Mobile. Danach \u00fcbernahm er \u00a0 verschiedene F\u00fchrungsaufgaben sowohl in Deutschland als auch im Ausland. \u00a0 (15.05.2013)<\/td>\n<\/tr>\n<tr>\n<td height=\"22\"><\/td>\n<td><\/td>\n<td><\/td>\n<td><\/td>\n<td><\/td>\n<td><\/td>\n<\/tr>\n<tr>\n<td height=\"22\"><strong>E.on<\/strong><\/td>\n<td><\/td>\n<td><\/td>\n<td><\/td>\n<td><\/td>\n<td><\/td>\n<\/tr>\n<tr>\n<td height=\"22\">Johannes Teyssen<\/td>\n<td align=\"right\">54<\/td>\n<td>Vorstandsvorsitzender<\/td>\n<td>bis 2013, verl\u00e4ngert bis 2018<\/td>\n<td><\/td>\n<td><\/td>\n<\/tr>\n<tr>\n<td colspan=\"6\" width=\"977\" height=\"97\">Der Manager ist seit Mai 2010 an der Spitze des Konzerns. \u00a0 Teyssens bisherige Amtszeit bei E.on war gepr\u00e4gt durch finanzielle \u00a0 Belastungen, entstanden im Zuge der &#8222;Einkaufstour&#8220; seines \u00a0 Vorg\u00e4ngers Wulf Bernotat, durch Ver\u00e4nderungen im Markt aufgrund der \u00a0 Energiewende und des Atomausstiegs sowie den Streit um den Stellenabbau. Der \u00a0 Manager hatte nach seinem Amtsantritt begonnen, den angeschlagenen \u00a0 E.on-Konzern umzubauen. Er verkaufte in den vergangenen Jahren Beteiligungen \u00a0 im Milliardenwert und leitete den Abbau von bis zu 11.000 Jobs ein. (Spiegel \u00a0 Online, 13.03.2013)<\/td>\n<\/tr>\n<tr>\n<td width=\"142\" height=\"20\"><\/td>\n<td width=\"20\"><\/td>\n<td width=\"337\"><\/td>\n<td width=\"318\"><\/td>\n<td width=\"80\"><\/td>\n<td width=\"80\"><\/td>\n<\/tr>\n<tr>\n<td height=\"22\">J\u00f8rgen Kildahl<\/td>\n<td align=\"right\">52<\/td>\n<td>Produktionsvorstand<\/td>\n<td>bis 2013, verl\u00e4ngert bis 2018<\/td>\n<td><\/td>\n<td><\/td>\n<\/tr>\n<tr>\n<td colspan=\"6\" height=\"22\">Der Vertrag von \u00a0 Herrn Kildahl wurde turnusgem\u00e4\u00df um 5 Jahre verl\u00e4ngert. (E.on Pressemitteilung \u00a0 vom 12.03.2013)<\/td>\n<\/tr>\n<tr>\n<td height=\"22\"><\/td>\n<td><\/td>\n<td><\/td>\n<td><\/td>\n<td><\/td>\n<td><\/td>\n<\/tr>\n<tr>\n<td height=\"22\">Bernhard Reutersberg<\/td>\n<td align=\"right\">59<\/td>\n<td>Vertriebsvorstand<\/td>\n<td>bis 2013, verl\u00e4ngert bis 2016<\/td>\n<td><\/td>\n<td><\/td>\n<\/tr>\n<tr>\n<td colspan=\"6\" width=\"977\" height=\"47\">Das Mandat von Bernhard Reutersberg wurde, wie bei E.ON \u00fcblich, \u00a0 vorerst bis zur Vollendung des 62. Lebensjahres im Februar 2016 \u00a0 erneuert.\u00a0 (E.on Pressemitteilung vom \u00a0 12.03.2013)<\/td>\n<\/tr>\n<tr>\n<td width=\"142\" height=\"47\"><\/td>\n<td width=\"20\"><\/td>\n<td width=\"337\"><\/td>\n<td width=\"318\"><\/td>\n<td width=\"80\"><\/td>\n<td width=\"80\"><\/td>\n<\/tr>\n<tr>\n<td height=\"22\"><\/td>\n<td><\/td>\n<td><\/td>\n<td><\/td>\n<td><\/td>\n<td><\/td>\n<\/tr>\n<tr>\n<td height=\"22\"><strong>LINDE<\/strong><\/td>\n<td><\/td>\n<td><\/td>\n<td><\/td>\n<td><\/td>\n<td><\/td>\n<\/tr>\n<tr>\n<td height=\"22\">Sanjiv Lamba<\/td>\n<td align=\"right\">49<\/td>\n<td>Vorstand Asien\/Pazifik\/asiatische Joint Ventures\/Electronics<\/td>\n<td>bis 2014, verl\u00e4ngert bis Mai 2019<\/td>\n<td><\/td>\n<td><\/td>\n<\/tr>\n<tr>\n<td colspan=\"6\" width=\"977\" height=\"47\">Herr Lamba ist seit M\u00e4rz 2011 Mitglied des Vorstands der Linde \u00a0 AG. Er verantwortet das Gasgesch\u00e4ft des Unternehmens in Greater China, in \u00a0 S\u00fcd- und Ostasien sowie in der Region S\u00fcdpazifik. Dar\u00fcber hinaus ist Lamba \u00a0 f\u00fcr die asiatischen Joint Ventures und f\u00fcr den Produktbereich Elektronikgase \u00a0 zust\u00e4ndig.<\/td>\n<\/tr>\n<tr>\n<td height=\"22\"><\/td>\n<td><\/td>\n<td><\/td>\n<td><\/td>\n<td><\/td>\n<td><\/td>\n<\/tr>\n<tr>\n<td height=\"22\">Wolfgang Reitzle<\/td>\n<td align=\"right\">64<\/td>\n<td>Vorstandsvorsitzender<\/td>\n<td>bis Mai 2014<\/td>\n<td><\/td>\n<td><\/td>\n<\/tr>\n<tr>\n<td height=\"22\">Wolfgang B\u00fcchele<\/td>\n<td align=\"right\">54<\/td>\n<td>Vorstandsvorsitzender<\/td>\n<td>ab Mai 2014<\/td>\n<td><\/td>\n<td><\/td>\n<\/tr>\n<tr>\n<td colspan=\"6\" width=\"977\" height=\"48\">Herr \u00a0 B\u00fcchele wird das Amt des Vorsitzenden des Vorstands mit Ablauf der \u00a0 Hauptversammlung am 20. Mai 2014 von Prof. Dr.-Ing. Wolfgang Reitzle \u00a0 \u00fcbernehmen, dessen Vertrag zu diesem Zeitpunkt mit Erreichen der Altersgrenze \u00a0 endet. (DGAP, 27.09.2013)<\/td>\n<\/tr>\n<tr>\n<td height=\"22\"><\/td>\n<td><\/td>\n<td><\/td>\n<td><\/td>\n<td><\/td>\n<td><\/td>\n<\/tr>\n<tr>\n<td height=\"22\"><strong>M\u00dcNCHENER R\u00dcCK<\/strong><\/td>\n<td><\/td>\n<td><\/td>\n<td><\/td>\n<td><\/td>\n<td><\/td>\n<\/tr>\n<tr>\n<td height=\"22\">Wolfgang Strassl<\/td>\n<td align=\"right\">57<\/td>\n<td>Vorstand Krankenversicherung\/Personal<\/td>\n<td>bis Dezember 2013<\/td>\n<td><\/td>\n<td><\/td>\n<\/tr>\n<tr>\n<td colspan=\"6\" width=\"977\" height=\"67\">Laut Informationen der &#8222;B\u00f6rsen Zeitung&#8220; hat der \u00a0 Aufsichtsrat der M\u00fcnchener R\u00fcck auch auf Vorstandsebene personelle \u00a0 Konsequenzen aus dem Desaster der US-Krankenversicherungstochter Windsor \u00a0 Health gezogen. Das Kontrollgremium beschloss, den zum Jahresende 2013 \u00a0 auslaufenden Vertrag von Wolfgang Strassl nicht mehr zu verl\u00e4ngern. \u00a0 (13.03.2013)<\/td>\n<\/tr>\n<tr>\n<td height=\"22\"><\/td>\n<td><\/td>\n<td><\/td>\n<td><\/td>\n<td><\/td>\n<td><\/td>\n<\/tr>\n<tr>\n<td height=\"22\"><strong>RWE<\/strong><\/td>\n<td><\/td>\n<td><\/td>\n<td><\/td>\n<td><\/td>\n<td><\/td>\n<\/tr>\n<tr>\n<td height=\"22\">Rolf Martin Schmitz<\/td>\n<td align=\"right\">56<\/td>\n<td>stv. Vorstandsvorsitzender<\/td>\n<td>bis 2014, verl\u00e4ngert bis Januar 2019<\/td>\n<td><\/td>\n<td><\/td>\n<\/tr>\n<tr>\n<td colspan=\"6\" width=\"977\" height=\"66\">Der \u00a0 Aufsichtsrat der RWE hat die Bestellung von Rolf Martin Schmitz in den \u00a0 Vorstand der RWE AG um f\u00fcnf Jahre bis zum 31. Januar 2019 verl\u00e4ngert. Schmitz \u00a0 geh\u00f6rt dem Vorstand seit Mai 2009 an und ist seit dem 1. Juli 2012 \u00a0 stellvertretender Vorstandsvorsitzender. Peter Terium, Vorstandsvorsitzender \u00a0 der RWE AG, sagte zur Vertragsverl\u00e4ngerung: \u201eIch freue mich auf die weitere \u00a0 Zusammenarbeit mit Rolf Martin Schmitz und dem gesamten Vorstandsteam. \u00a0 (Pressemitteilung, 27.02.2013)<\/td>\n<\/tr>\n<tr>\n<td height=\"22\"><\/td>\n<td><\/td>\n<td><\/td>\n<td><\/td>\n<td><\/td>\n<td><\/td>\n<\/tr>\n<tr>\n<td height=\"22\"><strong>SAP<\/strong><\/td>\n<td><\/td>\n<td><\/td>\n<td><\/td>\n<td><\/td>\n<td><\/td>\n<\/tr>\n<tr>\n<td height=\"22\">Werner Brandt<\/td>\n<td align=\"right\">59<\/td>\n<td>Finanzvorstand<\/td>\n<td>bis Juli 2014<\/td>\n<td><\/td>\n<td><\/td>\n<\/tr>\n<tr>\n<td colspan=\"6\" width=\"977\" height=\"49\">Auch bei der SAP gibt einen Wechsel in der Chefetage: Der \u00a0 bisherige Finanzvorstand und Arbeitsdirektor Werner Brandt scheidet im Sommer \u00a0 planm\u00e4\u00dfig aus dem Vorstand aus, Luka Mucic \u00fcbernimmt. (SAP.info, 16.10.2013)<\/td>\n<\/tr>\n<tr>\n<td height=\"22\"><\/td>\n<td><\/td>\n<td><\/td>\n<td><\/td>\n<td><\/td>\n<td><\/td>\n<\/tr>\n<tr>\n<td height=\"22\">Luka Mucic<\/td>\n<td align=\"right\">41<\/td>\n<td>Finanzvorstand<\/td>\n<td>ab Juli 2014<\/td>\n<td><\/td>\n<td><\/td>\n<\/tr>\n<tr>\n<td colspan=\"6\" width=\"977\" height=\"92\">Werner \u00a0 Brandt sagt \u00fcber seinen Nachfolger: \u201eLuka Mucic ist ein international \u00a0 erfahrener Finanzexperte und eine F\u00fchrungspers\u00f6nlichkeit, die im gesamten \u00a0 Konzern h\u00f6chstes Ansehen und Vertrauen genie\u00dft. Ich freue mich sehr \u00fcber \u00a0 seine Bestellung zum k\u00fcnftigen Finanzvorstand. Luka verf\u00fcgt nicht nur \u00fcber \u00a0 hervorragende Kenntnisse aller Gesch\u00e4ftsbereiche von SAP, sondern hat auch \u00a0 wertvolle internationale Erfahrung w\u00e4hrend seiner T\u00e4tigkeit bei SAP gewonnen. \u00a0 Die kommenden neun Monate werden wir nutzen, um einen nahtlosen \u00dcbergang der \u00a0 Verantwortung f\u00fcr das Finanzressort sicherzustellen.\u201c (SAP.info, 16.10.2013)<\/td>\n<\/tr>\n<tr>\n<td height=\"22\"><\/td>\n<td><\/td>\n<td><\/td>\n<td><\/td>\n<td><\/td>\n<td><\/td>\n<\/tr>\n<tr>\n<td height=\"22\">Gerhard Oswald<\/td>\n<td align=\"right\">60<\/td>\n<td>COO<\/td>\n<td>bis 2014, verl\u00e4ngert bis 2016<\/td>\n<td><\/td>\n<td><\/td>\n<\/tr>\n<tr>\n<td colspan=\"6\" width=\"977\" height=\"47\">Der studierte Betriebswirt ist seit 1981 bei SAP und geh\u00f6rt seit \u00a0 1996 dem Vorstand des Unternehmens an. \u201eIch freue mich \u00fcber den \u00a0 Vertrauensbeweis unseres Aufsichtsrats und die M\u00f6glichkeit, weiter zur \u00a0 Erfolgsgeschichte der SAP beitragen zu k\u00f6nnen\u201c, so Oswald. (SAP News, \u00a0 23.09.2013)<\/td>\n<\/tr>\n<tr>\n<td height=\"22\"><\/td>\n<td><\/td>\n<td><\/td>\n<td><\/td>\n<td><\/td>\n<td><\/td>\n<\/tr>\n<tr>\n<td height=\"22\">Jim Hagemann Snabe<\/td>\n<td align=\"right\">48<\/td>\n<td>Vorstandssprecher<\/td>\n<td>bis Mai 2014<\/td>\n<td><\/td>\n<td><\/td>\n<\/tr>\n<tr>\n<td colspan=\"6\" width=\"977\" height=\"46\">Laut \u00a0 Handelsblatt hatte Herr Snabe bereits im Sommer 2013 angek\u00fcndigt, dass er \u00a0 seine jetzige Position bei SAP im Jahr 2014 aufgeben wird. Sofern die \u00a0 Hauptversammlung am 21. Mai 2014 zustimmt, wechselt er dann in den \u00a0 Aufsichtsrat. Regul\u00e4r w\u00e4re sein Vorstandsvertrag erst 2017 ausgelaufen. \u00a0 (18.12.2013)<\/td>\n<\/tr>\n<tr>\n<td height=\"22\"><\/td>\n<td><\/td>\n<td><\/td>\n<td><\/td>\n<td><\/td>\n<td><\/td>\n<\/tr>\n<tr>\n<td height=\"22\"><strong>Siemens<\/strong><\/td>\n<td><\/td>\n<td><\/td>\n<td><\/td>\n<td><\/td>\n<td><\/td>\n<\/tr>\n<tr>\n<td height=\"22\">Peter Y. Solmssen<\/td>\n<td align=\"right\">58<\/td>\n<td>Rechtsvorstand<\/td>\n<td>bis 31.12.2013<\/td>\n<td><\/td>\n<td><\/td>\n<\/tr>\n<tr>\n<td colspan=\"6\" width=\"977\" height=\"89\">Herr Solmssen schied einvernehmlich aus dem Vorstand aus. \u00a0 Gerhard Cromme, Vorsitzender des Aufsichtsrats der Siemens AG, dankte Peter \u00a0 Solmssen f\u00fcr seine Verdienste. &#8222;Herr Solmssen ist in schwieriger Zeit zu \u00a0 Siemens gekommen und hat gro\u00dfen Anteil an der Aufarbeitung der \u00a0 Compliance-Aff\u00e4re des Unternehmens. Mit dem Aufbau einer starken \u00a0 Compliance-Organisation hat er sich gro\u00dfe Verdienste erworben und wesentliche \u00a0 Beitr\u00e4ge geleistet, Siemens aus einer schwierigen Phase des Unternehmens \u00a0 zur\u00fcck zu hohem Ansehen zu f\u00fchren.&#8220; (Pressemitteilung, 27.11.2013)<\/td>\n<\/tr>\n<tr>\n<td height=\"22\"><\/td>\n<td><\/td>\n<td><\/td>\n<td><\/td>\n<td><\/td>\n<td><\/td>\n<\/tr>\n<tr>\n<td height=\"22\"><\/td>\n<td><\/td>\n<td><\/td>\n<td><\/td>\n<td><\/td>\n<td><\/td>\n<\/tr>\n<tr>\n<td height=\"25\"><strong>MDAX<\/strong><\/td>\n<td><\/td>\n<td><\/td>\n<td><\/td>\n<td><\/td>\n<td><\/td>\n<\/tr>\n<tr>\n<td height=\"22\"><\/td>\n<td><\/td>\n<td><\/td>\n<td><\/td>\n<td><\/td>\n<td><\/td>\n<\/tr>\n<tr>\n<td height=\"22\"><strong>Aareal Bank<\/strong><\/td>\n<td><\/td>\n<td><\/td>\n<td><\/td>\n<td><\/td>\n<td><\/td>\n<\/tr>\n<tr>\n<td height=\"22\">Hermann J. Merkens<\/td>\n<td align=\"right\">56<\/td>\n<td>Finanzvorstand<\/td>\n<td>bis 2014, verl\u00e4ngert bis April 2019<\/td>\n<td><\/td>\n<td><\/td>\n<\/tr>\n<tr>\n<td colspan=\"6\" width=\"977\" height=\"92\">Der \u00a0 Aufsichtsrat der Aareal Bank hat laut offizieller Pressemitteilung die \u00a0 turnusm\u00e4\u00dfige Verl\u00e4ngerung des Vertrags von Hermann J. Merkens vor Ablauf \u00a0 seiner Amtsperiode beschlossen. Stellungnahme der Aareal Bank zur \u00a0 Entscheidung: \u201eMit Hermann J. Merkens binden wir eine Pers\u00f6nlichkeit \u00a0 langfristig an unser Haus, die im Zusammenwirken mit dem \u00fcbrigen F\u00fchrungsteam \u00a0 der Bank gro\u00dfen Anteil daran hat, dass sich die Aareal Bank Gruppe in den \u00a0 vergangenen Jahren positiv entwickelt hat und bestens aufgestellt ist, um \u00a0 auch in Zukunft nachhaltig erfolgreich zu agieren.\u201c (05.04.2013)<\/td>\n<\/tr>\n<tr>\n<td height=\"22\"><\/td>\n<td><\/td>\n<td><\/td>\n<td><\/td>\n<td><\/td>\n<td><\/td>\n<\/tr>\n<tr>\n<td height=\"22\"><strong>Axel Springer<\/strong><\/td>\n<td><\/td>\n<td><\/td>\n<td><\/td>\n<td><\/td>\n<td><\/td>\n<\/tr>\n<tr>\n<td height=\"22\">Dr. Julian Deutz<\/td>\n<td align=\"right\">45<\/td>\n<td>Finanzvorstand<\/td>\n<td>ab April 2014<\/td>\n<td><\/td>\n<td><\/td>\n<\/tr>\n<tr>\n<td colspan=\"6\" width=\"977\" height=\"92\">Dr. \u00a0 Julian Deutz ist seit Oktober 2010 Leiter des Bereichs Konzerncontrolling. \u00a0 Zus\u00e4tzlich sind ihm die Bereiche Konzernentwicklung, Axel Springer Services \u00a0 &amp; Immobilien sowie der Versicherungsdienstleister VVDG zugeordnet. In den \u00a0 vergangen Jahren hatte Deutz bereits verschiedene F\u00fchrungspositionen bei Axel \u00a0 Springer inne. Der Aufsichtsratsvorsitzende Dr. Giuseppe Vita sagte zur \u00a0 Vertragsverl\u00e4ngerung: \u201eJulian Deutz ist dem Unternehmen seit vielen Jahren \u00a0 verbunden und hat in seinen verschiedenen Positionen stets eine exzellente \u00a0 Fach- und F\u00fchrungskompetenz unter Beweis gestellt&#8220;. (Pressemitteilung, \u00a0 02.07.2013)<\/td>\n<\/tr>\n<tr>\n<td height=\"22\"><\/td>\n<td><\/td>\n<td><\/td>\n<td><\/td>\n<td><\/td>\n<td><\/td>\n<\/tr>\n<tr>\n<td height=\"22\">Lothar Lanz<\/td>\n<td align=\"right\">65<\/td>\n<td>Finanzvorstand<\/td>\n<td>bis April 2014<\/td>\n<td><\/td>\n<td><\/td>\n<\/tr>\n<tr>\n<td colspan=\"6\" width=\"977\" height=\"70\">Vorgesehen \u00a0 ist, dass Lothar Lanz zum Zeitpunkt seines Austritts aus dem Vorstand in den \u00a0 Aufsichtsrat wechselt. Ein entsprechender Wahlvorschlag soll der \u00a0 Hauptversammlung 2014 unterbreitet werden. Aufsichtsratsvorsitzender Dr. \u00a0 Giuseppe Vita zum Abgang von Lanz: Schon jetzt danken wir Lothar Lanz, der in \u00a0 den letzten Jahren intern und extern wesentliche Akzente gesetzt und das \u00a0 Unternehmen beim digitalen Umbau in einer wichtigen Phase begleitet hat.\u201c \u00a0 (Pressemitteilung, 02.07.2013)<\/td>\n<\/tr>\n<tr>\n<td width=\"142\" height=\"70\"><\/td>\n<td width=\"20\"><\/td>\n<td width=\"337\"><\/td>\n<td width=\"318\"><\/td>\n<td width=\"80\"><\/td>\n<td width=\"80\"><\/td>\n<\/tr>\n<tr>\n<td height=\"22\"><\/td>\n<td><\/td>\n<td><\/td>\n<td><\/td>\n<td><\/td>\n<td><\/td>\n<\/tr>\n<tr>\n<td height=\"22\"><strong>CELESIO<\/strong><\/td>\n<td><\/td>\n<td><\/td>\n<td><\/td>\n<td><\/td>\n<td><\/td>\n<\/tr>\n<tr>\n<td height=\"22\">Stephan Borchert<\/td>\n<td align=\"right\">43<\/td>\n<td>Marketingvorstand<\/td>\n<td>bis Juli 2014, verl\u00e4ngert bis Oktober 2018<\/td>\n<td><\/td>\n<td><\/td>\n<\/tr>\n<tr>\n<td height=\"22\">Marion Helmes<\/td>\n<td align=\"right\">47<\/td>\n<td>Vorstandssprecherin<\/td>\n<td>bis Dezember 2014, verl\u00e4ngert bis Oktober 2018<\/td>\n<td><\/td>\n<td><\/td>\n<\/tr>\n<tr>\n<td colspan=\"6\" width=\"977\" height=\"45\">Celesio-Aufsichtsratsvorsitzender Stephan Gemkow sagte zu den \u00a0 Vertragsverl\u00e4ngerungen: \u201eMit dieser Entscheidung sichert der Aufsichtsrat \u00a0 langfristig die Managementkompetenz von Dr. Marion Helmes und Stephan \u00a0 Borchert f\u00fcr das Unternehmen, um den eingeschlagenen Kurs erfolgreich \u00a0 fortzusetzen.\u201c (Pressemitteilung, 18.09.2013)<\/td>\n<\/tr>\n<tr>\n<td height=\"22\"><\/td>\n<td><\/td>\n<td><\/td>\n<td><\/td>\n<td><\/td>\n<td><strong>\u00a0<\/strong><\/td>\n<\/tr>\n<tr>\n<td height=\"22\"><strong>Deutsche Wohnen<\/strong><\/td>\n<td><\/td>\n<td><\/td>\n<td><\/td>\n<td><\/td>\n<td><\/td>\n<\/tr>\n<tr>\n<td height=\"22\">Lars Wittan<\/td>\n<td align=\"right\">36<\/td>\n<td>Finanzvorstand<\/td>\n<td>soll Vorstand bleiben nach Zusammenschluss mit GSW<\/td>\n<td><\/td>\n<td><\/td>\n<\/tr>\n<tr>\n<td height=\"22\">Michael Zahn<\/td>\n<td align=\"right\">50<\/td>\n<td>Vorstandsvorsitzender<\/td>\n<td>soll Vorstand bleiben nach Zusammenschluss mit GSW<\/td>\n<td><\/td>\n<td><\/td>\n<\/tr>\n<tr>\n<td colspan=\"6\" width=\"977\" height=\"67\">Nach Informationen der &#8222;Welt&#8220; wurden die Vorst\u00e4nde der \u00a0 Deutsche Wohnen AG, Michael Zahn und Lars Wittan, nun auch als weitere \u00a0 Mitglieder in den Vorstand der GSW berufen. Herr Michael Zahn wurde zum neuen \u00a0 Vorstandsvorsitzenden ernannt. Eine Ressortverteilung f\u00fcr die beiden \u00a0 Vorst\u00e4nde soll in den kommenden Wochen erfolgen (Welt Online, 16.01.2014)<\/td>\n<\/tr>\n<tr>\n<td height=\"22\"><\/td>\n<td><\/td>\n<td><\/td>\n<td><\/td>\n<td><\/td>\n<td><strong>\u00a0<\/strong><\/td>\n<\/tr>\n<tr>\n<td height=\"22\"><strong>Evonik<\/strong><\/td>\n<td><\/td>\n<td><\/td>\n<td><\/td>\n<td><\/td>\n<td><\/td>\n<\/tr>\n<tr>\n<td height=\"22\">Dahai Yu<\/td>\n<td align=\"right\">58<\/td>\n<td>Vorstand Spezial-Materialien<\/td>\n<td>bis Dezember 2013<\/td>\n<td><\/td>\n<td><\/td>\n<\/tr>\n<tr>\n<td height=\"22\">Thomas H\u00e4berle<\/td>\n<td align=\"right\">57<\/td>\n<td>Vorstand Ressourcen-Effizienz<\/td>\n<td>bis Dezember 2013<\/td>\n<td><\/td>\n<td><\/td>\n<\/tr>\n<tr>\n<td colspan=\"6\" width=\"977\" height=\"113\">Wie das Unternehmen mitteilte, sind Herr Yu und Herr H\u00e4berle in \u00a0 freundschaftlichem Einverst\u00e4ndnis ausgeschieden.<br \/>\nDr. Werner M\u00fcller, Vorsitzender des Aufsichtsrates der Evonik Industries \u00a0 AG, sagte: &#8222;Ohne das umfassende Engagement von Herrn Dr. Haeberle und \u00a0 Herrn Dr. Yu w\u00e4re der Umbau von Evonik zu einem b\u00f6rsennotierten \u00a0 Spezialchemieunternehmen nicht m\u00f6glich gewesen. Beide haben ihre langj\u00e4hrigen \u00a0 Erfahrungen aus dem operativen Chemiegesch\u00e4ft von Evonik in den Vorstand \u00a0 eingebracht und entscheidend dazu beigetragen, die Neuausrichtung des \u00a0 Unternehmens erfolgreich zu gestalten. Im Namen des gesamten Aufsichtsrates \u00a0 danke ich Herrn Dr. Haeberle und Herrn Dr. Yu bereits jetzt f\u00fcr ihre \u00a0 hervorragenden Leistungen.&#8220; (Pressemitteilung, 23.09.2013)<\/td>\n<\/tr>\n<tr>\n<td height=\"22\"><\/td>\n<td><\/td>\n<td><\/td>\n<td><\/td>\n<td><\/td>\n<td><\/td>\n<\/tr>\n<tr>\n<td height=\"22\">Patrick Wohlhauser<\/td>\n<td align=\"right\">49<\/td>\n<td>Vorstand Gesundheit und Ern\u00e4hrung<\/td>\n<td colspan=\"2\">ab 01.01.2014 Ressortverantwortung \u00a0 f\u00fcr das gesamte Chemiegesch\u00e4ft<\/td>\n<td><\/td>\n<\/tr>\n<tr>\n<td colspan=\"6\" width=\"977\" height=\"47\">Herr Wohlhauser ist bei Evonik Vorstand f\u00fcr Gesundheit und \u00a0 Ern\u00e4hrung, \u00fcbernahm allerdings aufgrund der Umstrukturierungen im Vorstand \u00a0 zum 01. Januar 2014 die Ressortverantwortung f\u00fcr das gesamte Chemiegesch\u00e4ft<\/td>\n<\/tr>\n<tr>\n<td height=\"22\"><\/td>\n<td><\/td>\n<td><\/td>\n<td><\/td>\n<td><\/td>\n<td><\/td>\n<\/tr>\n<tr>\n<td height=\"22\"><strong>Fraport<\/strong><\/td>\n<td><\/td>\n<td><\/td>\n<td><\/td>\n<td><\/td>\n<td><\/td>\n<\/tr>\n<tr>\n<td height=\"22\">Stefan Schulte<\/td>\n<td align=\"right\">53<\/td>\n<td>Vorstandsvorsitzender<\/td>\n<td>bis August 2014, verl\u00e4ngert bis August 2019<\/td>\n<td><\/td>\n<td><\/td>\n<\/tr>\n<tr>\n<td colspan=\"6\" width=\"977\" height=\"68\">Der \u00a0 Vertrag von Herrn Schulte wurde wegen seiner hervorragenden Leistungen um \u00a0 weitere f\u00fcnf Jahre verl\u00e4ngert. Unter seiner F\u00fchrung sei Fraport zu einem der \u00a0 f\u00fchrenden internationalen Flughafenbetreiber gereift. Karlheinz Weimar, \u00a0 Vorsitzender des Aufsichtsrats der Fraport AG, sagte in einer \u00a0 Pressemitteilung des Unternehmens: \u201eWir freuen uns sehr, dass Herr Schulte in \u00a0 den kommenden Jahren mit seiner Erfahrung und Kompetenz seine erfolgreiche \u00a0 Arbeit als Vorstandsvorsitzender von Fraport fortsetzen wird. (02.09.2013)<\/td>\n<\/tr>\n<tr>\n<td height=\"22\"><\/td>\n<td><\/td>\n<td><\/td>\n<td><\/td>\n<td><\/td>\n<td><\/td>\n<\/tr>\n<tr>\n<td height=\"22\"><strong>GEA Group<\/strong><\/td>\n<td><\/td>\n<td><\/td>\n<td><\/td>\n<td><\/td>\n<td><\/td>\n<\/tr>\n<tr>\n<td height=\"22\">J\u00fcrg Oleas<\/td>\n<td align=\"right\">55<\/td>\n<td>Vorstandsvorsitzender<\/td>\n<td>bis Dezember 2013, verl\u00e4ngert bis Dezember 2016<\/td>\n<td><\/td>\n<td><\/td>\n<\/tr>\n<tr>\n<td colspan=\"6\" width=\"977\" height=\"44\">Herr \u00a0 Oleas wurde vom Aufsichtsrat des Unternehmens erneut in seinem Amt best\u00e4tigt. \u00a0 Der Schweizer\u00a0 wurde bereits zum 1. \u00a0 November 2004 zum Vorsitzenden des Vorstands der GEA Group Aktiengesellschaft \u00a0 berufen. Seit dem 1. Mai 2001 ist J\u00fcrg Oleas Vorstandsmitglied der \u00a0 Gesellschaft.<\/td>\n<\/tr>\n<tr>\n<td height=\"22\"><\/td>\n<td><\/td>\n<td><\/td>\n<td><\/td>\n<td><\/td>\n<td><\/td>\n<\/tr>\n<tr>\n<td height=\"22\"><strong>Krones<\/strong><\/td>\n<td><\/td>\n<td><\/td>\n<td><\/td>\n<td><\/td>\n<td><\/td>\n<\/tr>\n<tr>\n<td height=\"22\">Markus Tischer<\/td>\n<td align=\"right\">45<\/td>\n<td>Vorstand International Services and Operations<\/td>\n<td>ab Januar 2014<\/td>\n<td><\/td>\n<td><\/td>\n<\/tr>\n<tr>\n<td colspan=\"6\" width=\"977\" height=\"66\">Markus \u00a0 Tischer begann seine Laufbahn bei Krones bereits 1993 nach seinem \u00a0 Studienabschluss in Elektro- und Informationstechnik. Nach verschiedenen \u00a0 Stationen in den Vorstandsbereichen Forschung und Entwicklung sowie Finanzen \u00a0 und Controlling verantwortete er seit 2006 den Lifecycle Service. Im Januar \u00a0 2014 wurde er nun zum Vorstandsmitglied berufen und verantwortet den Bereich \u00a0 International Services and Operations. (www.krones.com)<\/td>\n<\/tr>\n<tr>\n<td height=\"22\"><\/td>\n<td><\/td>\n<td><\/td>\n<td><\/td>\n<td><\/td>\n<td><\/td>\n<\/tr>\n<tr>\n<td height=\"22\"><strong>MTU Aero Engines Holding<\/strong><\/td>\n<td><\/td>\n<td><\/td>\n<td><\/td>\n<td><\/td>\n<td><\/td>\n<\/tr>\n<tr>\n<td height=\"22\">Reiner Winkler<\/td>\n<td align=\"right\">52<\/td>\n<td>Vorstandsvorsitzender<\/td>\n<td>bis Januar 2014<\/td>\n<td><\/td>\n<td><\/td>\n<\/tr>\n<tr>\n<td height=\"22\">Egon W. Behle<\/td>\n<td align=\"right\">58<\/td>\n<td>Vorstandsvorsitzender<\/td>\n<td>ab Januar 2014<\/td>\n<td><\/td>\n<td><\/td>\n<\/tr>\n<tr>\n<td colspan=\"6\" width=\"977\" height=\"160\">Die MTU Aero Engines hat ihren bisherigen Finanzvorstand Reiner \u00a0 Winkler (51) zum 1. Januar 2014 als Vorstandvorsitzenden berufen. Er folgt \u00a0 auf Egon Behle (57), der f\u00fcr eine Vertragsverl\u00e4ngerung nicht mehr zur \u00a0 Verf\u00fcgung steht.<br \/>\nIn einer Pressemitteilung erkl\u00e4rte Behle: \u201eNach sechs Jahren als CEO der \u00a0 MTU Aero Engines m\u00f6chte ich meinen Vertrag nicht erneut verl\u00e4ngern, sondern \u00a0 mich im Rahmen meiner pers\u00f6nlichen Lebensplanung ab 2014 anderen Aufgaben \u00a0 widmen. Da die Marktposition der MTU in den letzten Jahren deutlich gest\u00e4rkt \u00a0 und ein nachhaltiger Wachstumskurs gesichert werden konnte, bietet sich auch \u00a0 eine gute Gelegenheit, das Vorstandsgremium neu auszurichten und zu \u00a0 verj\u00fcngen.\u201c<br \/>\nZur Berufung von Herrn Winkler sagte der Aufsichtsratsvorsitzende Klaus \u00a0 Eberhardt: \u201eReiner Winkler sichert mit seiner langj\u00e4hrigen Erfahrung im \u00a0 Unternehmen die Kontinuit\u00e4t in der F\u00fchrung der MTU.\u201c (09.04.2013)<\/td>\n<\/tr>\n<tr>\n<td height=\"22\"><\/td>\n<td><\/td>\n<td><\/td>\n<td><\/td>\n<td><\/td>\n<td><\/td>\n<\/tr>\n<tr>\n<td height=\"22\"><strong>PROSIEBENSAT.1 Media<\/strong><\/td>\n<td><strong>\u00a0<\/strong><\/td>\n<td><\/td>\n<td><\/td>\n<td><\/td>\n<td><\/td>\n<\/tr>\n<tr>\n<td height=\"22\">Thomas Ebeling<\/td>\n<td align=\"right\">54<\/td>\n<td>Vorstandsvorsitzender<\/td>\n<td>bis 2013, verl\u00e4ngert bis 2017<\/td>\n<td><\/td>\n<td><\/td>\n<\/tr>\n<tr>\n<td colspan=\"6\" width=\"977\" height=\"70\">Zur \u00a0 Verl\u00e4ngerung des Vertrags sagte G\u00f6tz M\u00e4user, Vorsitzender des \u00a0 ProSiebenSat.1-Aufsichtsrats: &#8222;Unter der F\u00fchrung von Thomas Ebeling hat \u00a0 die ProSiebenSat.1 Group 2013 bereits zum dritten Mal in Folge ein \u00a0 Rekordergebnis erzielt. Er hat den Konzern in den vergangenen vier Jahren \u00a0 strategisch erfolgreich neu positioniert und damit eine langfristige \u00a0 Wachstumsperspektive f\u00fcr die Mediengruppe geschaffen. Wir freuen uns darauf, \u00a0 diese erfolgreiche Arbeit mit ihm fortzusetzen.&#8220; (Pressemitteilung, \u00a0 28.03.2013)<\/td>\n<\/tr>\n<tr>\n<td height=\"22\"><\/td>\n<td><\/td>\n<td><\/td>\n<td><\/td>\n<td><\/td>\n<td><\/td>\n<\/tr>\n<tr>\n<td height=\"22\"><strong>Rheinmetall<\/strong><\/td>\n<td><\/td>\n<td><\/td>\n<td><\/td>\n<td><\/td>\n<td><\/td>\n<\/tr>\n<tr>\n<td height=\"22\">Gerd Kleinert<\/td>\n<td align=\"right\">65<\/td>\n<td>Vorstand Automotive<\/td>\n<td>bis Januar 2014<\/td>\n<td><\/td>\n<td><\/td>\n<\/tr>\n<tr>\n<td height=\"22\">Horst Binning<\/td>\n<td align=\"right\">54<\/td>\n<td>Vorstand Automotive<\/td>\n<td>ab Januar 2014<\/td>\n<td><\/td>\n<td><\/td>\n<\/tr>\n<tr>\n<td colspan=\"6\" width=\"977\" height=\"44\">Binning \u00a0 l\u00f6ste Kleinert als Chef der Autozulieferersparte KPSG ab und r\u00fcckt in den \u00a0 Vorstand auf. KSPG sorgt f\u00fcr die H\u00e4lfte des Konzernumsatzes. Der 65-j\u00e4hrige \u00a0 Kleinert ging in den Ruhestand. (Handelsblatt Online, 06.09.2013)<\/td>\n<\/tr>\n<tr>\n<td height=\"22\"><\/td>\n<td><\/td>\n<td><\/td>\n<td><\/td>\n<td><\/td>\n<td><\/td>\n<\/tr>\n<tr>\n<td height=\"22\"><strong>RH\u00d6N-Klinikum<\/strong><\/td>\n<td><\/td>\n<td><\/td>\n<td><\/td>\n<td><\/td>\n<td><\/td>\n<\/tr>\n<tr>\n<td height=\"22\">Jens-Peter Neumann<\/td>\n<td align=\"right\">54<\/td>\n<td>Finanzvorstand<\/td>\n<td>bis 2013, verl\u00e4ngert bis November 2016<\/td>\n<td><\/td>\n<td><\/td>\n<\/tr>\n<tr>\n<td colspan=\"6\" width=\"977\" height=\"44\">Laut \u00a0 Finanznachrichten richtet sich das Rh\u00f6n-Klinikum nach dem gescheiterten \u00a0 \u00dcbernahmeversuch von Fresenius offenbar auf eine l\u00e4ngere Zeit als \u00a0 unabh\u00e4ngiges Unternehmen ein. Die bekannt gegebene Verl\u00e4ngerung des Vertrags \u00a0 von Herrn Neumann deutet zumindest darauf hin. (Online-Ausgabe, 07.05.2013)<\/td>\n<\/tr>\n<tr>\n<td height=\"22\"><\/td>\n<td><\/td>\n<td><\/td>\n<td><\/td>\n<td><\/td>\n<td><\/td>\n<\/tr>\n<tr>\n<td height=\"22\"><\/td>\n<td><\/td>\n<td><\/td>\n<td><\/td>\n<td><\/td>\n<td><\/td>\n<\/tr>\n<tr>\n<td height=\"22\"><\/td>\n<td><\/td>\n<td><\/td>\n<td><\/td>\n<td><\/td>\n<td><\/td>\n<\/tr>\n<tr>\n<td height=\"22\"><\/td>\n<td><\/td>\n<td><\/td>\n<td><\/td>\n<td><\/td>\n<td><strong>\u00a0<\/strong><\/td>\n<\/tr>\n<tr>\n<td height=\"22\"><strong>Salzgitter<\/strong><\/td>\n<td><\/td>\n<td><\/td>\n<td><\/td>\n<td><\/td>\n<td><\/td>\n<\/tr>\n<tr>\n<td height=\"45\">Wolfgang Eging<\/td>\n<td align=\"right\">64<\/td>\n<td>Vorstand R\u00f6hren<\/td>\n<td width=\"318\">bis Januar 2014, wird bis zum \u00a0 R\u00fccktritt in den Ruhestand Gesch\u00e4ftsbereichsleiter wegen \u00a0 Vorstandsverkleinerung<\/td>\n<td><\/td>\n<td><\/td>\n<\/tr>\n<tr>\n<td height=\"44\">Heinz Groschke<\/td>\n<td align=\"right\">65<\/td>\n<td>Vorstand Handel<\/td>\n<td width=\"318\">bis Januar 2014, wird bis zum \u00a0 R\u00fccktritt in den Ruhestand Gesch\u00e4ftsbereichsleiter wegen \u00a0 Vorstandsverkleinerung<\/td>\n<td><\/td>\n<td><\/td>\n<\/tr>\n<tr>\n<td colspan=\"6\" width=\"977\" height=\"89\">Der Salzgitter Konzern steht unter gro\u00dfem Ver\u00e4nderungsdruck, \u00a0 weil das Unternehmen wegen der anhaltenden europ\u00e4ischen Stahlkrise kein Geld \u00a0 mehr verdient: Seit Anfang 2013 musste Deutschlands zweitgr\u00f6\u00dfter \u00a0 Stahlproduzent zweimal die eigene Ergebnisprognose kappen. Nach Informationen \u00a0 eines Online-Presseportals sollen die Vorstandsposten von Wolfgang Eging und \u00a0 Heinz Groschke, die die Salzgitter AG aus Altersgr\u00fcnden verlassen haben, \u00a0 nicht neu besetzt werden. Ihre Aufgaben im R\u00f6hren- und Handelsgesch\u00e4ft sowie die \u00a0 unmittelbare Verantwortung f\u00fcr das Stahlgesch\u00e4ft sollen auf die zweite \u00a0 F\u00fchrungsebene verlagert werden. (presseportal.de, 10.09.2013)<\/td>\n<\/tr>\n<tr>\n<td height=\"22\"><\/td>\n<td><\/td>\n<td><\/td>\n<td><\/td>\n<td><\/td>\n<td><\/td>\n<\/tr>\n<tr>\n<td height=\"22\"><strong>SKY Deutschland<\/strong><\/td>\n<td><\/td>\n<td><\/td>\n<td><\/td>\n<td><\/td>\n<td><\/td>\n<\/tr>\n<tr>\n<td height=\"22\">Holger En\u00dflin<\/td>\n<td align=\"right\">46<\/td>\n<td>Vorstand Recht<\/td>\n<td>bis 2013, verl\u00e4ngert bis Dezember 2015<\/td>\n<td><\/td>\n<td><\/td>\n<\/tr>\n<tr>\n<td height=\"22\">Carsten Schmidt<\/td>\n<td align=\"right\">50<\/td>\n<td>Vorstand Sportprogramm<\/td>\n<td>bis 2015, verl\u00e4ngert bis Dezember 2017<\/td>\n<td><\/td>\n<td><\/td>\n<\/tr>\n<tr>\n<td height=\"22\">Steven Tomsic<\/td>\n<td align=\"right\">44<\/td>\n<td>Finanzvorstand<\/td>\n<td>bis 2013, verl\u00e4ngert bis Dezember 2015<\/td>\n<td><\/td>\n<td><\/td>\n<\/tr>\n<tr>\n<td colspan=\"6\" width=\"977\" height=\"22\">Die \u00a0 Vertr\u00e4ge aller drei Vorst\u00e4nde wurden turnusgem\u00e4\u00df verl\u00e4ngert (Gesch\u00e4ftsbericht \u00a0 Q1 2013)<\/td>\n<\/tr>\n<tr>\n<td height=\"22\"><\/td>\n<td><\/td>\n<td><\/td>\n<td><\/td>\n<td><\/td>\n<td><\/td>\n<\/tr>\n<tr>\n<td height=\"22\"><strong>Symrise<\/strong><\/td>\n<td><\/td>\n<td><\/td>\n<td><\/td>\n<td><\/td>\n<td><\/td>\n<\/tr>\n<tr>\n<td height=\"22\">Achim Daub<\/td>\n<td align=\"right\">51<\/td>\n<td>Vorstand D\u00fcfte<\/td>\n<td>bis 2013, verl\u00e4ngert bis Dezember 2016<\/td>\n<td><\/td>\n<td><\/td>\n<\/tr>\n<tr>\n<td colspan=\"6\" width=\"977\" height=\"93\">Der Vertrag von Herrn Daub wurde vorzeitig bis 2016 verl\u00e4ngert. \u00a0 Dr. Thomas Rabe, Vorsitzender des Aufsichtsrats, sagte in einer \u00a0 Pressemitteilung des Unternehmens: \u201eWir freuen uns \u00fcber die \u00a0 Vertragsverl\u00e4ngerung mit Achim Daub, der den Gesch\u00e4ftsbereich Scent &amp; \u00a0 Care seit dem B\u00f6rsengang im Jahr 2006 erfolgreich f\u00fchrt. Diese Kontinuit\u00e4t \u00a0 ist ein gutes Signal an die Mitarbeiter, Kunden und Aktion\u00e4re. Symrise ist \u00a0 strategisch hervorragend aufgestellt und hat beste Voraussetzungen f\u00fcr \u00a0 weiteres profitables Wachstum. Der Aufsichtsrat freut sich, die gute \u00a0 Zusammenarbeit mit Achim Daub auch in den kommenden Jahren fortzusetzen.\u201c \u00a0 (18.02.2013)<\/td>\n<\/tr>\n<tr>\n<td height=\"22\"><\/td>\n<td><\/td>\n<td><\/td>\n<td><\/td>\n<td><\/td>\n<td><\/td>\n<\/tr>\n<tr>\n<td height=\"22\"><strong>Talanx<\/strong><\/td>\n<td><\/td>\n<td><\/td>\n<td><\/td>\n<td><\/td>\n<td><\/td>\n<\/tr>\n<tr>\n<td height=\"22\">Thomas Noth<\/td>\n<td align=\"right\">53<\/td>\n<td>IT-Vorstand<\/td>\n<td>bis 31. Mai 2014<\/td>\n<td><\/td>\n<td><\/td>\n<\/tr>\n<tr>\n<td colspan=\"6\" width=\"977\" height=\"70\">Nach \u00a0 Presseinformationen des Unternehmens ist nach erfolgreicher Konsolidierung \u00a0 der IT eine eigenst\u00e4ndige Chief-Information-Officer-Funktion im \u00a0 Konzernvorstand nicht mehr erforderlich. Der CFO des Talanx-Konzerns, Dr. \u00a0 Thomas Noth, scheidet mit Ablauf seines Vertrags zum 31. Mai 2014 in bestem \u00a0 Einvernehmen aus dem Vorstand der Talanx AG aus. (20.11.2013)<\/td>\n<\/tr>\n<tr>\n<td height=\"22\"><\/td>\n<td><\/td>\n<td><\/td>\n<td><\/td>\n<td><\/td>\n<td><\/td>\n<\/tr>\n<tr>\n<td height=\"22\"><strong>Wacker Chemie<\/strong><\/td>\n<td><\/td>\n<td><\/td>\n<td><\/td>\n<td><\/td>\n<td><\/td>\n<\/tr>\n<tr>\n<td height=\"22\">Auguste Willems<\/td>\n<td align=\"right\">54<\/td>\n<td>Vorstand Umwelt, Gesundheit &amp; Sicherheit<\/td>\n<td>bis 31.12.2013, verl\u00e4ngert bis Dezember 2018<\/td>\n<td><\/td>\n<td><\/td>\n<\/tr>\n<tr>\n<td colspan=\"6\" width=\"977\" height=\"22\">Herr \u00a0 Willems wurde bereits 2006 zum ersten Mal in den Vorstand berufen, nun wurde \u00a0 seine Amtszeit erneut turnusgem\u00e4\u00df um f\u00fcnf Jahre verl\u00e4ngert<\/td>\n<\/tr>\n<tr>\n<td height=\"22\"><\/td>\n<td><\/td>\n<td><\/td>\n<td><\/td>\n<td><\/td>\n<td><\/td>\n<\/tr>\n<tr>\n<td height=\"22\">Dr. Rudolf Staudigl<\/td>\n<td align=\"right\">58<\/td>\n<td>Vorstandsvorsitzender<\/td>\n<td>bis 30.09.2013, verl\u00e4ngert bis September 2018<\/td>\n<td><\/td>\n<td><\/td>\n<\/tr>\n<tr>\n<td colspan=\"6\" width=\"977\" height=\"69\">Dr. Peter-Alexander Wacker, Vorsitzender des Aufsichtsrats, \u00a0 dankte Staudigl in einer Pressemitteilung des Konzerns f\u00fcr den Einsatz im \u00a0 Unternehmen: \u201eDer Vorstand hat in den vergangenen f\u00fcnf Jahren den Ausbau \u00a0 unserer Gesch\u00e4ftsfelder und die Internationalisierung von WACKER erfolgreich \u00a0 vorangetrieben. Rudolf Staudigl ist als Vorstandsvorsitzender mit seiner \u00a0 30-j\u00e4hrigen Erfahrung im Unternehmen ein Garant daf\u00fcr, dass die strategische \u00a0 Ausrichtung des Konzerns weiter auf einem guten Kurs bleibt\u201c (07.03.2013)<\/td>\n<\/tr>\n<tr>\n<td height=\"22\"><\/td>\n<td><\/td>\n<td><\/td>\n<td><\/td>\n<td><\/td>\n<td><\/td>\n<\/tr>\n<tr>\n<td height=\"22\"><\/td>\n<td><\/td>\n<td><\/td>\n<td><\/td>\n<td><\/td>\n<td><\/td>\n<\/tr>\n<tr>\n<td height=\"25\"><strong>TECDAX<\/strong><\/td>\n<td><\/td>\n<td><\/td>\n<td><\/td>\n<td><\/td>\n<td><\/td>\n<\/tr>\n<tr>\n<td height=\"22\"><\/td>\n<td><\/td>\n<td><\/td>\n<td><\/td>\n<td><\/td>\n<td><\/td>\n<\/tr>\n<tr>\n<td height=\"22\"><strong>Xing<\/strong><\/td>\n<td><\/td>\n<td><\/td>\n<td><\/td>\n<td><\/td>\n<td><\/td>\n<\/tr>\n<tr>\n<td height=\"22\">Ingo Chu<\/td>\n<td align=\"right\">42<\/td>\n<td>Finanzvorstand<\/td>\n<td>bis 2013, verl\u00e4ngert bis 2017<\/td>\n<td><\/td>\n<td><\/td>\n<\/tr>\n<tr>\n<td colspan=\"6\" width=\"977\" height=\"67\">Zu seiner Vertragsverl\u00e4ngerung sagte der seit 2009 als CFO f\u00fcr \u00a0 Xing t\u00e4tige Chu:\u00a0 \u201eIch freue mich sehr \u00a0 auf weitere vier Jahre bei XING. XING ist exzellent positioniert. \u00a0 Gleichzeitig er\u00f6ffnen sich uns auf Basis der aktuellen Trends im Online- und \u00a0 Arbeitsmarkt viele attraktive Chancen. Wir wollen unseren Umsatz bis 2016 \u00a0 verdoppeln.\u201c (Pressemitteilung, 04.04.2013)<\/td>\n<\/tr>\n<tr>\n<td height=\"22\"><\/td>\n<td><\/td>\n<td><\/td>\n<td><\/td>\n<td><\/td>\n<td><strong>\u00a0<\/strong><\/td>\n<\/tr>\n<tr>\n<td height=\"22\"><strong>Sartorius<\/strong><\/td>\n<td><\/td>\n<td><\/td>\n<td><\/td>\n<td><\/td>\n<td><\/td>\n<\/tr>\n<tr>\n<td height=\"22\">Reinhard Vogt<\/td>\n<td align=\"right\">58<\/td>\n<td>Vorstand Marketing und Vertrieb<\/td>\n<td>bis Juli 2014, verl\u00e4ngert bis Juli 2019<\/td>\n<td><\/td>\n<td><\/td>\n<\/tr>\n<tr>\n<td colspan=\"6\" width=\"977\" height=\"22\">Herr \u00a0 Vogt, der dem Vorstand seit 2009 angeh\u00f6rt, wird sein Amt f\u00fcr weitere f\u00fcnf \u00a0 Jahre aus\u00fcben.<\/td>\n<\/tr>\n<tr>\n<td height=\"22\"><\/td>\n<td><\/td>\n<td><\/td>\n<td><\/td>\n<td><\/td>\n<td><\/td>\n<\/tr>\n<tr>\n<td height=\"22\"><strong>Software<\/strong><\/td>\n<td><\/td>\n<td><\/td>\n<td><\/td>\n<td><\/td>\n<td><\/td>\n<\/tr>\n<tr>\n<td height=\"22\">Karl-Heinz Streibich<\/td>\n<td align=\"right\">61<\/td>\n<td>Vorstandsvorsitzender<\/td>\n<td>bis 2013, verl\u00e4ngert bis 2018<\/td>\n<td><\/td>\n<td><\/td>\n<\/tr>\n<tr>\n<td colspan=\"6\" width=\"977\" height=\"91\">Nach Informationen von Echo Online hat der Aufsichtsrat des \u00a0 zweitgr\u00f6\u00dfsten deutschen IT-Unternehmens den Vertrag des Vorsitzenden erneut \u00a0 um f\u00fcnf Jahre verl\u00e4ngert. \u201eGerade in der aktuell wichtigen Phase der \u00a0 Transformation des Unternehmens (&#8230;) ist Kontinuit\u00e4t an der Spitze der \u00a0 Software AG eine entscheidende Voraussetzung f\u00fcr die erfolgreiche Umsetzung \u00a0 des eingeschlagenen Wachstumskurses\u201c, erkl\u00e4rte Aufsichtsratschef Andreas \u00a0 Bereczky. Streibich f\u00fchrt die Softwareschmiede seit 2003. Seitdem haben sich \u00a0 Umsatz und Ergebnis mehr als verdoppelt. (31.07.2013)<\/td>\n<\/tr>\n<\/tbody>\n<\/table>\n<table width=\"977\" border=\"0\" cellspacing=\"0\" cellpadding=\"0\">\n<col width=\"142\" \/>\n<col width=\"20\" \/>\n<col width=\"337\" \/>\n<col width=\"318\" \/>\n<col span=\"2\" width=\"80\" \/>\n<tbody>\n<tr>\n<td width=\"142\" height=\"22\"><\/td>\n<td width=\"20\"><\/td>\n<td width=\"337\"><\/td>\n<td width=\"318\"><\/td>\n<td width=\"80\"><\/td>\n<td width=\"80\"><strong>\u00a0<\/strong><\/td>\n<\/tr>\n<tr>\n<td height=\"22\"><strong>Bechtle<\/strong><\/td>\n<td><\/td>\n<td><\/td>\n<td><\/td>\n<td><\/td>\n<td><\/td>\n<\/tr>\n<tr>\n<td height=\"22\">Thomas Olemotz<\/td>\n<td align=\"right\">51<\/td>\n<td>Vorstandsvorsitzender<\/td>\n<td>bis Dezember 2013, verl\u00e4ngert bis Dezember 2017<\/td>\n<td><\/td>\n<td><\/td>\n<\/tr>\n<tr>\n<td colspan=\"6\" width=\"977\" height=\"69\">Mit der Verl\u00e4ngerung des Vertrags von Herrn Olemotz habe das \u00a0 Unternehmen ein Zeichen der Kontinuit\u00e4t und Stabilit\u00e4t in der F\u00fchrung des \u00a0 Unternehmens gesetzt. \u201eDie erneute Verpflichtung von Herrn Dr. Olemotz \u00a0 entspricht der langfristigen Zukunftsorientierung von Bechtle und ist \u00a0 zugleich Ausdruck unserer Anerkennung f\u00fcr die sehr guten Leistungen des \u00a0 Vorstands in den vergangenen Jahren\u201c, sagt Klaus Winkler, Vorsitzender des \u00a0 Aufsichtsrats der Bechtle AG in einer Pressemitteilung. (06.02.2013)<\/td>\n<\/tr>\n<tr>\n<td height=\"22\"><\/td>\n<td><\/td>\n<td><\/td>\n<td><\/td>\n<td><\/td>\n<td><\/td>\n<\/tr>\n<tr>\n<td height=\"25\"><strong>SDAX<\/strong><\/td>\n<td><\/td>\n<td><\/td>\n<td><\/td>\n<td><\/td>\n<td><\/td>\n<\/tr>\n<tr>\n<td height=\"22\"><\/td>\n<td><\/td>\n<td><\/td>\n<td><\/td>\n<td><\/td>\n<td><\/td>\n<\/tr>\n<tr>\n<td height=\"22\"><strong>Zooplus<\/strong><\/td>\n<td><\/td>\n<td><\/td>\n<td><\/td>\n<td><\/td>\n<td><\/td>\n<\/tr>\n<tr>\n<td height=\"22\">Dr. Cornelius Patt<\/td>\n<td align=\"right\">44<\/td>\n<td>Vorstandsvorsitzender<\/td>\n<td>bis 2013, verl\u00e4ngert bis 2016<\/td>\n<td><\/td>\n<td><\/td>\n<\/tr>\n<tr>\n<td colspan=\"6\" width=\"977\" height=\"50\">Herr \u00a0 Dr. Patt ist Mitgr\u00fcnder und Vorstand der zooplus AG seit 1999. Im Jahr 2006 \u00a0 wurde er zum Vorstandsvorsitzenden berufen. Unter seiner F\u00fchrung habe sich \u00a0 das Unternehmen vom M\u00fcnchener Start-Up zum heute europaweit f\u00fchrenden \u00a0 eCommerce-Anbieter f\u00fcr Heimtierprodukte entwickelt. (Pressemitteilung, \u00a0 18.04.2013)<\/td>\n<\/tr>\n<tr>\n<td width=\"142\" height=\"50\"><\/td>\n<td width=\"20\"><\/td>\n<td width=\"337\"><\/td>\n<td width=\"318\"><\/td>\n<td width=\"80\"><\/td>\n<td width=\"80\"><\/td>\n<\/tr>\n<tr>\n<td height=\"22\"><\/td>\n<td><\/td>\n<td><\/td>\n<td><\/td>\n<td><\/td>\n<td><\/td>\n<\/tr>\n<tr>\n<td height=\"22\"><strong>SKW Stahl Metallurgie<\/strong><\/td>\n<td><\/td>\n<td><\/td>\n<td><\/td>\n<td><\/td>\n<td><\/td>\n<\/tr>\n<tr>\n<td height=\"22\">Ines Kolmsee<\/td>\n<td align=\"right\">43<\/td>\n<td>Vorstandsvorsitzende<\/td>\n<td>bis 31. M\u00e4rz 2014<\/td>\n<td><\/td>\n<td><\/td>\n<\/tr>\n<tr>\n<td colspan=\"6\" width=\"977\" height=\"71\">Der Aufsichtsrat der SKW Stahl-Metallurgie Holding AG teilte in \u00a0 einer Pressenotiz mit, dass die Vorstandsvorsitzende der Gesellschaft, Frau \u00a0 Ines Kolmsee, f\u00fcr eine Verl\u00e4ngerung ihres laufenden Vertrages als \u00a0 Vorstandsvorsitzende des Unternehmens aus pers\u00f6nlichen Gr\u00fcnden nicht zur \u00a0 Verf\u00fcgung stehe. Ihr Vertrag endet am 31. M\u00e4rz 2014. Frau Kolmsee erkl\u00e4rte \u00a0 sich jedoch bereit, so lange zur Verf\u00fcgung stehen, bis ein geeigneter \u00a0 Nachfolger gefunden und eingearbeitet ist. (22.09.2013)<\/td>\n<\/tr>\n<tr>\n<td height=\"22\"><\/td>\n<td><\/td>\n<td><\/td>\n<td><\/td>\n<td><\/td>\n<td><\/td>\n<\/tr>\n<tr>\n<td height=\"22\"><strong>Vossloh<\/strong><\/td>\n<td><\/td>\n<td><\/td>\n<td><\/td>\n<td><\/td>\n<td><\/td>\n<\/tr>\n<tr>\n<td height=\"22\">Werner Andree<\/td>\n<td align=\"right\">62<\/td>\n<td>Vorstandssprecher<\/td>\n<td>bis August 2014<\/td>\n<td><\/td>\n<td><\/td>\n<\/tr>\n<tr>\n<td colspan=\"6\" width=\"977\" height=\"70\">Der \u00a0 Vertrag von Vossloh-Vorstandssprecher Werner Andree l\u00e4uft im August dieses \u00a0 Jahres aus und wird auf dessen Wunsch nicht verl\u00e4ngert. Das Kontrollgremium \u00a0 muss also bald einen neuen Vorsitzenden berufen. Eine Herausforderung, tobt \u00a0 doch eine erbittert gef\u00fchrte Auseinandersetzung: Der Gro\u00dfaktion\u00e4r Thiele \u00a0 liegt dabei mit der Gr\u00fcnderfamilie Vossloh im Streit &#8211; es geht um die Macht \u00a0 in dem Bahntechnikkonzern. (ntv.de, 05.06.2013)<\/td>\n<\/tr>\n<tr>\n<td height=\"22\"><\/td>\n<td><\/td>\n<td><\/td>\n<td><\/td>\n<td><\/td>\n<td><\/td>\n<\/tr>\n<tr>\n<td height=\"22\"><strong>SGL Carbon<\/strong><\/td>\n<td><\/td>\n<td><\/td>\n<td><\/td>\n<td><\/td>\n<td><\/td>\n<\/tr>\n<tr>\n<td height=\"22\">Robert Koehler<\/td>\n<td align=\"right\">64<\/td>\n<td>Vorstandsvorsitzender<\/td>\n<td>bis 01. Januar 2014<\/td>\n<td><\/td>\n<td><\/td>\n<\/tr>\n<tr>\n<td height=\"22\">J\u00fcrgen K\u00f6hler<\/td>\n<td align=\"right\">53<\/td>\n<td>Vorstandsvorsitzender<\/td>\n<td>ab 01. Januar 2014<\/td>\n<td><\/td>\n<td><\/td>\n<\/tr>\n<tr>\n<td colspan=\"6\" width=\"977\" height=\"44\">K\u00f6hler \u00a0 folgt auf Koehler: J\u00fcrgen K\u00f6hler \u00fcbernahm den Vorstandsvorsitz von Robert \u00a0 Koehler, der nach mehr als 20 Jahren an der Spitze ausgeschieden ist. Der \u00a0 Wiesbadener Konzern steckt derzeit tief in den roten Zahlen, nennt offiziell \u00a0 einen Generationswechsel als Grund f\u00fcr die Ver\u00e4nderungen. (managermagazin \u00a0 online, 29.12.2013)<\/td>\n<\/tr>\n<tr>\n<td height=\"22\"><\/td>\n<td><\/td>\n<td><\/td>\n<td><\/td>\n<td><\/td>\n<td><\/td>\n<\/tr>\n<tr>\n<td height=\"22\">Armin Bruch<\/td>\n<td align=\"right\">60<\/td>\n<td>Vorstand Marketing &amp; Werbung<\/td>\n<td>bis 01. Januar 2014<\/td>\n<td><\/td>\n<td><\/td>\n<\/tr>\n<tr>\n<td colspan=\"6\" width=\"977\" height=\"91\">Armin Bruch hat sein Mandat einvernehmlich niedergelegt und das \u00a0 Unternehmen zum Jahreswechsel verlassen.Seine Vorstandsverantwortlichkeiten \u00a0 werden auf die verbliebenen Gremiumsmitglieder aufgeteilt. \u00a0 Aufsichtsratsvorsitzende Susanne Klatten sagte zum Ausscheiden von Herrn \u00a0 Bruch: &#8222;Ich m\u00f6chte mich in diesem Zusammenhang ebenfalls ausdr\u00fccklich \u00a0 f\u00fcr die langj\u00e4hrigen Verdienste von Armin Bruch bedanken. Er hat seit 2001 \u00a0 erfolgreich das gr\u00f6\u00dfte und profitabelste Gesch\u00e4ftsfeld Performance Products \u00a0 ausgebaut und durch schwierige Zeiten gef\u00fchrt. Ich w\u00fcnsche auch ihm alles \u00a0 Gute auf seinem weiteren Lebensweg.&#8220; (Pressemitteilung, 13.11.2013)<\/td>\n<\/tr>\n<\/tbody>\n<\/table>\n<p><strong>Quelle: Kienbaum Executive Consultants in Zusammenarbeit mit der WirtschaftsWoche; Stand Februar 2014<\/strong><\/p>\n","protected":false},"excerpt":{"rendered":"<p>Dax 30, MDax, TecDax und SDax: Bei den gro\u00dfen b\u00f6rsennotierten Unternehmen stehen etliche Personalien an. Wer nach dem St\u00fchler\u00fccken die Macht im Konzern hat &#8211; und wer an der Spitze bleibt, hat Kienbaum exklusiv f\u00fcr die Wirtschaftswoche ermittelt. Stefan Fischhuber, &hellip; <a href=\"https:\/\/blog.wiwo.de\/management\/2014\/03\/24\/wer-kommt-wer-geht-stuhlerucken-bei-den-dax-unternehmen\/\">Weiterlesen <span class=\"meta-nav\">&rarr;<\/span><\/a><\/p>\n","protected":false},"author":19,"featured_media":0,"comment_status":"open","ping_status":"open","sticky":false,"template":"","format":"standard","meta":{"footnotes":""},"categories":[1],"tags":[3252,256,2832,3247,3251,3249,2831,3248,3250,3253],"class_list":["post-651915","post","type-post","status-publish","format-standard","hentry","category-allgemein","tag-wer-kommt","tag-dax30","tag-kienbaum-executive-consultants","tag-mdax","tag-personalien","tag-sdax","tag-stefan-fischhuber","tag-tecdax","tag-vorstandswechsel","tag-wer-geht"],"_links":{"self":[{"href":"https:\/\/blog.wiwo.de\/management\/wp-json\/wp\/v2\/posts\/651915","targetHints":{"allow":["GET"]}}],"collection":[{"href":"https:\/\/blog.wiwo.de\/management\/wp-json\/wp\/v2\/posts"}],"about":[{"href":"https:\/\/blog.wiwo.de\/management\/wp-json\/wp\/v2\/types\/post"}],"author":[{"embeddable":true,"href":"https:\/\/blog.wiwo.de\/management\/wp-json\/wp\/v2\/users\/19"}],"replies":[{"embeddable":true,"href":"https:\/\/blog.wiwo.de\/management\/wp-json\/wp\/v2\/comments?post=651915"}],"version-history":[{"count":0,"href":"https:\/\/blog.wiwo.de\/management\/wp-json\/wp\/v2\/posts\/651915\/revisions"}],"wp:attachment":[{"href":"https:\/\/blog.wiwo.de\/management\/wp-json\/wp\/v2\/media?parent=651915"}],"wp:term":[{"taxonomy":"category","embeddable":true,"href":"https:\/\/blog.wiwo.de\/management\/wp-json\/wp\/v2\/categories?post=651915"},{"taxonomy":"post_tag","embeddable":true,"href":"https:\/\/blog.wiwo.de\/management\/wp-json\/wp\/v2\/tags?post=651915"}],"curies":[{"name":"wp","href":"https:\/\/api.w.org\/{rel}","templated":true}]}}