{"id":651143,"date":"2014-02-23T15:43:49","date_gmt":"2014-02-23T14:43:49","guid":{"rendered":"https:\/\/blog.wiwo.de\/management\/?p=651143"},"modified":"2014-02-23T15:43:49","modified_gmt":"2014-02-23T14:43:49","slug":"generation-y-kann-leider-nicht-selbstandig-denken-ja-gibt-es-sie-uberhaupt","status":"publish","type":"post","link":"https:\/\/blog.wiwo.de\/management\/2014\/02\/23\/generation-y-kann-leider-nicht-selbstandig-denken-ja-gibt-es-sie-uberhaupt\/","title":{"rendered":"Generation Y kann leider nicht selbst\u00e4ndig denken? Ja gibt es sie \u00fcberhaupt?"},"content":{"rendered":"<p>Also diese sogenannte Generation Y, erst wird sie so gehiped und nun\u00a0&#8211; nach und nach &#8211; wieder entzaubert? Wie genau lesen Sie unten. Kamen sie doch quasi als neue Helden der Arbeit daher &#8211; nur ohne Heldentaten freilich: Selbstbestimmt, nicht so unterw\u00fcrfig wie die Generationen vor ihnen, nicht hierarchieorientiert undsoweiter.<\/p>\n<p>.<\/p>\n<p><strong>Nicht die Kokettier-Ungeduld<\/strong><\/p>\n<p>.<\/p>\n<p>Und Ungeduld wurde ihr zugeschrieben &#8211; aber anders als diese Ungeduld, die sich jeder Manager in einem Fragebogen zuschreibt, wenn er nach seinem gr\u00f6\u00dften Fehler gefragt wird. Diese Kokettier-Ungeduld.<\/p>\n<p>Sondern eine Art\u00a0Ungeduld wie diese: Wenn ihnen ihr Arbeitgeber nicht die versprochenen Aufgaben zuweist und die versprochene Karriere schnell genug erm\u00f6glicht, hauen sie einfach ab. Buckeln? Abwarten? Lange hochdienen? Fehlanzeige bei der Generation Y, hie\u00df es. Und die Personalchefs sollten sich gef\u00e4lligst Gedanken machen, wie man sie halten k\u00f6nne. Wenn sie doch so fl\u00fcchtige Rehe seien.<\/p>\n<p>Dass\u00a0Loyalit\u00e4t zu einem Unternehmen eigentlich aus etwas Gutes sein kann, war irgendwie vergessen.<\/p>\n<p>So, das alles habe ich bisher \u00fcber die sagenhafte Generation Y gelernt, zumindest auf dem &#8211; da haben wir\u00b4s wieder &#8211; geduldigen Papier oder noch geduldigerem Bildschirm.<\/p>\n<p>&nbsp;<\/p>\n<p>&nbsp;<\/p>\n<p><strong>Wo stecken sie denn? Die aus der fordernden, ungeduldiger Generation?<\/strong><\/p>\n<p>Denn: Bei meinen Recherchen sind sie mir einfach noch nicht begegnet. Ob im Bekannten- und Freudeskreis, im Sportclub, an keiner Kneipentheke oder sonstwo.<\/p>\n<p>Da treffe ich eher auf die anderen: die ein Praktikum nach dem anderen absolvieren oder absolvieren mussten, sich lange bewerben und abstrampeln mussten, bis sie eine vern\u00fcnftige oder \u00fcberhaupt eine Stelle haben. Von Rebellengeist keine Spur, eher im Gegenteil.<\/p>\n<p>Das Rebellischste an ihnen ist noch, dass sie ihre zwei Monate Elternurlaub nehmen, jedenfalls die M\u00e4nner. Mein Eindruck: Gar kein so gro\u00dfer Unterschied zu denen, die nicht Generation Y sind.<\/p>\n<p>&nbsp;<\/p>\n<p><strong>Oder sind sie ein Mediengespenst?<\/strong><\/p>\n<p>Sie vermuten nun vielleicht, nur mir begneten die Generation-Y-Menschen nicht? Jennifer Bentz, junge Autorin des Erfolgs-Buchs &#8222;Einfach mal klarkommen. Studium &#8211; Praktikum &#8211; Berufs&#8220; erz\u00e4hlte mir im Zuge einer Recherche zum Thema \u00dcberforderung: &#8222;Die Generation Y sehe ich\u00a0nicht.&#8220; mehr noch: Sie sehe nirgends junge Leute, die im Unternehmen Forderungen stellen k\u00f6nnen \u2013 in ihrem ganzen Freundeskreis nicht. Bentz: &#8222;Diese Generation Y ist wirklich h\u00f6chst omin\u00f6s und\u00a0\u00a0existiert nur in den Medien, nicht in der Realit\u00e4t.&#8220;<\/p>\n<p>Bei der &#8222;Huffington Post&#8220; jedenfalls l\u00e4dt Personaler Thomas Eggert ein, das Thema zu diskutieren, weil er auch Zweifel an der Existenz der Y\u00b4ler hat: \u00a0 <a title=\"Thomas Eggert Personalexperte Generation Y Huffington Post\" href=\"http:\/\/www.huffingtonpost.de\/thomas-eggert\/generation-y-ist-sie-doch_b_4707421.html\" target=\"_blank\">http:\/\/www.huffingtonpost.de\/thomas-eggert\/generation-y-ist-sie-doch_b_4707421.html<\/a><\/p>\n<p>Und zwar seit er die Studie kennt von\u00a0Absolventa Jobnet, &#8222;nach der f\u00fcr Berufseinsteiger das Gehalt das wichtigste Kriterium ist, gefolgt von Themen wie berufliche Perspektive und die spezifische Aufgabe. Allein diese drei Themenfelder machen ca. 61 Prozent der Kriterien aus. Wenig wichtig waren flexible Arbeitszeiten oder das soziale Engagement des Arbeitgebers. Zu lesen im Online-Portal von Haufe.&#8220; Genau so sei es schon bei seinem eigenen Berufseinstieg gewesen &#8211; vor 30 Jahren.<\/p>\n<p>&nbsp;<\/p>\n<p><strong>Und wer entzaubert noch die Generation Y?\u00a0<\/strong><\/p>\n<p>Zum Beispiel der Headhunters <a title=\"Odgers Berndtson Generation Y unselbst\u00e4ndig\" href=\"http:\/\/www.cio.de\/karriere\/2902020\/\" target=\"_blank\">Odgers Berndtson <\/a>mit seiner Umfrage unter 500 Personalchefs. Die Personalexperten schlagen noch ganz andere, wenig schmeichelhafte\u00a0T\u00f6ne \u00fcber die Generation Y an:<\/p>\n<p>Unkritisch sei die Generation Y &#8211; und unselbst\u00e4ndig, kurz, die Headhunter stellten den Youngsters ein &#8222;m\u00e4\u00df<b>iges Zeugnis&#8220; aus. Unterm Strich. Auch wenn sie ansonsten &#8222;sprachgewandt, flexibel und digital-affin&#8220;, also geschickter mit Computern und Internet seien. Nur leider h\u00e4tten, zumindest diejenigen mit Bachelor-Abschluss, zu wenig Fachwissen. Auch wenn jeder zweite Personaler die Generation Y f\u00fcr selbstsicherer und verbindlicher h\u00e4lt (54 Prozent).<\/b><\/p>\n<p>Und es kam noch schlimmer: Die Arb<b>eitsweise<\/b>\u00a0der Generation Y und die Internet-Affinit\u00e4t der jungen Leute sorgt daf\u00fcr, dass \u00a040 Prozent der Personaler denken, dass sie sich nur schwer konzentrieren k\u00f6nnen und schnell abgelenkt sind, 25 Prozent der Personaler glauben sogar, sie seien oberfl\u00e4chlich.<\/p>\n<p>20 Prozent der Personalverantwortlichen meinen, dass der Generation Y die F\u00e4higkeit zu &#8222;Kritik, Selbstreflexion und selbst\u00e4ndigem Denken&#8220; fehle. Und, jetzt kommt\u00b4s &#8211; was besonders in Widerspruch zu ihrem angeblichen Anspruch steht: 44 Prozent sagen zudem, dass sich die F\u00e4higkeit zur Mitarbeiterf\u00fchrung bei den Jungen verschlechtert habe. Freude an F\u00fchrungsaufgaben seien ihnen nicht so wichtig wie\u00a0ihr pers\u00f6nlicher Arbeitsinhalt (73 Prozent), ihr\u00a0Einsetzen pers\u00f6nlicher St\u00e4rken und Talente (65 Prozent) sowie ihr Geld (46 Prozent).\u00a0<a title=\"Unselbst\u00e4ndige Generation Y Odgers Berndtson\" href=\"http:\/\/www.cio.de\/karriere\/2902020\/\" target=\"_blank\">http:\/\/www.cio.de\/karriere\/2902020\/<\/a><\/p>\n<p>&nbsp;<\/p>\n<p>&nbsp;<\/p>\n","protected":false},"excerpt":{"rendered":"<p>Also diese sogenannte Generation Y, erst wird sie so gehiped und nun\u00a0&#8211; nach und nach &#8211; wieder entzaubert? Wie genau lesen Sie unten. Kamen sie doch quasi als neue Helden der Arbeit daher &#8211; nur ohne Heldentaten freilich: Selbstbestimmt, nicht &hellip; <a href=\"https:\/\/blog.wiwo.de\/management\/2014\/02\/23\/generation-y-kann-leider-nicht-selbstandig-denken-ja-gibt-es-sie-uberhaupt\/\">Weiterlesen <span class=\"meta-nav\">&rarr;<\/span><\/a><\/p>\n","protected":false},"author":19,"featured_media":0,"comment_status":"open","ping_status":"open","sticky":false,"template":"","format":"standard","meta":{"footnotes":""},"categories":[1],"tags":[3143,3134,3133,3142],"class_list":["post-651143","post","type-post","status-publish","format-standard","hentry","category-allgemein","tag-absolventa-jobnet","tag-generation-y","tag-jennifer-bentz-einfach-mal-klarkommen","tag-odgers-berndtson"],"_links":{"self":[{"href":"https:\/\/blog.wiwo.de\/management\/wp-json\/wp\/v2\/posts\/651143","targetHints":{"allow":["GET"]}}],"collection":[{"href":"https:\/\/blog.wiwo.de\/management\/wp-json\/wp\/v2\/posts"}],"about":[{"href":"https:\/\/blog.wiwo.de\/management\/wp-json\/wp\/v2\/types\/post"}],"author":[{"embeddable":true,"href":"https:\/\/blog.wiwo.de\/management\/wp-json\/wp\/v2\/users\/19"}],"replies":[{"embeddable":true,"href":"https:\/\/blog.wiwo.de\/management\/wp-json\/wp\/v2\/comments?post=651143"}],"version-history":[{"count":0,"href":"https:\/\/blog.wiwo.de\/management\/wp-json\/wp\/v2\/posts\/651143\/revisions"}],"wp:attachment":[{"href":"https:\/\/blog.wiwo.de\/management\/wp-json\/wp\/v2\/media?parent=651143"}],"wp:term":[{"taxonomy":"category","embeddable":true,"href":"https:\/\/blog.wiwo.de\/management\/wp-json\/wp\/v2\/categories?post=651143"},{"taxonomy":"post_tag","embeddable":true,"href":"https:\/\/blog.wiwo.de\/management\/wp-json\/wp\/v2\/tags?post=651143"}],"curies":[{"name":"wp","href":"https:\/\/api.w.org\/{rel}","templated":true}]}}