{"id":650473,"date":"2013-09-23T15:08:20","date_gmt":"2013-09-23T13:08:20","guid":{"rendered":"https:\/\/blog.wiwo.de\/management\/?p=650473"},"modified":"2013-09-23T15:14:20","modified_gmt":"2013-09-23T13:14:20","slug":"business-behave-post-von-3m-wie-sie-ganz-selten-ist","status":"publish","type":"post","link":"https:\/\/blog.wiwo.de\/management\/2013\/09\/23\/business-behave-post-von-3m-wie-sie-ganz-selten-ist\/","title":{"rendered":"Business Behave: Post von 3M, wie sie ganz selten ist"},"content":{"rendered":"<p>Kompliment an 3M Deutschland in Neuss, sie beweisen Stil. Stil im Umgang mit Mitarbeitern: Da finde ich in unserer Poststelle\u00a0einen Brief an mich mit einer\u00a0&#8222;Einladung zur offiziellen Verabschiedung von Manfred Kremer&#8220;. Den Pressechef, der seiner Company 35 Jahre die Treue gehalten\u00a0und f\u00fcr sie &#8222;ein starkes Netzwerk mit der Au\u00dfenwelt aufgebaut und diese veranwtortungsvolle Aufgabe \u00fcber Jahre hervorragend geleistet hat.<\/p>\n<p>.<\/p>\n<p>Zu seinen Ehren l\u00e4d 3M zu einem Imbi\u00df in die Kantine der Hauptverwaltung in Neuss ein. Und nicht nur seine eigene Abteilung, sondern eben auch seine Business-Kontakte draussen in den Redaktionen, vermutlich noch Agenturen und dergleichen.<\/p>\n<p>.<\/p>\n<p>Und das Signal, das der US-Konzern damit &#8211; gut sichtbar f\u00fcr die ganze Belegschaft &#8211; setzt, d\u00fcrfte seine Wirkung auf das Loyalit\u00e4tsgef\u00fchl in der Kollegenschaft kaum verfehlen.<\/p>\n<p>.<\/p>\n<p>Einzig aus dem Hause Daimler fiel mir k\u00fcrzlich ein \u00e4hnlicher Ehrenabschied auf, der dem Unternehmen wenigstens eine Pressemitteilung wert war: &#8222;Dr.Joachim Schmidt, Leiter Vertrieb und Marketing und Mitglied der Gesch\u00e4ftsleitung Mercedes-Benz Cars, hat entschieden, nach \u00fcber 34 Dienstjahren mit Vollendung seines 65. Lebensjahres seine Aufgabe zum 1. Oktober 2013 in j\u00fcngere H\u00e4nde zu \u00fcbergeben.&#8220; Und weiter: &#8222;Der Vorstand bedankt sich bei Dr. Joachim Schmidt f\u00fcr seine langj\u00e4hrige, erfolgreiche Arbeit. Dr. Dieter Zetsche, Vorsitzender des Vorstands der Daimler AG und Leiter Mercedes-Benz Cars: \u00b4Joachim\u00a0 Schmidt versteht und verk\u00f6rpert Mercedes-Benz wie kaum ein anderer. Unter seiner F\u00fchrung eroberte die Marke viele neue Regionen und begeisterte ihre Kunden mit ihren traditionellen St\u00e4rken. Er hat Vertrieb und Marketing neu ausgerichtet und damit zentrale Weichen gestellt, die Mercedes-Benz in ein neues Zeitalter bringen werden.`\u201c<\/p>\n<p>&nbsp;<\/p>\n<p>.<\/p>\n<p><strong>Wenn selbst der Chef seine Leute nicht mal pers\u00f6nlich verabschiedet<\/strong><\/p>\n<p>Immerhin.\u00a0Etwas Pers\u00f6nliches \u00fcber Herrn Schmidt w\u00e4re zwar noch besser gewesen, aber das wenigstens ist doch schon mal was. Und zwar mehr, als die meisten Unternehmen &#8211; und erst recht in der Gr\u00f6\u00dfenordnung &#8211; f\u00fcr ihre scheidenden Mitarbeiter \u00fcbrig haben.<\/p>\n<p>Oft ist der Chef des Weggehenden nicht mal\u00a0 bei der betriebsinternen Abschiedsfeier anwesend\u00a0oder verabschiedet sich vielleicht auch gar nicht von ihm.<\/p>\n<p><strong>.<\/strong><\/p>\n<p><strong>Auch unfreiwillige Verabsbschiedete verdienen\u00a0Ehrenbezeugungen<\/strong><\/p>\n<p>.<\/p>\n<p>Ist der Abschied denn auch noch unfreiwillig, weil die Firma betriebsbedingt k\u00fcndigt, scheint das den Unternehmen so unangenehm zu sein, dass die Abg\u00e4nge totgeschwiegen werden. Von Feierstunde zum Abschied keine Rede &#8211; selbst nach 20 Jahren an Bord nicht. Die Kollegen trollen sich irgendwann heim wie r\u00e4udige Hunde. Obwohl sie sich nichts haben zuschulden kommen lassen.<\/p>\n<p>.<\/p>\n<p><strong>Imagebildung ist auch der Kranz ans Grab des Betriebsrentners<\/strong><\/p>\n<p>.<\/p>\n<p>Ganz zu schweigen von\u00a0Betriebsrentnern, die versterben: Da predigt Pfarrer dann der von der Kanzel,\u00a0bei welcher Firma\u00a0\u00a0der Mann oder die Frau manchmal ihr ganzes Berufsleben verbracht haben, ohne dass auch nur ein Gru\u00df des Unternehmens an die Hinterbliebenen geht oeschweige denn Blumen oder ein Kranz mit Schleife und Unternehmensgru\u00df. Zu teuer. Todesanzeige in der regionalzeitung? Eingespart. Egal. Den Erben ist\u00b4s peinlich vor der Trauergemeinde, der Pfarrer wundert sich laut, &#8211; auch egal.<\/p>\n<p>.<\/p>\n<p>Ist\u00a0das\u00a0die neue Nachhaltigkeit?<\/p>\n<p>&nbsp;<\/p>\n<p>&nbsp;<\/p>\n<p>&nbsp;<\/p>\n","protected":false},"excerpt":{"rendered":"<p>Kompliment an 3M Deutschland in Neuss, sie beweisen Stil. Stil im Umgang mit Mitarbeitern: Da finde ich in unserer Poststelle\u00a0einen Brief an mich mit einer\u00a0&#8222;Einladung zur offiziellen Verabschiedung von Manfred Kremer&#8220;. Den Pressechef, der seiner Company 35 Jahre die Treue &hellip; <a href=\"https:\/\/blog.wiwo.de\/management\/2013\/09\/23\/business-behave-post-von-3m-wie-sie-ganz-selten-ist\/\">Weiterlesen <span class=\"meta-nav\">&rarr;<\/span><\/a><\/p>\n","protected":false},"author":19,"featured_media":0,"comment_status":"open","ping_status":"open","sticky":false,"template":"","format":"standard","meta":{"footnotes":""},"categories":[1],"tags":[2434,2760,2764,201,248,1575,2761,2762,2758,2759,2763],"class_list":["post-650473","post","type-post","status-publish","format-standard","hentry","category-allgemein","tag-3m","tag-abschied","tag-betriebsrentner","tag-business-behave","tag-daimler","tag-dieter-zetsche","tag-empfang","tag-joachim-schmidt","tag-manfred-kremer","tag-pressechef","tag-traueranzeige"],"_links":{"self":[{"href":"https:\/\/blog.wiwo.de\/management\/wp-json\/wp\/v2\/posts\/650473","targetHints":{"allow":["GET"]}}],"collection":[{"href":"https:\/\/blog.wiwo.de\/management\/wp-json\/wp\/v2\/posts"}],"about":[{"href":"https:\/\/blog.wiwo.de\/management\/wp-json\/wp\/v2\/types\/post"}],"author":[{"embeddable":true,"href":"https:\/\/blog.wiwo.de\/management\/wp-json\/wp\/v2\/users\/19"}],"replies":[{"embeddable":true,"href":"https:\/\/blog.wiwo.de\/management\/wp-json\/wp\/v2\/comments?post=650473"}],"version-history":[{"count":0,"href":"https:\/\/blog.wiwo.de\/management\/wp-json\/wp\/v2\/posts\/650473\/revisions"}],"wp:attachment":[{"href":"https:\/\/blog.wiwo.de\/management\/wp-json\/wp\/v2\/media?parent=650473"}],"wp:term":[{"taxonomy":"category","embeddable":true,"href":"https:\/\/blog.wiwo.de\/management\/wp-json\/wp\/v2\/categories?post=650473"},{"taxonomy":"post_tag","embeddable":true,"href":"https:\/\/blog.wiwo.de\/management\/wp-json\/wp\/v2\/tags?post=650473"}],"curies":[{"name":"wp","href":"https:\/\/api.w.org\/{rel}","templated":true}]}}