{"id":650117,"date":"2013-08-20T23:19:35","date_gmt":"2013-08-20T21:19:35","guid":{"rendered":"https:\/\/blog.wiwo.de\/management\/?p=650117"},"modified":"2013-08-21T00:00:24","modified_gmt":"2013-08-20T22:00:24","slug":"ein-teller-doradenfilet-mit-frank-behrendt-ein-hauch-von-hellas-im-rheinauhafen","status":"publish","type":"post","link":"https:\/\/blog.wiwo.de\/management\/2013\/08\/20\/ein-teller-doradenfilet-mit-frank-behrendt-ein-hauch-von-hellas-im-rheinauhafen\/","title":{"rendered":"Ein Teller Doraden-Filet mit Frank Behrendt: Ein Hauch von Hellas im Rheinauhafen"},"content":{"rendered":"<div id=\"yui_3_7_2_1_1376997970667_13459\"><strong>&#8222;Monopoly f\u00fcr Erwachsene&#8220;<\/strong><\/div>\n<div id=\"yui_3_7_2_1_1376997970667_13462\" style=\"text-align: right\"><\/div>\n<div id=\"yui_3_7_2_1_1376997970667_13353\">\n<div id=\"attachment_650120\" style=\"width: 310px\" class=\"wp-caption aligncenter\"><a href=\"https:\/\/blog.wiwo.de\/management\/files\/2013\/08\/behrendtfrank1.jpg\"><img loading=\"lazy\" decoding=\"async\" aria-describedby=\"caption-attachment-650120\" class=\"size-medium wp-image-650120\" alt=\"Frank Behrend, Gesch\u00e4ftsf\u00fchrer der PR-Agentur FischerAppelt\" src=\"https:\/\/blog.wiwo.de\/management\/files\/2013\/08\/behrendtfrank1-300x225.jpg\" width=\"300\" height=\"225\" srcset=\"https:\/\/blog.wiwo.de\/management\/files\/2013\/08\/behrendtfrank1-300x225.jpg 300w, https:\/\/blog.wiwo.de\/management\/files\/2013\/08\/behrendtfrank1-400x300.jpg 400w, https:\/\/blog.wiwo.de\/management\/files\/2013\/08\/behrendtfrank1.jpg 650w\" sizes=\"auto, (max-width: 300px) 100vw, 300px\" \/><\/a><p id=\"caption-attachment-650120\" class=\"wp-caption-text\">Frank Behrendt, Vorstand der PR-Agentur FischerAppelt<\/p><\/div>\n<\/div>\n<div id=\"yui_3_7_2_1_1376997970667_13464\">&#8222;50 Prozent der M\u00fctter in Kindergarten und Schule erz\u00e4hlen Unfug \u00fcber die &#8211; angeblichen &#8211; Wunderleistungen ihrer Kinder. Dass sie am Vorabend wieder mal den Papi beim Schach besiegt haben und \u00fcberhaupt ganz hochbegabt sind.&#8220; Beim Thema superehrgeizige Mamis geht Frank Behrendt die Hutschnur hoch. Denn der Vorstand der PR-Agentur FischerAppelt wei\u00df ganz genau, wovon er spricht.\u00a0Behrendt ist Familienvater und hat drei Kinder &#8211;\u00a0Emily, Josh und Holly.\u00a0&#8222;Die sind zusammen mit meiner Frau das Wichtigste in meinem Leben. Der Rest ist Monopoly f\u00fcr Erwachsene&#8220;, sagt er.<\/div>\n<div>.<\/div>\n<div>.<\/div>\n<div id=\"yui_3_7_2_1_1376997970667_13467\">Ansonsten wurmt ihn gerade nur seine Schramme auf der Stirn, die ist dem\u00a01,93-Meter-Mann irgendwie doch unangenehm. Die hat er sich erst heute fr\u00fch, Montagsmorgens, eingehandelt. Als er unten in der Tiefgarage vor eine Ampel gelaufen ist, die am Freitag da noch nicht war. Aber es ist ihm nur ein ganz kleines bisschen unangenehm, denn eigentlich passiert so etwas jedem &#8211; nur dass er sich traut, es zu erz\u00e4hlen. Er h\u00e4tte ja auch irgendeine Ausrede erfinden k\u00f6nnen. Von einem spannenden Sportunfall oder etwas anderem, was imponiert. Aber das hat der umtriebige PR-Profi, der an der M\u00fcnchner Journalistenschule ausgebildet wurde, gar nicht n\u00f6tig. Er sagt einfach, wie\u00b4s war, was Sache ist und genau das macht ihn so sympathisch. Er spricht von\u00a0der l\u00e4ngsten Tiefgarage Europas, die sich \u00fcber mehr als einen Kilometer gleich neben dem Rhein unter den schicken neuen Kranh\u00e4usern hinzieht und in der gleich mehrere Gro\u00dfkanzleien wie Freshfields, R\u00f6dl &amp; Partner oder CMS auf gro\u00dfen Schildern ihren Mandanten zeigen, wo sie ihr Auto lassen k\u00f6nnen. Besser als die parkhauseigenen Markierungen.<\/div>\n<div>.<\/div>\n<div id=\"yui_3_7_2_1_1376997970667_13470\"><a href=\"https:\/\/blog.wiwo.de\/management\/files\/2013\/08\/behrendt.winnetou.jpg\"><img loading=\"lazy\" decoding=\"async\" class=\"alignright size-thumbnail wp-image-650123\" alt=\"behrendt.winnetou\" src=\"https:\/\/blog.wiwo.de\/management\/files\/2013\/08\/behrendt.winnetou-150x150.jpg\" width=\"150\" height=\"150\" \/><\/a><\/div>\n<div>Von da aus kann man gleich hochfahren in Behrendts B\u00fcro im Kranhaus S\u00fcd mit dem sch\u00f6nen Blick auf die Marina, die alte Hafenanlage. Wo er seine MSV-Duisburg-Utensilien und das Foto von ihm selbst als Winnetou vorzeigt.<\/div>\n<div>.<\/div>\n<div><strong>Timpo-Treff in Herne<\/strong><\/div>\n<div>.<\/div>\n<div id=\"yui_3_7_2_1_1376997970667_13472\">Stolz erz\u00e4hlt er von seiner Sammelleidenschaft: den 3.000 Timpo-Figuren, die er zusammengetragen hat und schw\u00e4rmt von der Herner Sammlerb\u00f6rse. Zu der kommen sogar Sammler aus den USA geflogen oder der Ex-Betriebsrat, der f\u00fcr einen Euro ein Unternehmen \u00fcbernahm, wieder hoch brachte und damit Million\u00e4r wurde. Der hat \u00a0aber schon 100 000 Figuren und will damit demn\u00e4chst ein Timpo-Museum er\u00f6ffnen und ausstaffieren. Es seien alles gro\u00dfe Jungs, die von Beruf Klinikchef oder Manager sind, sagt Behrendt. Die trifft er dann in Herne wieder &#8211; man kennt sich. Auf Flohm\u00e4rkten seien Timpo-Figuren nicht mehr zu finden, aber daf\u00fcr bei Ebay.<\/div>\n<div><a href=\"https:\/\/blog.wiwo.de\/management\/files\/2013\/08\/timpo.jpg\"><img loading=\"lazy\" decoding=\"async\" class=\"alignright size-medium wp-image-650134\" alt=\"timpo\" src=\"https:\/\/blog.wiwo.de\/management\/files\/2013\/08\/timpo-300x225.jpg\" width=\"300\" height=\"225\" srcset=\"https:\/\/blog.wiwo.de\/management\/files\/2013\/08\/timpo-300x225.jpg 300w, https:\/\/blog.wiwo.de\/management\/files\/2013\/08\/timpo-400x300.jpg 400w, https:\/\/blog.wiwo.de\/management\/files\/2013\/08\/timpo.jpg 640w\" sizes=\"auto, (max-width: 300px) 100vw, 300px\" \/><\/a><\/div>\n<div>Seine Sch\u00e4tze h\u00fctet er zuhause in einem eigenen Raum. Teils in Originalverpackung aus den 70-ern, das meiste sorgsam in Vitrinen verstaut. Fotos hat er denn auch gleich parat.<\/div>\n<div>.<\/div>\n<div><strong>Einer wie er versteht sie<\/strong><\/div>\n<div>.<\/div>\n<div>Und wir kommen auf Manager zu sprechen, die vielleicht auch eine Sammlerleidenschaft pflegen, das aber nicht offen erz\u00e4hlen. Wenn einer zum Beispiel Rotwein-Flaschen mit dem Jahrgang 1963 sammelt, weil er da seine Frau kennen lernte. Ihm vertrauen sie dann ihren eigenen Sammeltrieb an, &#8222;weil jemand wie er es ja versteht&#8220;. Sie selbst trauen sich meistens nicht, ihr Hobby preiszugeben. Weil sie Angst haben, dass jemand dar\u00fcber lachen k\u00f6nnte. Und weil sie lieber stromlinienf\u00f6rmig sein wollen. Um ja keine Angriffsfl\u00e4che zu bieten. Lieber gelten sie als langweilig.<\/div>\n<div>.<\/div>\n<div>.<\/div>\n<div><a href=\"https:\/\/blog.wiwo.de\/management\/files\/2013\/08\/behrendt.devotionalien.jpg\"><img loading=\"lazy\" decoding=\"async\" class=\"alignleft size-thumbnail wp-image-650122\" alt=\"behrendt.devotionalien\" src=\"https:\/\/blog.wiwo.de\/management\/files\/2013\/08\/behrendt.devotionalien-150x150.jpg\" width=\"150\" height=\"150\" \/><\/a><\/div>\n<div><\/div>\n<div><strong>Darf ein Manager zugeben, dass er ein H\u00f6rger\u00e4t hat?<\/strong><\/div>\n<div><\/div>\n<div id=\"yui_3_7_2_1_1376997970667_13475\">Das kommt f\u00fcr Behrendt selbst nicht infrage und auch Managern, denen er als PR-Profi beisteht, gibt er \u00f6fter den Tipp, ruhig etwas von sich selbst zu erz\u00e4hlen. Und wir kommen ins Sinnieren: Ob das auch ein H\u00f6rger\u00e4t sein kann? Darf man eine k\u00f6rperliche Unzul\u00e4nglichkeit zugeben, wenn man im Top-Management ist? Doch, durchaus. Zwar versuchen sich heute alle Manager samt und sonders als kerngesund und top-durchtrainiert zu verkaufen, doch stimmen muss das beileibe nicht. Ob es denn so sein muss, dass man m\u00f6glichst unangreifbar und perfekt dasteht? Oder ob auch ein Top-Manager auch mal eine Behinderung offen zugeben kann? Doch, ja, finden wir dann. Aber es erfordert eben Mut.<\/div>\n<div>.<\/div>\n<div><\/div>\n<div id=\"yui_3_7_2_1_1376997970667_13476\">\n<div id=\"attachment_650121\" style=\"width: 310px\" class=\"wp-caption aligncenter\"><a href=\"https:\/\/blog.wiwo.de\/management\/files\/2013\/08\/behrendt.doradenfilet.jpg\"><img loading=\"lazy\" decoding=\"async\" aria-describedby=\"caption-attachment-650121\" class=\"size-medium wp-image-650121\" alt=\"Doradenfilet mit Zitronenkartoffeln und Spinat im K\u00f6lner Limani im Rheinauhafen\" src=\"https:\/\/blog.wiwo.de\/management\/files\/2013\/08\/behrendt.doradenfilet-300x225.jpg\" width=\"300\" height=\"225\" srcset=\"https:\/\/blog.wiwo.de\/management\/files\/2013\/08\/behrendt.doradenfilet-300x225.jpg 300w, https:\/\/blog.wiwo.de\/management\/files\/2013\/08\/behrendt.doradenfilet-400x300.jpg 400w, https:\/\/blog.wiwo.de\/management\/files\/2013\/08\/behrendt.doradenfilet.jpg 650w\" sizes=\"auto, (max-width: 300px) 100vw, 300px\" \/><\/a><p id=\"caption-attachment-650121\" class=\"wp-caption-text\">Doradenfilet mit Zitronenkartoffeln und Spinat im K\u00f6lner Limani im Rheinauhafen<\/p><\/div>\n<\/div>\n<div id=\"yui_3_7_2_1_1376997970667_13478\"><strong>&#8222;Cola k\u00fcsst Orange&#8220;<\/strong><\/div>\n<div><\/div>\n<div>Sp\u00e4ter im\u00a0Limani im\u00a0<a title=\"Rheinauhafen K\u00f6ln\" href=\"http:\/\/www.rheinauhafen-koeln.de\/willkommen\" target=\"_blank\">Rheinauhafen<\/a>\u00a0isst der Agenturchef ein Doradenfilet mit Blattspinat und Zitronenkartoffeln. &#8222;Herrlich mediterran,&#8220; spottet er. &#8222;Schmeckt gar nicht wie K\u00f6ln, sondern wie nach einem ein Hauch von Hellas&#8220;. Und dazu trinkt er nicht etwa K\u00f6lsch oder Wein, sondern Spezi. Die liebt er von klein auf. Und ob ich mich an den Werbespruch erinnere, \u00a0&#8220; Cola k\u00fcsst Orange&#8220;? Bis er auf Latte Macchiato umsteigt.<\/div>\n<div>.<\/div>\n<div>Und w\u00e4hrend wir noch sitzen und \u00fcber PR-Probleme von Top-Managern sprechen, bietet sich ein erstaunliches Schauspiel: der <a title=\"Rhein Havarie Sperrung\" href=\"http:\/\/www.spiegel.de\/panorama\/drei-schiffe-auf-grund-gelaufen-rhein-bei-koeln-gesperrt-a-917444.html\" target=\"_blank\">Rhein wird gesperrt<\/a>. Mehrere Passagierschiffe werden von der Waschpo &#8211; der Wasserschutzpolizei &#8211; eskortiert und gezwungen, beizudrehen. So muss auch &#8222;Prins Willem Alexander&#8220; mitten auf dem Rhein wenden, weil &#8211; wie sich sp\u00e4ter herausstellt, etwas weiter gleich drei Frachter auf Grund gelaufen sind.<\/div>\n<div><\/div>\n<div><a id=\"yui_3_7_2_1_1376997970667_13489\" href=\"http:\/\/www.ksta.de\/koeln\/rhein-erneut-gesperrt-wieder-schiff-auf-grund-gelaufen,15187530,24056578.html\" target=\"_blank\" rel=\"nofollow\">http:\/\/www.ksta.de\/koeln\/rhein-erneut-gesperrt-wieder-schiff-auf-grund-gelaufen,15187530,24056578.html<\/a><\/div>\n<div><\/div>\n<div><a title=\"Havarie Rhein K\u00f6ln\" href=\"http:\/\/www.spiegel.de\/panorama\/drei-schiffe-auf-grund-gelaufen-rhein-bei-koeln-gesperrt-a-917444.html\" target=\"_blank\">http:\/\/www.spiegel.de\/panorama\/drei-schiffe-auf-grund-gelaufen-rhein-bei-koeln-gesperrt-a-917444.html<\/a><\/div>\n<div><\/div>\n","protected":false},"excerpt":{"rendered":"<p>&#8222;Monopoly f\u00fcr Erwachsene&#8220; &#8222;50 Prozent der M\u00fctter in Kindergarten und Schule erz\u00e4hlen Unfug \u00fcber die &#8211; angeblichen &#8211; Wunderleistungen ihrer Kinder. Dass sie am Vorabend wieder mal den Papi beim Schach besiegt haben und \u00fcberhaupt ganz hochbegabt sind.&#8220; Beim Thema &hellip; <a href=\"https:\/\/blog.wiwo.de\/management\/2013\/08\/20\/ein-teller-doradenfilet-mit-frank-behrendt-ein-hauch-von-hellas-im-rheinauhafen\/\">Weiterlesen <span class=\"meta-nav\">&rarr;<\/span><\/a><\/p>\n","protected":false},"author":19,"featured_media":0,"comment_status":"open","ping_status":"open","sticky":false,"template":"","format":"standard","meta":{"footnotes":""},"categories":[1],"tags":[1550,2633,2617,868],"class_list":["post-650117","post","type-post","status-publish","format-standard","hentry","category-allgemein","tag-ein-teller-mit","tag-fischerappelt","tag-frank-behrendt","tag-pr"],"_links":{"self":[{"href":"https:\/\/blog.wiwo.de\/management\/wp-json\/wp\/v2\/posts\/650117","targetHints":{"allow":["GET"]}}],"collection":[{"href":"https:\/\/blog.wiwo.de\/management\/wp-json\/wp\/v2\/posts"}],"about":[{"href":"https:\/\/blog.wiwo.de\/management\/wp-json\/wp\/v2\/types\/post"}],"author":[{"embeddable":true,"href":"https:\/\/blog.wiwo.de\/management\/wp-json\/wp\/v2\/users\/19"}],"replies":[{"embeddable":true,"href":"https:\/\/blog.wiwo.de\/management\/wp-json\/wp\/v2\/comments?post=650117"}],"version-history":[{"count":0,"href":"https:\/\/blog.wiwo.de\/management\/wp-json\/wp\/v2\/posts\/650117\/revisions"}],"wp:attachment":[{"href":"https:\/\/blog.wiwo.de\/management\/wp-json\/wp\/v2\/media?parent=650117"}],"wp:term":[{"taxonomy":"category","embeddable":true,"href":"https:\/\/blog.wiwo.de\/management\/wp-json\/wp\/v2\/categories?post=650117"},{"taxonomy":"post_tag","embeddable":true,"href":"https:\/\/blog.wiwo.de\/management\/wp-json\/wp\/v2\/tags?post=650117"}],"curies":[{"name":"wp","href":"https:\/\/api.w.org\/{rel}","templated":true}]}}