{"id":650007,"date":"2013-08-09T14:06:57","date_gmt":"2013-08-09T12:06:57","guid":{"rendered":"https:\/\/blog.wiwo.de\/management\/?p=650007"},"modified":"2013-08-09T16:25:07","modified_gmt":"2013-08-09T14:25:07","slug":"welche-kanzleien-juve-2013-nominiert","status":"publish","type":"post","link":"https:\/\/blog.wiwo.de\/management\/2013\/08\/09\/welche-kanzleien-juve-2013-nominiert\/","title":{"rendered":"Welche Kanzleien &#8222;Juve&#8220; 2013 nominiert"},"content":{"rendered":"<p>Das Fachblatt &#8222;Juve&#8220; hat ver\u00f6ffentlicht, wenn sie dieses Jahr nominiert &#8211; und d\u00fcrfte damit manch einem Nicht-Nominierten das Wochenende verhageln. Die erste Kanzlei &#8211; Noerr &#8211; hat bereits die erste Pressemitteilung dazu verschickt und damit jedenfalls schon mal den Preis f\u00fcr Geschwindigkeit und Kompetenz f\u00fcr ihre Pressestelle verdient. Ganz abgesehen davon, dass ihre Anw\u00e4lte in sechs Kategorien von &#8222;Juve&#8220; nominiert wurden. Noerr schnitt auch bei der Unternehmens-Befragung &#8222;WirtschaftsWoche&#8220; besonders gut ab und belegte dort den zweiten Platz.<\/p>\n<p>Zum ersten Mal w\u00fcrdigt &#8222;Juve&#8220; den gesamten deutschsprachige Raum und benennt auch \u00f6sterreichische Kanzleien in einer eigenen Kategorie.<\/p>\n<p>Die Basis der Auswahl: &#8222;Mehrere Tausend Gespr\u00e4che und schriftliche Befragungen von Mandanten, Partnern, Nachwuchsanw\u00e4lten und Richtern. In diesem Jahr kamen so w\u00e4hrend der Recherche f\u00fcr das JUVE Handbuch 2013\/2014 \u00fcber 19.000 Kontakte zusammen. Bei der Auswahl der Preistr\u00e4ger achtet die JUVE Redaktion besonders auf Einsch\u00e4tzungen zur fachlichen Kompetenz sowie auf strategische Ausrichtung, Serviceorientierung und Zukunftspotenzial.&#8220;<\/p>\n<div>\n<p>Am 23. Oktober ist dann Show-down in Frankfurt bei der Verleihung der Juve Awards.<\/p>\n<p>.<\/p>\n<div id=\"juve_awards_current\">\n<div>\n<div id=\"currentaward\">\n<h2>JUVE AWARDS 2013: SIEGER UND NOMINIERTE<\/h2>\n<div>\n<div id=\"currentaward_tab1\">Sieger<\/div>\n<div id=\"currentaward_tab2\">Nominierte<\/div>\n<\/div>\n<div id=\"currentaward_tab_content\">\n<div id=\"currentaward_content2\">\n<ul>\n<li><strong>KANZLEI DES JAHRES<\/strong><\/li>\n<li><a href=\"http:\/\/juve.de\/awards\/nominiert\/150\/82\">Baker &amp; Mckenzie<\/a><\/li>\n<li><a href=\"http:\/\/juve.de\/awards\/nominiert\/150\/615\">Flick Gocke Schaumburg<\/a><\/li>\n<li><a href=\"http:\/\/juve.de\/awards\/nominiert\/150\/927\">Hengeler Mueller<\/a><\/li>\n<li><a href=\"http:\/\/juve.de\/awards\/nominiert\/150\/1085\">Jones Day<\/a><\/li>\n<li><a href=\"http:\/\/juve.de\/awards\/nominiert\/150\/1511\">McDermott Will &amp; Emery<\/a><\/li>\n<li><\/li>\n<li><strong>KANZLEI DES JAHRES \u00d6STERREICH<\/strong><\/li>\n<li><a href=\"http:\/\/juve.de\/awards\/nominiert\/175\/5639\">Arnold<\/a><\/li>\n<li><a href=\"http:\/\/juve.de\/awards\/nominiert\/175\/5640\">Baker &amp; McKenzie Diwok Hermann Petsche<\/a><\/li>\n<li><a href=\"http:\/\/juve.de\/awards\/nominiert\/175\/5642\">CHSH Cerha Hempel Spiegelfeld Hlawati<\/a><\/li>\n<li><a href=\"http:\/\/juve.de\/awards\/nominiert\/175\/5643\">CMS Reich-Rohrwig Hainz<\/a><\/li>\n<li><a href=\"http:\/\/juve.de\/awards\/nominiert\/175\/5644\">Eisenberger &amp; Herzog<\/a><\/li>\n<li><\/li>\n<li><strong>KANZLEI DES JAHRES F\u00dcR DEN MITTELSTAND<\/strong><\/li>\n<li><a href=\"http:\/\/juve.de\/awards\/nominiert\/151\/17\">Ahlers &amp; Vogel<\/a><\/li>\n<li><a href=\"http:\/\/juve.de\/awards\/nominiert\/151\/5016\">Arqis<\/a><\/li>\n<li><a href=\"http:\/\/juve.de\/awards\/nominiert\/151\/2641\">BMH Br\u00e4utigam &amp; Partner<\/a><\/li>\n<li><a href=\"http:\/\/juve.de\/awards\/nominiert\/151\/848\">Happ Luther<\/a><\/li>\n<li><a href=\"http:\/\/juve.de\/awards\/nominiert\/151\/1529\">Menold Bezler<\/a><\/li>\n<li><\/li>\n<li><strong>GR\u00dcNDERZEIT-AWARD<\/strong><\/li>\n<li><a href=\"http:\/\/juve.de\/awards\/nominiert\/152\/5629\">Fleet Hamburg<\/a><\/li>\n<li><a href=\"http:\/\/juve.de\/awards\/nominiert\/152\/5631\">G\u00fctt Olk Feldhaus<\/a><\/li>\n<li><a href=\"http:\/\/juve.de\/awards\/nominiert\/152\/5071\">Langrock Vo\u00df &amp; Soyka<\/a><\/li>\n<li><a href=\"http:\/\/juve.de\/awards\/nominiert\/152\/5632\">Pohlmann &amp; Company<\/a><\/li>\n<li><a href=\"http:\/\/juve.de\/awards\/nominiert\/152\/5633\">Vogel &amp; Partner<\/a><\/li>\n<li><\/li>\n<li><strong>KANZLEI DES JAHRES F\u00dcR ARBEITSRECHT<\/strong><\/li>\n<li><a href=\"http:\/\/juve.de\/awards\/nominiert\/153\/82\">Baker &amp; McKenzie<\/a><\/li>\n<li><a href=\"http:\/\/juve.de\/awards\/nominiert\/153\/370\">CMS Hasche Sigle<\/a><\/li>\n<li><a href=\"http:\/\/juve.de\/awards\/nominiert\/153\/472\">DLA Piper<\/a><\/li>\n<li><a href=\"http:\/\/juve.de\/awards\/nominiert\/153\/1192\">Kliemt &amp; Vollst\u00e4dt<\/a><\/li>\n<li><a href=\"http:\/\/juve.de\/awards\/nominiert\/153\/1508\">Mayer Brown<\/a><\/li>\n<li><\/li>\n<li><strong>KANZLEI DES JAHRES F\u00dcR BANK- UND FINANZRECHT<\/strong><\/li>\n<li><a href=\"http:\/\/juve.de\/awards\/nominiert\/154\/1085\">Jones Day<\/a><\/li>\n<li><a href=\"http:\/\/juve.de\/awards\/nominiert\/154\/1363\">Latham &amp; Watkins<\/a><\/li>\n<li><a href=\"http:\/\/juve.de\/awards\/nominiert\/154\/2145\">SJ Berwin<\/a><\/li>\n<li><a href=\"http:\/\/juve.de\/awards\/nominiert\/154\/2146\">Skadden Arps Slate Meagher &amp; Flom<\/a><\/li>\n<li><a href=\"http:\/\/juve.de\/awards\/nominiert\/154\/2263\">Sullivan &amp; Cromwell<\/a><\/li>\n<li><\/li>\n<li><strong>KANZLEI DES JAHRES F\u00dcR DISPUTE RESOLUTION<\/strong><\/li>\n<li><a href=\"http:\/\/juve.de\/awards\/nominiert\/155\/27\">Allen &amp; Overy<\/a><\/li>\n<li><a href=\"http:\/\/juve.de\/awards\/nominiert\/155\/641\">Freshfields Bruckhaus Deringer<\/a><\/li>\n<li><a href=\"http:\/\/juve.de\/awards\/nominiert\/155\/927\">Hengeler Mueller<\/a><\/li>\n<li><a href=\"http:\/\/juve.de\/awards\/nominiert\/155\/1459\">Luther<\/a><\/li>\n<li><a href=\"http:\/\/juve.de\/awards\/nominiert\/155\/5014\">Noerr<\/a><\/li>\n<li><\/li>\n<li><strong>KANZLEI DES JAHRES F\u00dcR IMMOBILIEN- UND BAURECHT<\/strong><\/li>\n<li><a href=\"http:\/\/juve.de\/awards\/nominiert\/156\/27\">Allen &amp; Overy<\/a><\/li>\n<li><a href=\"http:\/\/juve.de\/awards\/nominiert\/156\/171\">Berwin Leighton Paisner<\/a><\/li>\n<li><a href=\"http:\/\/juve.de\/awards\/nominiert\/156\/927\">Hengeler Mueller<\/a><\/li>\n<li><a href=\"http:\/\/juve.de\/awards\/nominiert\/156\/1114\">Kapellmann und Partner<\/a><\/li>\n<li><a href=\"http:\/\/juve.de\/awards\/nominiert\/156\/5014\">Noerr<\/a><\/li>\n<li><\/li>\n<li><strong>KANZLEI DES JAHRES F\u00dcR IP<\/strong><\/li>\n<li><a href=\"http:\/\/juve.de\/awards\/nominiert\/157\/803\">Gr\u00fcnecker<\/a><\/li>\n<li><a href=\"http:\/\/juve.de\/awards\/nominiert\/157\/5018\">Harte-Bavendamm<\/a><\/li>\n<li><a href=\"http:\/\/juve.de\/awards\/nominiert\/157\/1085\">Jones Day<\/a><\/li>\n<li><a href=\"http:\/\/juve.de\/awards\/nominiert\/157\/5015\">Klaka<\/a><\/li>\n<li><a href=\"http:\/\/juve.de\/awards\/nominiert\/157\/1773\">Preu Bohlig &amp; Partner<\/a><\/li>\n<li><\/li>\n<li><strong>KANZLEI DES JAHRES F\u00dcR KARTELLRECHT<\/strong><\/li>\n<li><a href=\"http:\/\/juve.de\/awards\/nominiert\/158\/5641\">Buntscheck<\/a><\/li>\n<li><a href=\"http:\/\/juve.de\/awards\/nominiert\/158\/641\">Freshfields Bruckhaus Deringer<\/a><\/li>\n<li><a href=\"http:\/\/juve.de\/awards\/nominiert\/158\/737\">Gleiss Lutz<\/a><\/li>\n<li><a href=\"http:\/\/juve.de\/awards\/nominiert\/158\/5014\">Noerr<\/a><\/li>\n<li><a href=\"http:\/\/juve.de\/awards\/nominiert\/158\/1684\">Oppenl\u00e4nder<\/a><\/li>\n<li><\/li>\n<li><strong>KANZLEI DES JAHRES F\u00dcR M&amp;A<\/strong><\/li>\n<li><a href=\"http:\/\/juve.de\/awards\/nominiert\/159\/370\">CMS Hasche Sigle<\/a><\/li>\n<li><a href=\"http:\/\/juve.de\/awards\/nominiert\/159\/472\">DLA Piper<\/a><\/li>\n<li><a href=\"http:\/\/juve.de\/awards\/nominiert\/159\/1417\">Linklaters<\/a><\/li>\n<li><a href=\"http:\/\/juve.de\/awards\/nominiert\/159\/2645\">Oppenhoff &amp; Partner<\/a><\/li>\n<li><a href=\"http:\/\/juve.de\/awards\/nominiert\/159\/2500\">Willkie Farr &amp; Gallagher<\/a><\/li>\n<li><\/li>\n<li><strong>KANZLEI DES JAHRES F\u00dcR MEDIEN UND TECHNOLOGIE<\/strong><\/li>\n<li><a href=\"http:\/\/juve.de\/awards\/nominiert\/160\/927\">Hengeler Mueller<\/a><\/li>\n<li><a href=\"http:\/\/juve.de\/awards\/nominiert\/160\/1444\">Loschelder<\/a><\/li>\n<li><a href=\"http:\/\/juve.de\/awards\/nominiert\/160\/1511\">McDermott Will &amp; Emery<\/a><\/li>\n<li><a href=\"http:\/\/juve.de\/awards\/nominiert\/160\/5567\">Olswang<\/a><\/li>\n<li><a href=\"http:\/\/juve.de\/awards\/nominiert\/160\/5084\">Raue<\/a><\/li>\n<li><\/li>\n<li><strong>KANZLEI DES JAHRES F\u00dcR PRIVATE EQUITY &amp; VENTURE CAPITAL<\/strong><\/li>\n<li><a href=\"http:\/\/juve.de\/awards\/nominiert\/161\/364\">Clifford Chance<\/a><\/li>\n<li><a href=\"http:\/\/juve.de\/awards\/nominiert\/161\/370\">CMS Hasche Sigle<\/a><\/li>\n<li><a href=\"http:\/\/juve.de\/awards\/nominiert\/161\/927\">Hengeler Mueller<\/a><\/li>\n<li><a href=\"http:\/\/juve.de\/awards\/nominiert\/161\/5014\">Noerr<\/a><\/li>\n<li><a href=\"http:\/\/juve.de\/awards\/nominiert\/161\/1690\">Osborne Clarke<\/a><\/li>\n<li><\/li>\n<li><strong>KANZLEI DES JAHRES F\u00dcR REGULIERTE INDUSTRIEN<\/strong><\/li>\n<li><a href=\"http:\/\/juve.de\/awards\/nominiert\/162\/370\">CMS Hasche Sigle<\/a><\/li>\n<li><a href=\"http:\/\/juve.de\/awards\/nominiert\/162\/848\">Happ Luther<\/a><\/li>\n<li><a href=\"http:\/\/juve.de\/awards\/nominiert\/162\/5014\">Noerr<\/a><\/li>\n<li><a href=\"http:\/\/juve.de\/awards\/nominiert\/162\/5084\">Raue<\/a><\/li>\n<li><a href=\"http:\/\/juve.de\/awards\/nominiert\/162\/1817\">Redeker Sellner Dahs<\/a><\/li>\n<li><\/li>\n<li><strong>KANZLEI DES JAHRES F\u00dcR STEUERRECHT<\/strong><\/li>\n<li><a href=\"http:\/\/juve.de\/awards\/nominiert\/163\/641\">Freshfields Bruckhaus Deringer<\/a><\/li>\n<li><a href=\"http:\/\/juve.de\/awards\/nominiert\/163\/4959\">K\u00fcffner Maunz Langer Zugmaier<\/a><\/li>\n<li><a href=\"http:\/\/juve.de\/awards\/nominiert\/163\/1459\">Luther<\/a><\/li>\n<li><a href=\"http:\/\/juve.de\/awards\/nominiert\/163\/1511\">McDermott Will &amp; Emery<\/a><\/li>\n<li><a href=\"http:\/\/juve.de\/awards\/nominiert\/163\/5014\">Noerr<\/a><\/li>\n<li><\/li>\n<li><strong>INHOUSE-TEAM DES JAHRES<\/strong><\/li>\n<li><a href=\"http:\/\/juve.de\/awards\/nominiert\/164\/5634\">Axel Springer<\/a><\/li>\n<li><a href=\"http:\/\/juve.de\/awards\/nominiert\/164\/5041\">Bayer<\/a><\/li>\n<li><a href=\"http:\/\/juve.de\/awards\/nominiert\/164\/5635\">MPC Capital<\/a><\/li>\n<li><a href=\"http:\/\/juve.de\/awards\/nominiert\/164\/4971\">Siemens<\/a><\/li>\n<li><a href=\"http:\/\/juve.de\/awards\/nominiert\/164\/5636\">Zalando<\/a><\/li>\n<li><\/li>\n<li><strong>INHOUSE-TEAM DES JAHRES F\u00dcR M&amp;A<\/strong><\/li>\n<li><a href=\"http:\/\/juve.de\/awards\/nominiert\/165\/5041\">Bayer<\/a><\/li>\n<li><a href=\"http:\/\/juve.de\/awards\/nominiert\/165\/5637\">Bertelsmann<\/a><\/li>\n<li><a href=\"http:\/\/juve.de\/awards\/nominiert\/165\/5560\">ProSiebenSat.1<\/a><\/li>\n<li><a href=\"http:\/\/juve.de\/awards\/nominiert\/165\/4966\">Rewe<\/a><\/li>\n<li><a href=\"http:\/\/juve.de\/awards\/nominiert\/165\/5638\">SAP<\/a><\/li>\n<li><\/li>\n<li><strong>INHOUSE-TEAM DES JAHRES REGULIERTE INDUSTRIEN<\/strong><\/li>\n<li><a href=\"http:\/\/juve.de\/awards\/nominiert\/166\/5645\">ARAG<\/a><\/li>\n<li><a href=\"http:\/\/juve.de\/awards\/nominiert\/166\/5646\">DB Energie<\/a><\/li>\n<li><a href=\"http:\/\/juve.de\/awards\/nominiert\/166\/5647\">Enercon<\/a><\/li>\n<li><a href=\"http:\/\/juve.de\/awards\/nominiert\/166\/5648\">Referat f\u00fcr EU-Prozesse der Bundesrepublik<\/a><\/li>\n<li><a href=\"http:\/\/juve.de\/awards\/nominiert\/166\/5649\">ZDF<\/a><\/li>\n<\/ul>\n<\/div>\n<\/div>\n<\/div>\n<\/div>\n<div><\/div>\n<\/div>\n<div id=\"juve_awards_sponsors\"><\/div>\n<\/div>\n","protected":false},"excerpt":{"rendered":"<p>Das Fachblatt &#8222;Juve&#8220; hat ver\u00f6ffentlicht, wenn sie dieses Jahr nominiert &#8211; und d\u00fcrfte damit manch einem Nicht-Nominierten das Wochenende verhageln. Die erste Kanzlei &#8211; Noerr &#8211; hat bereits die erste Pressemitteilung dazu verschickt und damit jedenfalls schon mal den Preis &hellip; <a href=\"https:\/\/blog.wiwo.de\/management\/2013\/08\/09\/welche-kanzleien-juve-2013-nominiert\/\">Weiterlesen <span class=\"meta-nav\">&rarr;<\/span><\/a><\/p>\n","protected":false},"author":19,"featured_media":0,"comment_status":"open","ping_status":"open","sticky":false,"template":"","format":"standard","meta":{"footnotes":""},"categories":[1],"tags":[2649,1835],"class_list":["post-650007","post","type-post","status-publish","format-standard","hentry","category-allgemein","tag-juve-nominierte-2013","tag-noerr-stiefenhofer"],"_links":{"self":[{"href":"https:\/\/blog.wiwo.de\/management\/wp-json\/wp\/v2\/posts\/650007","targetHints":{"allow":["GET"]}}],"collection":[{"href":"https:\/\/blog.wiwo.de\/management\/wp-json\/wp\/v2\/posts"}],"about":[{"href":"https:\/\/blog.wiwo.de\/management\/wp-json\/wp\/v2\/types\/post"}],"author":[{"embeddable":true,"href":"https:\/\/blog.wiwo.de\/management\/wp-json\/wp\/v2\/users\/19"}],"replies":[{"embeddable":true,"href":"https:\/\/blog.wiwo.de\/management\/wp-json\/wp\/v2\/comments?post=650007"}],"version-history":[{"count":0,"href":"https:\/\/blog.wiwo.de\/management\/wp-json\/wp\/v2\/posts\/650007\/revisions"}],"wp:attachment":[{"href":"https:\/\/blog.wiwo.de\/management\/wp-json\/wp\/v2\/media?parent=650007"}],"wp:term":[{"taxonomy":"category","embeddable":true,"href":"https:\/\/blog.wiwo.de\/management\/wp-json\/wp\/v2\/categories?post=650007"},{"taxonomy":"post_tag","embeddable":true,"href":"https:\/\/blog.wiwo.de\/management\/wp-json\/wp\/v2\/tags?post=650007"}],"curies":[{"name":"wp","href":"https:\/\/api.w.org\/{rel}","templated":true}]}}