{"id":649937,"date":"2013-07-25T23:05:11","date_gmt":"2013-07-25T21:05:11","guid":{"rendered":"https:\/\/blog.wiwo.de\/management\/?p=649937"},"modified":"2013-07-25T23:05:11","modified_gmt":"2013-07-25T21:05:11","slug":"clever-inszeniert-ein-herz-und-eine-kleine-krone-gastbeitrag-von-pr-profi-frank-behrendt-zum-baby-des-jahres","status":"publish","type":"post","link":"https:\/\/blog.wiwo.de\/management\/2013\/07\/25\/clever-inszeniert-ein-herz-und-eine-kleine-krone-gastbeitrag-von-pr-profi-frank-behrendt-zum-baby-des-jahres\/","title":{"rendered":"Clever Inszeniert: Ein Herz und eine kleine Krone &#8211; Gastbeitrag von PR-Profi Frank Behrendt zum Baby des Jahres"},"content":{"rendered":"<div id=\"attachment_649938\" style=\"width: 235px\" class=\"wp-caption aligncenter\"><a href=\"https:\/\/blog.wiwo.de\/management\/files\/2013\/07\/behrendt.GB_-e1374775459199.jpg\"><img loading=\"lazy\" decoding=\"async\" aria-describedby=\"caption-attachment-649938\" class=\"size-medium wp-image-649938\" alt=\"Frank Behrendt, Gesch\u00e4ftsf\u00fchrer der PR-Agentur Fischer-Appelt\" src=\"https:\/\/blog.wiwo.de\/management\/files\/2013\/07\/behrendt.GB_-e1374775459199-225x300.jpg\" width=\"225\" height=\"300\" srcset=\"https:\/\/blog.wiwo.de\/management\/files\/2013\/07\/behrendt.GB_-e1374775459199-225x300.jpg 225w, https:\/\/blog.wiwo.de\/management\/files\/2013\/07\/behrendt.GB_-e1374775459199.jpg 487w\" sizes=\"auto, (max-width: 225px) 100vw, 225px\" \/><\/a><p id=\"caption-attachment-649938\" class=\"wp-caption-text\">Frank Behrendt, Gesch\u00e4ftsf\u00fchrer der PR-Agentur Fischer-Appelt<\/p><\/div>\n<p>&nbsp;<\/p>\n<p><b>Ein Herz und eine kleine Krone<\/b><\/p>\n<p><strong>Frank Behrendt, Kommunikationsberater und Vorstand der Agentur FischerAppelt \u00fcber die <a title=\"Kate und William nach der Geburt aus dem Krankenhaus kommend\" href=\"http:\/\/www.welt.de\/vermischtes\/article118326683\/Er-sieht-aus-wie-sie-William-und-Kate-zeigen-Baby.html\" target=\"_blank\">clevere Inszenierung der jungen Vertreter der britischen K\u00f6nigsfamilie<\/a><\/strong><\/p>\n<p>.<\/p>\n<p>Die jungen Royals in England machen einfach alles richtig. Kein PR-Stratege h\u00e4tte es besser inszenieren k\u00f6nnen, was Everybody\u00b4s Darling Kate und ihr angetrauter William nach der Geburt des kleinen Prinzen George Alexander Louis kommunikativ inszenierten. Allein die Optik der jungen Eltern: Sie im blauen P\u00fcnktchen-Kleid &#8211; wie einst Lady Di. Was f\u00fcr eine smarte Hommage an die einstige K\u00f6nigin der Herzen, deren Rolle Kate inzwischen l\u00e4chelnd angenommen hat. Und der junge Vater \u2013 ebenfalls smart casual im hellblauen Hemd. Frisch sahen sie aus und der kleine Prinz zappelte &#8211; oder winkte er gar? \u2013 fr\u00f6hlich mit den H\u00e4ndchen.<\/p>\n<p>.<\/p>\n<p><strong>Diesmal nicht im Krisen-PR-Modus<\/strong><\/p>\n<p>Und dann wurde gescherzt. Gut, die eine oder andere Zote hatte man vom Ur-Gro\u00dfvater Prinz Philip in Erinnerung und auch Prinz Charles hat hier und da mal was gesagt und gemacht, was komisch war. Aber eher unfreiwillig. Und Harry, nun ja, der Gro\u00dfmeister im ins-Fettn\u00e4pfchen-treten, wo immer er auf der Welt unterwegs war. Auf jeden Fall waren die Auftritte der bisherigen m\u00e4nnlichen Royals eher dazu geeignet, den PR-Truppen des K\u00f6nigshauses die Schwei\u00dfperlen auf die Stirn zu treiben und umgehend in den Krisen-PR-Modus zu wechseln. William ist da anders. Er macht einen Scherz und sogar auf seine eigenen Kosten, indem er bemerkte, der kleine George h\u00e4tte Gl\u00fcck gehabt, da\u00df er eher nach der h\u00fcbschen Mami k\u00e4me. Sweet!<\/p>\n<p>Ja und dann stiegen sie ins Auto. Und zwar in so eines, wie es sich eine junge Familie nur w\u00fcnschen kann. Gro\u00df, sicher und der Maxi-Cosy mit dem Junior passt perfekt auf die R\u00fcckbank mitsamt winkender Strahle-Mami. Und dann, ja hat man das jemals gesehen? Da steigt der frische Prinzen-Papi William ins Auto und f\u00e4hrt selbst. L\u00e4ssig, souver\u00e4n. Ein klares Zeichen dass sich am Hofe einiges \u00e4ndern wird, wenn er mal K\u00f6nig ist.<\/p>\n<p>.<\/p>\n<p><strong>Storytelling at it\u00b4s best<\/strong><\/p>\n<p>Auch die Namens-Diskussion haben die jungen Eltern cool gel\u00f6st. Kein Affront durch wilde neue Namen, ein Bekenntnis zur Tradition und dennoch eingebaut ein Schmankerl. Louis. Woher kommt der denn? Tja, ein deutscher Onkel von Prinz Philip, Lord Louis Mountbatten, genannt \u201eOnkel Dickie\u201c. Herrlich. Storytelling at it\u00b4s best.<\/p>\n<p><a href=\"https:\/\/blog.wiwo.de\/management\/files\/2013\/07\/Behrendt.royal_.jpg\"><img loading=\"lazy\" decoding=\"async\" class=\"aligncenter size-medium wp-image-649950\" alt=\"Behrendt.royal\" src=\"https:\/\/blog.wiwo.de\/management\/files\/2013\/07\/Behrendt.royal_-225x300.jpg\" width=\"225\" height=\"300\" srcset=\"https:\/\/blog.wiwo.de\/management\/files\/2013\/07\/Behrendt.royal_-225x300.jpg 225w, https:\/\/blog.wiwo.de\/management\/files\/2013\/07\/Behrendt.royal_.jpg 480w\" sizes=\"auto, (max-width: 225px) 100vw, 225px\" \/><\/a><\/p>\n<p>.<\/p>\n<p><strong>Ein Leben ohne die Royals? Kaum auszuhalten<\/strong><\/p>\n<p>Die Monarchie-Fans wussten es ja schon immer, dass das Leben ohne Royals kaum auszuhalten ist. Die Monarchie-Gegner w\u00fcnschen sich bislang den teuren Clan am liebsten per One-Way-Ticket in irgendeine ferne Ex-Kolonie. Doch gegen den Charme der neuen royalen Generation ist schwer anzumeckern. Zu viel Gutes tun William, Kate und bald der kleine George Alexander Louis f\u00fcr das Image und die Vermarktung von England. Von der Souvenir-Industrie mal ganz zu schweigen. Die n\u00e4chsten medialen Gro\u00dfkampftage stehen bereits an: Das offizielle erste Familienfoto und die Taufe! Boy George wird auch da perfekt performen. Und seine Eltern auch.<\/p>\n<p>Daher: Standing Ovations f\u00fcr die k\u00f6niglichen Kommunikatoren des Jahres und: \u201eGod save this baby!\u201c<\/p>\n<p>&nbsp;<\/p>\n<p><a href=\"http:\/\/www.bunte.de\/royals\/kate\/kate-und-william-insider-sie-sind-mit-baby-george-in-bucklebury_aid_43965.html\">http:\/\/www.bunte.de\/royals\/kate\/kate-und-william-insider-sie-sind-mit-baby-george-in-bucklebury_aid_43965.html<\/a><\/p>\n<p><a href=\"http:\/\/www.tagesspiegel.de\/weltspiegel\/royal-baby-im-blitzlicht-william-und-kate-praesentieren-ihren-sohn\/8537214.html\">http:\/\/www.tagesspiegel.de\/weltspiegel\/royal-baby-im-blitzlicht-william-und-kate-praesentieren-ihren-sohn\/8537214.html<\/a><\/p>\n","protected":false},"excerpt":{"rendered":"<p>&nbsp; Ein Herz und eine kleine Krone Frank Behrendt, Kommunikationsberater und Vorstand der Agentur FischerAppelt \u00fcber die clevere Inszenierung der jungen Vertreter der britischen K\u00f6nigsfamilie . Die jungen Royals in England machen einfach alles richtig. Kein PR-Stratege h\u00e4tte es besser &hellip; <a href=\"https:\/\/blog.wiwo.de\/management\/2013\/07\/25\/clever-inszeniert-ein-herz-und-eine-kleine-krone-gastbeitrag-von-pr-profi-frank-behrendt-zum-baby-des-jahres\/\">Weiterlesen <span class=\"meta-nav\">&rarr;<\/span><\/a><\/p>\n","protected":false},"author":19,"featured_media":0,"comment_status":"open","ping_status":"open","sticky":false,"template":"","format":"standard","meta":{"footnotes":""},"categories":[1],"tags":[2633,2617,428,2634,617,932,1176],"class_list":["post-649937","post","type-post","status-publish","format-standard","hentry","category-allgemein","tag-fischerappelt","tag-frank-behrendt","tag-gastbeitrag","tag-george-alexander-louis","tag-kate","tag-royals","tag-william"],"_links":{"self":[{"href":"https:\/\/blog.wiwo.de\/management\/wp-json\/wp\/v2\/posts\/649937","targetHints":{"allow":["GET"]}}],"collection":[{"href":"https:\/\/blog.wiwo.de\/management\/wp-json\/wp\/v2\/posts"}],"about":[{"href":"https:\/\/blog.wiwo.de\/management\/wp-json\/wp\/v2\/types\/post"}],"author":[{"embeddable":true,"href":"https:\/\/blog.wiwo.de\/management\/wp-json\/wp\/v2\/users\/19"}],"replies":[{"embeddable":true,"href":"https:\/\/blog.wiwo.de\/management\/wp-json\/wp\/v2\/comments?post=649937"}],"version-history":[{"count":0,"href":"https:\/\/blog.wiwo.de\/management\/wp-json\/wp\/v2\/posts\/649937\/revisions"}],"wp:attachment":[{"href":"https:\/\/blog.wiwo.de\/management\/wp-json\/wp\/v2\/media?parent=649937"}],"wp:term":[{"taxonomy":"category","embeddable":true,"href":"https:\/\/blog.wiwo.de\/management\/wp-json\/wp\/v2\/categories?post=649937"},{"taxonomy":"post_tag","embeddable":true,"href":"https:\/\/blog.wiwo.de\/management\/wp-json\/wp\/v2\/tags?post=649937"}],"curies":[{"name":"wp","href":"https:\/\/api.w.org\/{rel}","templated":true}]}}