{"id":649589,"date":"2013-07-12T00:54:08","date_gmt":"2013-07-11T22:54:08","guid":{"rendered":"https:\/\/blog.wiwo.de\/management\/?p=649589"},"modified":"2013-07-12T00:54:08","modified_gmt":"2013-07-11T22:54:08","slug":"der-papst-als-werbetrager-fur-daimler-keine-sichere-bank","status":"publish","type":"post","link":"https:\/\/blog.wiwo.de\/management\/2013\/07\/12\/der-papst-als-werbetrager-fur-daimler-keine-sichere-bank\/","title":{"rendered":"Der Papst als Werbetr\u00e4ger f\u00fcr Daimler &#8211; keine sichere Bank"},"content":{"rendered":"<div id=\"attachment_649590\" style=\"width: 209px\" class=\"wp-caption aligncenter\"><a href=\"https:\/\/blog.wiwo.de\/management\/files\/2013\/07\/papst.zetsche..jpg\"><img loading=\"lazy\" decoding=\"async\" aria-describedby=\"caption-attachment-649590\" class=\"size-medium wp-image-649590\" alt=\"Daimler-Chef Zetsche beim Papst\" src=\"https:\/\/blog.wiwo.de\/management\/files\/2013\/07\/papst.zetsche.-199x300.jpg\" width=\"199\" height=\"300\" srcset=\"https:\/\/blog.wiwo.de\/management\/files\/2013\/07\/papst.zetsche.-199x300.jpg 199w, https:\/\/blog.wiwo.de\/management\/files\/2013\/07\/papst.zetsche..jpg 432w\" sizes=\"auto, (max-width: 199px) 100vw, 199px\" \/><\/a><p id=\"caption-attachment-649590\" class=\"wp-caption-text\">Daimler-Chef Zetsche schenkt dem Papst ein Smart-Elektro-Fahrrad<\/p><\/div>\n<p>Wenn Manager vom Papst empfangen werden, ist es eine gro\u00dfe Ehre f\u00fcr sie, auf die sie sehr stolz sind. Clevere PR-Abteilungen nutzen die Gelegenheit auch gleich um a) den Chef damit in die Presse zu bringen und b) am besten auch gleich \u00fcber die eigenen Produkte zu reden. Daimler war beides gelungen und noch mehr: Dieter Zetsche brachte es mit seinem Papst-Besuch in die &#8222;Bild&#8220;-Zeitung und dergleichen. Erw\u00e4hnt wurde die \u00dcbergabe des neuen Papamobils und &#8211; warum auch immer &#8211; samt Foto das Smart-Elektro-Fahrrad. Aber vielleicht sehen wir dann ja auch Bilder vom Papst, wie er auf dem weissen Fahrrad durch Rom radelt.<\/p>\n<div id=\"attachment_649593\" style=\"width: 310px\" class=\"wp-caption aligncenter\"><a href=\"https:\/\/blog.wiwo.de\/management\/files\/2013\/07\/papastzetsche2.jpg\"><img loading=\"lazy\" decoding=\"async\" aria-describedby=\"caption-attachment-649593\" class=\"size-medium wp-image-649593\" alt=\"Daimler-Chef Dieter Zetsche beim Papst\" src=\"https:\/\/blog.wiwo.de\/management\/files\/2013\/07\/papastzetsche2-300x199.jpg\" width=\"300\" height=\"199\" srcset=\"https:\/\/blog.wiwo.de\/management\/files\/2013\/07\/papastzetsche2-300x199.jpg 300w, https:\/\/blog.wiwo.de\/management\/files\/2013\/07\/papastzetsche2.jpg 650w\" sizes=\"auto, (max-width: 300px) 100vw, 300px\" \/><\/a><p id=\"caption-attachment-649593\" class=\"wp-caption-text\">Daimler-Chef Dieter Zetsche beim Papst<\/p><\/div>\n<p>W\u00e4re der Papst Daimlers Testimonial oder Markenbotschafter, h\u00e4tte die Freude bei Daimler hier\u00fcber sicher noch angehalten.<\/p>\n<p>Aber weil ein Papst eben der Papst ist und Werbung mit ihm eben nicht k\u00e4uflich ist, ist er f\u00fcr Werbezwecke auch nicht wirklich zuverl\u00e4ssig: Nur wenige Tage sp\u00e4ter verk\u00fcndete <a title=\"Papst f\u00e4hrt mit Ford Focus \" href=\"http:\/\/www.wuv.de\/marketing\/pontifex_focus_papst_franziskus_steigt_auf_ford_um\" target=\"_blank\">w&amp;v <\/a>, dass der Papst neuerdings am liebsten mit <a title=\"Papst statt mit Papamobil mit Fiat-Gel\u00e4ndewagen\" href=\"http:\/\/www.bild.de\/politik\/ausland\/jorge-mario-bergoglio-papst-franziskus\/papst-franziskus-faehrt-touris-karre-statt-papamobil-31175484.bild.html\" target=\"_blank\">einem Ford Focus in Rom fahre<\/a>.<\/p>\n<p>Und noch ein paar Tage sp\u00e4ter, dass der Papst beim Besuch auf der Fl\u00fcchtlingsinsel Lampedusa in einem alten Fiat-Gel\u00e4ndewagen, einem Campagnola, herumgefahren sei. Und den hatte er sich von einem Touristen geliehen.<\/p>\n<p><a title=\"Papst f\u00e4hrt Ford Focus\" href=\"http:\/\/www.wuv.de\/marketing\/pontifex_focus_papst_franziskus_steigt_auf_ford_um\" target=\"_blank\">http:\/\/www.wuv.de\/marketing\/pontifex_focus_papst_franziskus_steigt_auf_ford_um<\/a><\/p>\n<p><a title=\"Papst mit Fiat-Gel\u00e4ndewagen statt Papamobil\" href=\"http:\/\/www.bild.de\/politik\/ausland\/jorge-mario-bergoglio-papst-franziskus\/papst-franziskus-faehrt-touris-karre-statt-papamobil-31175484.bild.html\" target=\"_blank\">http:\/\/www.bild.de\/politik\/ausland\/jorge-mario-bergoglio-papst-franziskus\/papst-franziskus-faehrt-touris-karre-statt-papamobil-31175484.bild.html<\/a><\/p>\n<p>&nbsp;<\/p>\n<p>&nbsp;<\/p>\n<p>&nbsp;<\/p>\n","protected":false},"excerpt":{"rendered":"<p>Wenn Manager vom Papst empfangen werden, ist es eine gro\u00dfe Ehre f\u00fcr sie, auf die sie sehr stolz sind. Clevere PR-Abteilungen nutzen die Gelegenheit auch gleich um a) den Chef damit in die Presse zu bringen und b) am besten &hellip; <a href=\"https:\/\/blog.wiwo.de\/management\/2013\/07\/12\/der-papst-als-werbetrager-fur-daimler-keine-sichere-bank\/\">Weiterlesen <span class=\"meta-nav\">&rarr;<\/span><\/a><\/p>\n","protected":false},"author":19,"featured_media":0,"comment_status":"open","ping_status":"open","sticky":false,"template":"","format":"standard","meta":{"footnotes":""},"categories":[1],"tags":[248,1575,2596,2595,2594,841],"class_list":["post-649589","post","type-post","status-publish","format-standard","hentry","category-allgemein","tag-daimler","tag-dieter-zetsche","tag-fiat-campagnola","tag-fiat-focus","tag-papamobil","tag-papst"],"_links":{"self":[{"href":"https:\/\/blog.wiwo.de\/management\/wp-json\/wp\/v2\/posts\/649589","targetHints":{"allow":["GET"]}}],"collection":[{"href":"https:\/\/blog.wiwo.de\/management\/wp-json\/wp\/v2\/posts"}],"about":[{"href":"https:\/\/blog.wiwo.de\/management\/wp-json\/wp\/v2\/types\/post"}],"author":[{"embeddable":true,"href":"https:\/\/blog.wiwo.de\/management\/wp-json\/wp\/v2\/users\/19"}],"replies":[{"embeddable":true,"href":"https:\/\/blog.wiwo.de\/management\/wp-json\/wp\/v2\/comments?post=649589"}],"version-history":[{"count":0,"href":"https:\/\/blog.wiwo.de\/management\/wp-json\/wp\/v2\/posts\/649589\/revisions"}],"wp:attachment":[{"href":"https:\/\/blog.wiwo.de\/management\/wp-json\/wp\/v2\/media?parent=649589"}],"wp:term":[{"taxonomy":"category","embeddable":true,"href":"https:\/\/blog.wiwo.de\/management\/wp-json\/wp\/v2\/categories?post=649589"},{"taxonomy":"post_tag","embeddable":true,"href":"https:\/\/blog.wiwo.de\/management\/wp-json\/wp\/v2\/tags?post=649589"}],"curies":[{"name":"wp","href":"https:\/\/api.w.org\/{rel}","templated":true}]}}