{"id":648401,"date":"2013-04-08T17:35:02","date_gmt":"2013-04-08T15:35:02","guid":{"rendered":"https:\/\/blog.wiwo.de\/management\/?p=648401"},"modified":"2013-04-08T21:28:25","modified_gmt":"2013-04-08T19:28:25","slug":"wirtschaftswoche-fragebogen-emre-sarar-liest-am-liebsten-psychologiebucher","status":"publish","type":"post","link":"https:\/\/blog.wiwo.de\/management\/2013\/04\/08\/wirtschaftswoche-fragebogen-emre-sarar-liest-am-liebsten-psychologiebucher\/","title":{"rendered":"WirtschaftsWoche-Fragebogen: Emre Sarar liest am liebsten Psychologieb\u00fccher"},"content":{"rendered":"<p><strong><a title=\"Unternehmensgeschichte Sarar im Handelsblatt\" href=\"http:\/\/www.handelsblatt.com\/unternehmen\/mittelstand\/sarar-junge-mode-mit-alter-tradition\/3437086.html\" target=\"_blank\">Modeunternehmer Emre Sarar<\/a>, 36, &#8211; CEO von<a title=\"Sarars Flagshipstore-Er\u00f6ffnung auf der D\u00fcsseldorfer K\u00f6nigsallee\" href=\"https:\/\/blog.wiwo.de\/management\/2013\/01\/15\/die-hartnackigkeit-des-familienunternehmens-sarar\/\" target=\"_blank\"> Sarar<\/a> &#8211; hat den WirtschaftsWoche-Fragebogen &#8222;Alles oder nichts&#8220; beantwortet.<\/strong><\/p>\n<p><strong>Aktien oder Gold?<\/strong><\/p>\n<p>Gold ist mir lieber, weil es wertbest\u00e4ndiger ist.<\/p>\n<p><strong>iPhone oder Blackberry?<\/strong><\/p>\n<p>Mit meinen vielen Mails bin ich mit dem Blackberry schneller.<\/p>\n<p><strong>Cabrio oder SUV?<\/strong><\/p>\n<p>SUV f\u00fcr die Sicherheit.<\/p>\n<div id=\"attachment_648402\" style=\"width: 119px\" class=\"wp-caption alignleft\"><a href=\"https:\/\/blog.wiwo.de\/management\/files\/2013\/04\/Emre-Sarar_klein.jpg\"><img loading=\"lazy\" decoding=\"async\" aria-describedby=\"caption-attachment-648402\" class=\"wp-image-648402  \" alt=\"Emre Sarar, CEO des t\u00fcrkischen Modeunternehmens Sarar\" src=\"https:\/\/blog.wiwo.de\/management\/files\/2013\/04\/Emre-Sarar_klein.jpg\" width=\"109\" height=\"164\" srcset=\"https:\/\/blog.wiwo.de\/management\/files\/2013\/04\/Emre-Sarar_klein.jpg 432w, https:\/\/blog.wiwo.de\/management\/files\/2013\/04\/Emre-Sarar_klein-199x300.jpg 199w\" sizes=\"auto, (max-width: 109px) 100vw, 109px\" \/><\/a><p id=\"caption-attachment-648402\" class=\"wp-caption-text\">Emre Sarar, CEO des t\u00fcrkischen Modeunternehmens Sarar<\/p><\/div>\n<p><strong>Schaltung oder Automatik?<\/strong><\/p>\n<p>Automatik f\u00fcr die Bequemlichkeit.<\/p>\n<p><strong>Apartment oder Villa?<\/strong><\/p>\n<p>Eine Villa, ich brauche Raum.<\/p>\n<p><strong>Handaufzug oder Automatik?<\/strong><\/p>\n<p>Automatik, auch das ist bequemer.<\/p>\n<p><strong>Fitnessstudio oder Waldlauf?<\/strong><\/p>\n<p>Weil ich frische Luft liebe und dann alleine sein kann: Waldlauf &#8211; besonders am fr\u00fchen Abend bei Sonnenuntergang.<\/p>\n<p><strong>Buch oder DVD?<\/strong><\/p>\n<p>Ich lese gerne B\u00fccher, Hauptsache sie fesseln mich \u2013 Alles Genres, aber am liebsten Pysochologieb\u00fccher.<\/p>\n<p><strong>Paris oder London?<\/strong><\/p>\n<p>Istanbul. Da bin ich aufgewachsen, es ist eine Metropole. Es gibt nur einen Bosporus auf der Welt, wo sich Asien und Europa vermischen \u2013 und der ist in Istanbul.<\/p>\n<p><strong>Kragen offen oder Krawatte?<\/strong><\/p>\n<p>Krawatten sind das beste Accessoires f\u00fcr einen Mann, ansonsten je nach Gelegenheit.<\/p>\n<p><strong>Dusche oder Wanne?<\/strong><\/p>\n<p>Ich will keine Zeit verlieren unter der Woche, am Wochenende kann ich mir auch ein Bad g\u00f6nnen.<\/p>\n<p><strong>Nass oder trocken rasieren?<\/strong><\/p>\n<p>Trocken wegen meines Drei-Tage-Barts.<\/p>\n<p><strong>Ma\u00dfschuhe oder Sneakers?<\/strong><\/p>\n<p>Am Wochenende Sneakers, in der Woche Ma\u00dfschuhe.<\/p>\n<p><strong>Perlen oder Diamanten?<\/strong><\/p>\n<p>Diamanten, sie sind zeitlos.<\/p>\n<p><strong>Rotwein oder Wei\u00dfwein?<\/strong><\/p>\n<p>Rotwein, am liebsten zu einem T-Bone-Steak \u2013 das ist ein Traum.<\/p>\n<p><strong>Jazz oder Klassik?<\/strong><\/p>\n<p>Klassik, am liebsten im Auto auf weiten Fahrten. Das beruhigt.<\/p>\n<p><strong>Mountainbike oder Rennrad?<\/strong><\/p>\n<p>Mountainbike, damit bin ich flexibler von Wald bis Stadt.<\/p>\n<p><strong>Berge oder Meer?<\/strong><\/p>\n<p>Seit ich acht Jahre in einem Schweizer Internat war: die Berge.<\/p>\n<p><strong>Fenster- oder Gangplatz?<\/strong><\/p>\n<p>Am Gang, wo ich mich bewegen kann, ohne jemanden zu st\u00f6ren.<\/p>\n<p><strong>Tee oder Kaffee?<\/strong><\/p>\n<p>Kaffee, ich trinke nie Tee.<\/p>\n<p><strong>Stadt oder Land?<\/strong><\/p>\n<p>In der Woche die Stadt, Istanbul und am Wochenende auf dem Land in Eskisehir, 270 Kilometer weg, wo die Familie zusammenkommt.<\/p>\n<p>&nbsp;<\/p>\n<p><strong>Die Geschichte des Familienunternehmens Sarar mit seinen \u00fcber 5.000 Mitarbeitern<\/strong>: <a title=\"Unternehmensgeschichte von Sarar im Handelsblatt\" href=\"http:\/\/www.handelsblatt.com\/unternehmen\/mittelstand\/sarar-junge-mode-mit-alter-tradition\/3437086.html\" target=\"_blank\">http:\/\/www.handelsblatt.com\/unternehmen\/mittelstand\/sarar-junge-mode-mit-alter-tradition\/3437086.html<\/a><\/p>\n<p><strong>Flagship-Store-Er\u00f6ffnung von Sarar auf der D\u00fcsseldorfer K\u00f6nigsallee:<\/strong>\u00a0<strong><\/strong><a title=\"Flagship-Store-Er\u00f6ffnung von Sarar auf der K\u00f6nigsallee in D\u00fcsseldorf\" href=\"https:\/\/blog.wiwo.de\/management\/2013\/01\/15\/die-hartnackigkeit-des-familienunternehmens-sarar\/\" target=\"_blank\"> https:\/\/blog.wiwo.de\/management\/2013\/01\/15\/die-hartnackigkeit-des-familienunternehmens-sarar\/<\/a><\/p>\n","protected":false},"excerpt":{"rendered":"<p>Modeunternehmer Emre Sarar, 36, &#8211; CEO von Sarar &#8211; hat den WirtschaftsWoche-Fragebogen &#8222;Alles oder nichts&#8220; beantwortet. Aktien oder Gold? Gold ist mir lieber, weil es wertbest\u00e4ndiger ist. iPhone oder Blackberry? Mit meinen vielen Mails bin ich mit dem Blackberry schneller. &hellip; <a href=\"https:\/\/blog.wiwo.de\/management\/2013\/04\/08\/wirtschaftswoche-fragebogen-emre-sarar-liest-am-liebsten-psychologiebucher\/\">Weiterlesen <span class=\"meta-nav\">&rarr;<\/span><\/a><\/p>\n","protected":false},"author":19,"featured_media":0,"comment_status":"open","ping_status":"open","sticky":false,"template":"","format":"standard","meta":{"footnotes":""},"categories":[1],"tags":[2137,1770],"class_list":["post-648401","post","type-post","status-publish","format-standard","hentry","category-allgemein","tag-emre-sarar","tag-wirtschaftswoche-fragebogen-alles-oder-nichts"],"_links":{"self":[{"href":"https:\/\/blog.wiwo.de\/management\/wp-json\/wp\/v2\/posts\/648401","targetHints":{"allow":["GET"]}}],"collection":[{"href":"https:\/\/blog.wiwo.de\/management\/wp-json\/wp\/v2\/posts"}],"about":[{"href":"https:\/\/blog.wiwo.de\/management\/wp-json\/wp\/v2\/types\/post"}],"author":[{"embeddable":true,"href":"https:\/\/blog.wiwo.de\/management\/wp-json\/wp\/v2\/users\/19"}],"replies":[{"embeddable":true,"href":"https:\/\/blog.wiwo.de\/management\/wp-json\/wp\/v2\/comments?post=648401"}],"version-history":[{"count":0,"href":"https:\/\/blog.wiwo.de\/management\/wp-json\/wp\/v2\/posts\/648401\/revisions"}],"wp:attachment":[{"href":"https:\/\/blog.wiwo.de\/management\/wp-json\/wp\/v2\/media?parent=648401"}],"wp:term":[{"taxonomy":"category","embeddable":true,"href":"https:\/\/blog.wiwo.de\/management\/wp-json\/wp\/v2\/categories?post=648401"},{"taxonomy":"post_tag","embeddable":true,"href":"https:\/\/blog.wiwo.de\/management\/wp-json\/wp\/v2\/tags?post=648401"}],"curies":[{"name":"wp","href":"https:\/\/api.w.org\/{rel}","templated":true}]}}