{"id":648028,"date":"2013-02-28T22:59:25","date_gmt":"2013-02-28T21:59:25","guid":{"rendered":"https:\/\/blog.wiwo.de\/management\/?p=648028"},"modified":"2013-02-28T22:59:25","modified_gmt":"2013-02-28T21:59:25","slug":"lesehinweis-wirtschaftswoche-ende-der-gehaltsexzesse","status":"publish","type":"post","link":"https:\/\/blog.wiwo.de\/management\/2013\/02\/28\/lesehinweis-wirtschaftswoche-ende-der-gehaltsexzesse\/","title":{"rendered":"Lesehinweis Wirtschaftswoche: &#8222;Ende der Gehaltsexzesse&#8220;"},"content":{"rendered":"<p><strong>Lesehinweis:<\/strong><\/p>\n<p>In der Schweiz stimmt die Bev\u00f6lkerung bald ab, ob die Super-Geh\u00e4lter ihrer Top-Manager in den Konzernen gedeckelt werden sollen. Wie sieht es damit in Deutschland aus? BDI-Chef Ulrich Grillo ist auch hier f\u00fcr eine Deckelung. Die Kodex-Kommission hat einen Vorschlag gemacht, um die Vorstands-Bez\u00fcge zumindest mal vergleichbar machen zu k\u00f6nnen. Denn auch wenn die Gesch\u00e4ftsberichte der Dax-Konzerne inzwischen die Vorstands-Fixgeh\u00e4lter des jeweiligen Jahres verraten &#8211; damit sie die Boni noch lange nicht transparent, geschweige denn die Altersbez\u00fcge.<\/p>\n<p><a title=\"Wirtschaftswoche Das Ende der Gehaltsexzesse naht\" href=\"http:\/\/www.wiwo.de\/politik\/deutschland\/managergehaelter-das-ende-der-gehaltsexzesse-naht\/7822938.html\" target=\"_blank\">http:\/\/www.wiwo.de\/politik\/deutschland\/managergehaelter-das-ende-der-gehaltsexzesse-naht\/7822938.html<\/a><\/p>\n","protected":false},"excerpt":{"rendered":"<p>Lesehinweis: In der Schweiz stimmt die Bev\u00f6lkerung bald ab, ob die Super-Geh\u00e4lter ihrer Top-Manager in den Konzernen gedeckelt werden sollen. Wie sieht es damit in Deutschland aus? BDI-Chef Ulrich Grillo ist auch hier f\u00fcr eine Deckelung. Die Kodex-Kommission hat einen &hellip; <a href=\"https:\/\/blog.wiwo.de\/management\/2013\/02\/28\/lesehinweis-wirtschaftswoche-ende-der-gehaltsexzesse\/\">Weiterlesen <span class=\"meta-nav\">&rarr;<\/span><\/a><\/p>\n","protected":false},"author":19,"featured_media":0,"comment_status":"open","ping_status":"open","sticky":false,"template":"","format":"standard","meta":{"footnotes":""},"categories":[1],"tags":[2265,1762,957,2264,2239],"class_list":["post-648028","post","type-post","status-publish","format-standard","hentry","category-allgemein","tag-kodex-kommission","tag-lesehinweis","tag-schweiz","tag-top-manager-gehalter","tag-vorstandsbezuge"],"_links":{"self":[{"href":"https:\/\/blog.wiwo.de\/management\/wp-json\/wp\/v2\/posts\/648028","targetHints":{"allow":["GET"]}}],"collection":[{"href":"https:\/\/blog.wiwo.de\/management\/wp-json\/wp\/v2\/posts"}],"about":[{"href":"https:\/\/blog.wiwo.de\/management\/wp-json\/wp\/v2\/types\/post"}],"author":[{"embeddable":true,"href":"https:\/\/blog.wiwo.de\/management\/wp-json\/wp\/v2\/users\/19"}],"replies":[{"embeddable":true,"href":"https:\/\/blog.wiwo.de\/management\/wp-json\/wp\/v2\/comments?post=648028"}],"version-history":[{"count":0,"href":"https:\/\/blog.wiwo.de\/management\/wp-json\/wp\/v2\/posts\/648028\/revisions"}],"wp:attachment":[{"href":"https:\/\/blog.wiwo.de\/management\/wp-json\/wp\/v2\/media?parent=648028"}],"wp:term":[{"taxonomy":"category","embeddable":true,"href":"https:\/\/blog.wiwo.de\/management\/wp-json\/wp\/v2\/categories?post=648028"},{"taxonomy":"post_tag","embeddable":true,"href":"https:\/\/blog.wiwo.de\/management\/wp-json\/wp\/v2\/tags?post=648028"}],"curies":[{"name":"wp","href":"https:\/\/api.w.org\/{rel}","templated":true}]}}