{"id":647862,"date":"2013-02-19T09:56:07","date_gmt":"2013-02-19T08:56:07","guid":{"rendered":"https:\/\/blog.wiwo.de\/management\/?p=647862"},"modified":"2013-03-04T17:49:23","modified_gmt":"2013-03-04T16:49:23","slug":"haarmann-gesellt-sich-zu-linklaters","status":"publish","type":"post","link":"https:\/\/blog.wiwo.de\/management\/2013\/02\/19\/haarmann-gesellt-sich-zu-linklaters\/","title":{"rendered":"Haarmann gesellt sich zu Linklaters"},"content":{"rendered":"<p>Es gibt kaum einen Anwalt in Deutschland, der solch eine Legende &#8211; und solch ein Lehrst\u00fcck &#8211; ist wie <a title=\"Haarmann Hemmelrath im management-Blog WiWo\" href=\"http:\/\/https:\/\/blog.wiwo.de\/management\/2009\/10\/11\/wie-ein-unberechtigter-vorwurf-eine-grosse-law-firm-zerstorte-der-fall-haarmann-hemmelrath\/\" target=\"_blank\">Wilhelm Haarmann<\/a>. Seine Partys, die er beim Weltwirtschaftsgipfel in Davos schmiss, waren sogar der &#8222;FAZ&#8220; schon damals einen Einspalter wert. Das will schon etwas hei\u00dfen. Nun wechselt der 62-J\u00e4hrige mitsamt seinen vielen sch\u00f6nen Kontakten zu den Briten: zu Linklaters.<\/p>\n<p><a href=\"https:\/\/blog.wiwo.de\/management\/files\/2013\/02\/Wilhelm_Haarmann-2.jpg\"><img loading=\"lazy\" decoding=\"async\" class=\"aligncenter size-medium wp-image-647864\" title=\"Wilhelm_Haarmann (2)\" src=\"https:\/\/blog.wiwo.de\/management\/files\/2013\/02\/Wilhelm_Haarmann-2-235x300.jpg\" alt=\"\" width=\"235\" height=\"300\" srcset=\"https:\/\/blog.wiwo.de\/management\/files\/2013\/02\/Wilhelm_Haarmann-2-235x300.jpg 235w, https:\/\/blog.wiwo.de\/management\/files\/2013\/02\/Wilhelm_Haarmann-2.jpg 300w\" sizes=\"auto, (max-width: 235px) 100vw, 235px\" \/><\/a><\/p>\n<p><a title=\"Wilhelm Haarmann bei Wikipedia\" href=\"http:\/\/https:\/\/de.wikipedia.org\/wiki\/Wilhelm_Haarmann_%28Jurist%29\" target=\"_blank\">Haarmann<\/a> und sein damaliger Partner Alexander Hemmelrath waren das Duo, das ab 1987 die erste rein deutsche Gro\u00dfkanzlei mit \u00fcber 1000 Mitarbeitern aufbaute, Haarmann Hemmelrath. Bis im Jahre 2005 dann alles vorbei war mitsamt ihren 21 Standorten weltweit, die Anwaltsfirma l\u00f6ste sich selbst auf. Der Fall ist ein Lehrst\u00fcck f\u00fcr alle Dienstleistungsgesellschaften, egal ob Anw\u00e4lte oder andere Berater. Die Wehrhahn-Gruppe hatte ihre eigene Kanzlei wegen Falschberatung auf 430 Millionen Euro Schadenersatz verklagt, die &#8211; wie sich irgendwann viel sp\u00e4ter herausstellte &#8211; <a title=\"Haarmann Hemmelrath Schadenersatzklage\" href=\"http:\/\/http:\/\/blog.handelsblatt.com\/management\/2009\/03\/23\/spate-genugtuung-fur-haarmann-hemmelrath-wehrhahn-tochter-mbu-verliert-schadenersatzklage\/\" target=\"_blank\">wohl keine juristischen Fehler begangen hatte.<\/a> Doch allein der immense Imageschaden gen\u00fcgte, um die Kanzlei zu atominiseren.<\/p>\n<p>&nbsp;<\/p>\n<p><strong>Davos-Partys als Kapital<\/strong><\/p>\n<p>Seit 2006 arbeitete Haarmann danach in seiner eigenen Haarmann Partnerschaftsgesellschaft &#8211; &#8222;am selben Schreibtisch wie immer und im selben B\u00fcro in Frankfurt wie zuvor&#8220;, triumphierte der renommierte Gesellschafts- und Steuerrechtler in der Folgezeit. Soweit so gut &#8211; doch jetzt bricht auch er mit seinen 62 Jahren &#8211; wo angestellte Manager zuweilen seit zehn Jahren schon in Ruhestand sind &#8211; zu neuen Ufern auf. Haarmann wechselt als Partner zu Linklaters, wo er von Gesellschaftsrechtler Hans-Ulrich Wilsing freudig empfangen wird &#8222;mit seiner langj\u00e4hrigen Erfahrung und au\u00dfergew\u00f6hnlich guter Vernetzung&#8220; &#8211; siehe Davos-Partys. Wilsing: &#8222;Eindrucksvolle Pers\u00f6nlichkeiten&#8220; seien bei Linklaters immer willkommen.<\/p>\n<p>Insider vermuten, dass Haarmann bislang den ein oder anderen gro\u00dfen oder internationalen Deal nur deshalb nicht bekommen haben k\u00f6nnte, weil er zu wenig Manpower vorweisen kann. Daran soll es bei<a title=\"Linklaters\" href=\"http:\/\/https:\/\/de.wikipedia.org\/wiki\/Linklaters\" target=\"_blank\"> Linklaters<\/a> nicht scheitern: Mit 27 B\u00fcros in 19 L\u00e4ndern, rund rund 480 Partnern und insgesamt 2200 Anw\u00e4lten ist Linklaters eine der gr\u00f6\u00dften Wirtschaftskanzleien weltweit. Laut Wikipedia bringt sie es in Deutschland &#8211; mit B\u00fcros in D\u00fcsseldorf, Berlin, Frankfurt und M\u00fcnchen &#8211; mit 267 Anw\u00e4lten zuletzt auf 167,3 Millionen Euro Umsatz.<\/p>\n<p>&nbsp;<\/p>\n<div id=\"attachment_648070\" style=\"width: 224px\" class=\"wp-caption alignright\"><a href=\"https:\/\/blog.wiwo.de\/management\/files\/2013\/02\/WolfgangHoelters.jpg\"><img loading=\"lazy\" decoding=\"async\" aria-describedby=\"caption-attachment-648070\" class=\"size-medium wp-image-648070\" title=\"WolfgangHoelters\" src=\"https:\/\/blog.wiwo.de\/management\/files\/2013\/02\/WolfgangHoelters-214x300.jpg\" alt=\"\" width=\"214\" height=\"300\" srcset=\"https:\/\/blog.wiwo.de\/management\/files\/2013\/02\/WolfgangHoelters-214x300.jpg 214w, https:\/\/blog.wiwo.de\/management\/files\/2013\/02\/WolfgangHoelters.jpg 463w\" sizes=\"auto, (max-width: 214px) 100vw, 214px\" \/><\/a><p id=\"caption-attachment-648070\" class=\"wp-caption-text\">Wolfgang H\u00f6lters, Partner bei Jones Day<\/p><\/div>\n<p><strong>Alte Kontakte begehrt<\/strong><\/p>\n<p>Und warum &#8222;auch er zu neuen Ufern&#8220; aufbricht? Vor kurzem wechselte noch ein juristisches Urgestein, dem besonders gute Vernetzung nachgesagt wird, die Fronten: Der D\u00fcsseldorfer <a title=\"Wolfgang H\u00f6lters wechselt zu Jones Day &quot;Juve&quot;\" href=\"http:\/\/http:\/\/www.juve.de\/nachrichten\/namenundnachrichten\/2012\/12\/dusseldorf-namenspartner-von-orrick-holters-elsing-wechselt-zu-jones-day\" target=\"_blank\">Wolfgang H\u00f6lters<\/a>, 65, verlie\u00df sein Baby, die Kanzlei Orrick H\u00f6lters &amp; Elsing &#8211; sie heisst neuerdings anders und zwar Orrick Herrington Sutcliff &#8211; und nahm Kurs auf die Soziet\u00e4t <a title=\"Wolfgang H\u00f6lters wechselt zu Jones Day\" href=\"http:\/\/http:\/\/www.juve.de\/nachrichten\/namenundnachrichten\/2012\/12\/dusseldorf-namenspartner-von-orrick-holters-elsing-wechselt-zu-jones-day\" target=\"_blank\">Jones Day<\/a>. Die will er mit seinen Kontakten weiter nach vorne bringen. Anders als Linklaters ist Kanzlei die am D\u00fcsseldorfer Standort noch im Aufbruch &#8211; nur am anderen Ende der K\u00f6nigsallee. Weltweit sei &#8222;Jones Day unter den\u00a0 Top Five und bei den Transaktionen mit \u00fcber 100 Millionen Euro Transaktionswerten die Nummer Eins&#8220;, sagt H\u00f6lters. Jones Day pflegt \u00fcbrigens eine Besonderheit: &#8222;Kein Partner wei\u00df, was der andere verdient&#8220;, so <a title=\"Ansgar Rempp Jones Day &quot;Juve&quot;\" href=\"http:\/\/http:\/\/www.juve.de\/nachrichten\/namenundnachrichten\/2013\/01\/neue-struktur-jones-day-schafft-deutsche-managementspitze\" target=\"_blank\">Managing Partner Ansgar Rempp<\/a>. Daher gebe es auch keine neidischen Diskussionen.<\/p>\n<p>&nbsp;<\/p>\n<p><a title=\"Jones Day\" href=\"http:\/\/http:\/\/www.juve.de\/nachrichten\/namenundnachrichten\/2012\/12\/dusseldorf-namenspartner-von-orrick-holters-elsing-wechselt-zu-jones-day\" target=\"_blank\">http:\/\/www.juve.de\/nachrichten\/namenundnachrichten\/2012\/12\/dusseldorf-namenspartner-von-orrick-holters-elsing-wechselt-zu-jones-day<\/a><\/p>\n<p><a title=\"Linklaters\" href=\"http:\/\/https:\/\/de.wikipedia.org\/wiki\/Linklaters\" target=\"_blank\">https:\/\/de.wikipedia.org\/wiki\/Linklaters<\/a><\/p>\n<p><a title=\"Haarmann hemmelrath Schadenersatzklage\" href=\"http:\/\/http:\/\/blog.handelsblatt.com\/management\/2009\/03\/23\/spate-genugtuung-fur-haarmann-hemmelrath-wehrhahn-tochter-mbu-verliert-schadenersatzklage\/\" target=\"_blank\">http:\/\/blog.handelsblatt.com\/management\/2009\/03\/23\/spate-genugtuung-fur-haarmann-hemmelrath-wehrhahn-tochter-mbu-verliert-schadenersatzklage\/<\/a><\/p>\n<p><a title=\"Jones Day Ansgar Rempp &quot;Juve&quot;\" href=\"http:\/\/http:\/\/www.juve.de\/nachrichten\/namenundnachrichten\/2013\/01\/neue-struktur-jones-day-schafft-deutsche-managementspitze\" target=\"_blank\">http:\/\/www.juve.de\/nachrichten\/namenundnachrichten\/2013\/01\/neue-struktur-jones-day-schafft-deutsche-managementspitze<\/a><\/p>\n<p>&nbsp;<\/p>\n<p><span class=\"smarterwiki-popup-bubble smarterwiki-popup-bubble-active smarterwiki-popup-bubble-flipped\" style=\"margin-left: -54px\"><span class=\"smarterwiki-popup-bubble-body\"><span class=\"smarterwiki-popup-bubble-links-container\"><span class=\"smarterwiki-popup-bubble-links\"><span class=\"smarterwiki-popup-bubble-links-row\"><a class=\"smarterwiki-popup-bubble-link\" title=\"Search DuckDuckGo\" href=\"http:\/\/duckduckgo.com\/?q=http%3A%2F%2Fwww.juve.de%2Fnachrichten%2Fnamenundnachrichten%2F2013%2F01%2Fneue-struktur-jones-day-schafft-deutsche-managementspitze\" target=\"_blank\"><img decoding=\"async\" class=\"smarterwiki-popup-bubble-link-favicon\" src=\"https:\/\/ff.duckduckgo.com\/favicon.ico\" alt=\"\" \/><\/a><a class=\"smarterwiki-popup-bubble-link\" title=\"Search Wikipedia\" href=\"http:\/\/www.google.de\/search?hl=de&amp;btnI=I'm+Feeling+Lucky&amp;q=http%3A%2F%2Fwww.juve.de%2Fnachrichten%2Fnamenundnachrichten%2F2013%2F01%2Fneue-struktur-jones-day-schafft-deutsche-managementspitze+wikipedia\" target=\"_blank\"><img decoding=\"async\" class=\"smarterwiki-popup-bubble-link-favicon\" src=\"image\/png;base64,iVBORw0KGgoAAAANSUhEUgAAABQAAAATCAYAAACQjC21AAAAAXNSR0IArs4c6QAAAAZiS0dEAP8A\/wD\/oL2nkwAAAAlwSFlzAAAIpwAACKcBMsYCAwAAAAd0SU1FB9kFEwgQLXKnj9oAAAPsSURBVDiNdVRZSGRXEH1Joz8icSIMJsEQEvKvov4ICoOYIAp+KKISkLiAgij5UGOMjgoug6CiKC64i\/sSpVHcl7jv7W6722pcWmyNoqBW6hRpyYSZC8W7975bdU+dOrcUIlL+axYWFq+SkpLybWxsYo17VlZWX\/H6DebOzs4\/ent7\/+Lu7v7z\/31h7y8U5fvV1VWNra3tIObGvZqamtaHh4fHxMTExb29vcejoyMKCwt7jIqKWuD\/bz4Y0MXF5e319bU2JyfngA99x\/YJ22empqZuERERKwcHB9Td3U37+\/u0srJCc3NzNDIyQk1NTVcqleonPvv6JSCPL87OznQ8p+TkZC2vv2GzcnNz+83a2joqLy9vCQFnZ2dpfX2dlpaWqLe3lzo7O+WStLS0ORMTE7+XgCkpKTX07\/Dz86PIyEhDVlaWISMjgxISEmRfp9PRzs4O7e7uEtMi6EZHRyVweHg4gp6bm5tbKK958PlbODES+ZmZmQmkxjsE2d3dHWm1WsrOzqa6ujoaGhqigYEBGh4epvT0dCovLyd7e3sfhR3fGR0vLy9fULa0tMj8\/PycNBoNcVGIi0NxcXHU09NDY2Nj1N\/fL2mXlZXJJV5eXkXK9va2DojggIDPz8\/iuLGxQcvLy8IXEN7c3JBer5f14uKiIOzr66P29naqqqqiiooK8vf3n1aYbP3ExIQcZkkIKgcHBwJ\/BoNB1ltbW8IbF466urrk3OTkpFhDQ4MEZA7Jx8fnSGEJ6I2pHh4eyvf2ViglVBbBwBMQb25u0sLCgnAXExMjVLS1tVFJSYmkHRoa+pfCmydwPjk5EYf7+3txwBoVRTFmZmZetFdcXEyBgYGUm5srVa6traWioiIqKCig4ODgVYVJnUE6LGpBhLQQDMjAHeaQzPT0tASG7iorK0U2kAwC4hIE9PT0HFZYvB7j4+NPQHlxcSGFOD4+Fvnw8xKOUGnwxAWkqakpqSz7CJ\/V1dXEmiV+\/+To6Pi7CJvFq356ehIHaA2ogPjq6krSRlVbW1ulqoODgyIbyMfX15dKS0spNjYWAf+2tLT8UgLyJAIPHinPz89LFcEXJIJUcdHa2ppIBAjVajWlpqYSNwcqLCwUdEFBQX9+ysP4llXcSf7gFO6A8PT0lJqbm4UXvB6kBc6QKgz\/sAfu8Ers7OzecYxv3+s2PD53dXX9FVUFCiCqr6+njo4OSRMBwSN3FylKfn4+MQgKCAhAC1N9rB+aODk5vWUU5+ARUoHu8CpQ0cbGRjFcxA3kkjtRAft8\/dEGazRuRabcZH8ICQkpjo6OVjNHmvj4+GXuiyMeHh453ATCzMzMXn3I9x8oCiuuorpqawAAAABJRU5ErkJggg==\" alt=\"\" \/><\/a><\/span><span class=\"smarterwiki-popup-bubble-links-row\"><a class=\"smarterwiki-popup-bubble-link\" title=\"Search Google\" href=\"http:\/\/www.google.de\/search?q=http%3A%2F%2Fwww.juve.de%2Fnachrichten%2Fnamenundnachrichten%2F2013%2F01%2Fneue-struktur-jones-day-schafft-deutsche-managementspitze\" target=\"_blank\"><img decoding=\"async\" class=\"smarterwiki-popup-bubble-link-favicon\" src=\"https:\/\/www.google.com\/favicon.ico\" alt=\"\" \/><\/a><a class=\"smarterwiki-popup-bubble-link\" title=\"Search Surf Canyon\" href=\"http:\/\/search.surfcanyon.com\/search?f=nrl1&amp;q=http%3A%2F%2Fwww.juve.de%2Fnachrichten%2Fnamenundnachrichten%2F2013%2F01%2Fneue-struktur-jones-day-schafft-deutsche-managementspitze&amp;partner=fastestfox\" target=\"_blank\"><img decoding=\"async\" class=\"smarterwiki-popup-bubble-link-favicon\" src=\"image\/x-icon;base64,AAABAAEAEBAAAAEAIABoBAAAFgAAACgAAAAQAAAAIAAAAAEAIAAAAAAAAAQAAAAAAAAAAAAAAAAAAAAAAAD\/\/\/8A\/\/\/\/AP\/\/\/wD\/\/\/8A\/\/\/\/AP\/\/\/wD\/\/\/8A\/\/\/\/AP\/\/\/wD\/\/\/8A\/\/\/\/AP\/\/\/wD\/\/\/8A\/\/\/\/AP\/\/\/wD\/\/\/8A\/\/\/\/AP\/\/\/wD\/\/\/8AycnKOmdmaastLTDuIB8j\/yAfI\/87Oz7eg4OFi+no6Rj\/\/\/8A\/\/\/\/AP\/\/\/wD\/\/\/8A\/\/\/\/AP\/\/\/wD6+voDfHx+kyAfI\/8gHyP\/LCsv+FJRVPhHRkr6IiEl\/SAfI\/8tLTDuuLe5T\/\/\/\/wD\/\/\/8A\/\/\/\/AP\/\/\/wD\/\/\/8AfHx+kyAfI\/8wLzP4qqqr+Pv7+\/\/\/\/\/\/\/\/\/\/\/\/+3t7f+Dg4X9IB8j\/yMiJvq\/vr9H\/\/\/\/AP\/\/\/wD\/\/\/8AyMfIPyIhJf8wLzP429vb+P\/\/\/\/\/\/\/\/\/\/\/\/\/\/\/\/\/\/\/\/\/\/\/\/\/\/\/\/\/\/\/66ur\/0gHyP\/ODc74\/\/\/\/wD\/\/\/8A\/\/\/\/AHRzda4wLjH\/rKyt+P\/\/\/\/\/8\/Pz\/h4eJ\/z8+Qv9GRUn\/rq6v\/\/\/\/\/\/\/\/\/\/\/\/iIiK\/6ijnP\/269Y\/\/\/\/\/AP\/\/\/wBQTlDzR0VI+vv7+\/\/\/\/\/\/\/oqGh\/zg2Of8hICT\/IB8j\/yAfI\/\/c3Nz\/7de7\/9alX\/\/GfhL\/48KOfv\/\/\/wD\/\/\/8AWFZX\/3Vzdfr\/\/\/\/\/\/\/\/\/\/4iGhv9SUFL\/MC8z\/2ZlaP+1jmz\/unMv\/7NjFf+zYxX\/s2MV\/9atin7WrYp+1q2KfmdlZf91c3T8\/\/\/\/\/\/\/\/\/\/+npaT\/bWtr\/0tJS\/81Mzf\/jIB5\/9Gidv+\/eDD\/v3gw\/8B6M\/\/NlWD\/x4pO\/8WFRvqLiIjXbmxs\/+rq6v\/\/\/\/\/\/6Ofn\/4yJiP9lY2T\/Q0JE\/0tKTf\/09PT\/9uvc\/+K5gP\/apFL\/9+zaP\/\/\/\/wD\/\/\/8AwcDAe357e\/+koqL9\/\/\/\/\/\/\/\/\/\/\/09PT\/zs3N\/8jHx\/\/5+fn\/\/\/\/\/\/+7u7\/9\/f4H\/4tfC\/\/rv2T\/\/\/\/8A\/\/\/\/APb29g+YlZXjhYKB\/7W0s\/\/9\/f3\/\/\/\/\/\/\/\/\/\/\/\/\/\/\/\/\/\/\/\/\/\/+vr6\/9paGn\/NTQ3\/319f6f\/\/\/8A\/\/\/\/AP\/\/\/wD\/\/\/8A6OjnMpmWle6MiYf\/lZOS\/8XEw\/\/b2tr\/0dHR\/6elpv9hYGH\/TkxO\/25sb8L09PQM\/\/\/\/AP\/\/\/wD\/\/\/8A\/\/\/\/AP\/\/\/wDv7+4jsa6tu5KPjf+Kh4b\/gX59\/3h2df9vbW3\/amho96alpof4+PgH\/\/\/\/AP\/\/\/wD\/\/\/8A\/\/\/\/AP\/\/\/wD\/\/\/8A\/\/\/\/AP\/\/\/wDs6+srz87Nb8XDw37Av75+zMvKXvLy8hT\/\/\/8A\/\/\/\/AP\/\/\/wD\/\/\/8A\/\/\/\/AP\/\/\/wD\/\/\/8A\/\/\/\/AP\/\/\/wD\/\/\/8A\/\/\/\/AP\/\/\/wD\/\/\/8A\/\/\/\/AP\/\/\/wD\/\/\/8A\/\/\/\/AP\/\/\/wD\/\/\/8A\/\/\/\/AP\/\/\/wD\/\/\/8A\/\/8AAPA\/AADAHwAAgA8AAIAHAAAABwAAAAcAAAAHAAAAAAAAAAcAAIAHAACABwAAwA8AAOAfAAD\/\/wAA\/\/8AAA%3D%3D\" alt=\"\" \/><\/a><\/span><\/span><\/span><\/span><\/span><\/p>\n","protected":false},"excerpt":{"rendered":"<p>Es gibt kaum einen Anwalt in Deutschland, der solch eine Legende &#8211; und solch ein Lehrst\u00fcck &#8211; ist wie Wilhelm Haarmann. Seine Partys, die er beim Weltwirtschaftsgipfel in Davos schmiss, waren sogar der &#8222;FAZ&#8220; schon damals einen Einspalter wert. Das &hellip; <a href=\"https:\/\/blog.wiwo.de\/management\/2013\/02\/19\/haarmann-gesellt-sich-zu-linklaters\/\">Weiterlesen <span class=\"meta-nav\">&rarr;<\/span><\/a><\/p>\n","protected":false},"author":19,"featured_media":0,"comment_status":"open","ping_status":"open","sticky":false,"template":"","format":"standard","meta":{"footnotes":""},"categories":[1],"tags":[490,581,704,2222,2220,2221],"class_list":["post-647862","post","type-post","status-publish","format-standard","hentry","category-allgemein","tag-haarmann-hemmelrath","tag-jones-day","tag-linklaters","tag-orrick-herrington-sutcliff","tag-wilhelm-haarmann","tag-wolfgang-holters"],"_links":{"self":[{"href":"https:\/\/blog.wiwo.de\/management\/wp-json\/wp\/v2\/posts\/647862","targetHints":{"allow":["GET"]}}],"collection":[{"href":"https:\/\/blog.wiwo.de\/management\/wp-json\/wp\/v2\/posts"}],"about":[{"href":"https:\/\/blog.wiwo.de\/management\/wp-json\/wp\/v2\/types\/post"}],"author":[{"embeddable":true,"href":"https:\/\/blog.wiwo.de\/management\/wp-json\/wp\/v2\/users\/19"}],"replies":[{"embeddable":true,"href":"https:\/\/blog.wiwo.de\/management\/wp-json\/wp\/v2\/comments?post=647862"}],"version-history":[{"count":0,"href":"https:\/\/blog.wiwo.de\/management\/wp-json\/wp\/v2\/posts\/647862\/revisions"}],"wp:attachment":[{"href":"https:\/\/blog.wiwo.de\/management\/wp-json\/wp\/v2\/media?parent=647862"}],"wp:term":[{"taxonomy":"category","embeddable":true,"href":"https:\/\/blog.wiwo.de\/management\/wp-json\/wp\/v2\/categories?post=647862"},{"taxonomy":"post_tag","embeddable":true,"href":"https:\/\/blog.wiwo.de\/management\/wp-json\/wp\/v2\/tags?post=647862"}],"curies":[{"name":"wp","href":"https:\/\/api.w.org\/{rel}","templated":true}]}}