{"id":647207,"date":"2013-01-07T21:33:04","date_gmt":"2013-01-07T20:33:04","guid":{"rendered":"https:\/\/blog.wiwo.de\/management\/?p=647207"},"modified":"2013-01-07T21:46:01","modified_gmt":"2013-01-07T20:46:01","slug":"auf-allen-vieren-im-kuhlschrank","status":"publish","type":"post","link":"https:\/\/blog.wiwo.de\/management\/2013\/01\/07\/auf-allen-vieren-im-kuhlschrank\/","title":{"rendered":"Auf allen Vieren im K\u00fchlschrank"},"content":{"rendered":"<p>Der Abend f\u00e4ngt ja lustig an. Ich finde das herausnehmbare Flaschenfach meines Bosch-Eisschranks im Papierkorb. Das gute Teil &#8211; letztlich von Siemens, wozu Gaggenau, Neff und eben Bosch geh\u00f6ren &#8211; soll alle halbe Jahr einen neuen Flaschenbeh\u00e4lter brauchen, warnte mich schon eine Freundin. Was ich in dem Moment f\u00fcr lustig hielt, aber eher als Scherz einordnete. So einen von der Sorte, \u00b4\u00fcbertrieben, um den Kern der Sache hervorzuheben\u00b4. Doch sch\u00f6n w\u00e4rs gewesen, nix \u00fcbertrieben.<\/p>\n<p><a href=\"https:\/\/blog.wiwo.de\/management\/files\/2013\/01\/flaschenfach1.jpg\"><img loading=\"lazy\" decoding=\"async\" class=\"aligncenter size-medium wp-image-647212\" title=\"flaschenfach\" src=\"https:\/\/blog.wiwo.de\/management\/files\/2013\/01\/flaschenfach1-e1357590765631-225x300.jpg\" alt=\"\" width=\"225\" height=\"300\" srcset=\"https:\/\/blog.wiwo.de\/management\/files\/2013\/01\/flaschenfach1-e1357590765631-225x300.jpg 225w, https:\/\/blog.wiwo.de\/management\/files\/2013\/01\/flaschenfach1-e1357590765631.jpg 487w\" sizes=\"auto, (max-width: 225px) 100vw, 225px\" \/><\/a><\/p>\n<p>Schon l\u00e4nger hege ich Symphatie f\u00fcr den mir unbekannten Chinesen, der seinen <a title=\"Siemens-K\u00fchlschrank in China\" href=\"http:\/\/https:\/\/blog.wiwo.de\/management\/2011\/11\/20\/pr-lektion-aus-china-fur-siemens\/\" target=\"_blank\">Siemens-K\u00fchlschrank<\/a> in einer Demo-Aktion vor der Siemens-Zentrale in Peking mit einer Axt zertr\u00fcmmerte. <a title=\"Siemens-K\u00fchlschrank in China\" href=\"http:\/\/https:\/\/blog.wiwo.de\/management\/2011\/11\/20\/pr-lektion-aus-china-fur-siemens\/\" target=\"_blank\">https:\/\/blog.wiwo.de\/management\/2011\/11\/20\/pr-lektion-aus-china-fur-siemens\/<\/a><\/p>\n<p>Meinen K\u00fchlschrank, es ist so ein gro\u00dfer nach amerikanischem Vorbild, brauche ich gar nicht zertr\u00fcmmern. Er macht das alleine. Von Anfang an, seit ich ihn im Juni 2011 geliefert bekam. Vom Fachh\u00e4ndler um die Ecke, politisch v\u00f6llig korrekt. T\u00e4glich halte ich beim \u00d6ffnen seiner T\u00fcr mindestens eine der Blenden in der Hand oder es kracht eine zu Boden. Sieben m\u00f6gliche sind es und sie wechseln sich ab. Meine Familie hat\u00b4s schon aufgegeben, sie \u00fcberhaupt wieder einzusetzen. St\u00e4ndig finde ich eine auf dem Boden in der Ecke oder sonstwo in der N\u00e4he des Prachtst\u00fccks.<\/p>\n<p>Doch zur\u00fcck zu meinem Erlebnis der dritten Art gerade mit dem Siemens-Kundendienst &#8211; 24 Stunden erreichbar. Grund\u00e4tzlich sehr l\u00f6blich bei Ger\u00e4ten wie Tiefk\u00fchlschr\u00e4nken, bei denen das Versagen echt teuer wird, je l\u00e4nger es dauert. Doch weil\u00b4s hinterher eben mit dem Liefern und Reparieren nicht mehr schnell geht, sind mir schon mehrere BoFrost-Tiefk\u00fchlkost-Lieferungen f\u00fcr Hunderte Euro vergammelt.<\/p>\n<p>&nbsp;<\/p>\n<p><strong>Wenn der Rheinl\u00e4nder den Bayern kaum versteht<\/strong><\/p>\n<p>Also am Telefon der Hotline begr\u00fc\u00dft mich ein Herr, der leicht ungehalten ist, aber den ich ob seines starken bayerischen Dialekts kaum verstehe. Und dann wird\u00b4s drollig &#8211; die Sendung &#8222;Versteckte Kamera&#8220; h\u00e4tte Spa\u00df gehabt und der Loriot-Mann, der nur ein Bild grader\u00fccken wollte, auch. Ich soll ihm &#8222;die E-Nummer&#8220; sagen. Dass ich nicht weiss, was er meint, muss meine Bl\u00f6dheit sein. Das gibt er mir zu verstehen. Ich h\u00e4tte ja wenigstens den Lieferschein f\u00fcr ihn parat haben k\u00f6nnen, der noch von dem 2.Flaschenfach stammt, brummelt er mich an. Das ging ja ebenfalls in der Garantiezeit kaputt &#8211; und Siemens hielt es f\u00fcr meine Sache, bezahlen musste ich es.<\/p>\n<p>&nbsp;<\/p>\n<p><strong>Die E-Nummer, die mit K anf\u00e4ngt<\/strong><\/p>\n<p>Ob die teure Marke mit der deutschen Wertarbeit ihre eigenen Flaschenf\u00e4cher aus guten Grund gleich nicht in die Garantie nimmt? Oder will sie mich einfach so aus Habgier in meiner Notlage gnadenlos zur Kasse bitten? Keine Ahnung. Aber in dem Moment klingt mir immer die Erz\u00e4hlung eines Siemensianers im Ohr, der mir berichtete, dass der neue Chef der Reparaturabteilung das Ziel ausgegeben habe, den Umsatz zu verdoppeln. Jetzt ahne ich, wie. H\u00e4tte ich jedenfalls den doofen Lieferschein noch, m\u00fcsste ich jetzt nicht &#8222;unten links im K\u00fchlschrank neben dem Gem\u00fcsefach&#8220; auf allen Vieren krabbelnd die E-Nummer, &#8222;die im Rahmen, die mit einem K anf\u00e4ngt&#8220; zu suchen.<\/p>\n<p>&nbsp;<\/p>\n<p><strong>Auf allen Vieren im K\u00fchlschrank<\/strong><\/p>\n<p>Zwischendurch immer meine Nachfragen, &#8222;Wie bitte?&#8220; und &#8222;was haben Sie gesagt?&#8220; Also das Gem\u00fcsefach muss erst mal komplett rausgezogen werden. Mit beiden H\u00e4nden und das telefon zwischen Schulter und Ohr eingeklemmt. Die Sirene f\u00fcrs -zu-lange-Offenstehen der T\u00fcr f\u00e4ngt derweile schon mal laut an laut zu pfeifen. Nirgends steht links eine E-Nummer, da steht n\u00e4mlich gar nix. Daf\u00fcr aber ein Fach h\u00f6her, das ich nun rausziehe und daneben auf der rechten Seite daf\u00fcr ein Schild entdecke. W\u00e4hrend ich auch diese Schublade ganz herausziehe, f\u00e4ngt mein Hund Arthur schon mal an, sich daraus eine Packung Schinken sichern zu wollen. Es pfeift weiter. Immer das Telefon am Ohr und inzwischen wieder auf allen Vieren tief im K\u00fchlschrank habe ich pl\u00f6tzlich den Eindruck, das Gespr\u00e4ch sei weg wg. schnurloses Telefon im K\u00fchlschrank. Und ich bekomme Angst, ich m\u00fcsse das ganze Theater mit dem n\u00e4chsten Call-Center-Mitarbeiter von vorne beginnen. Denn bis dahin habe ich schon dreimal &#8211; wirklich dreimal &#8211; meine Adresse aufsagen m\u00fcssen.<\/p>\n<p>Also schnell rausgekrabbelt und den G\u00f6ttergatten zu Hilfe rufen. Der Bayer wird nun ziemlich ungeduldig und berichtet seinen Kollegen gut h\u00f6rbar und \u00fcbellaunig von der Kundin, die nicht mal den Lieferschein des ersten Ersatzflaschenfachs zur Hand hat. Es pfeift immer noch durchdringend.<\/p>\n<p>Selbst der G\u00f6ttergatte, der nun auch tief im K\u00fchlschrank steckt, kann die Nummer kaum entziffern, aber die Zahlen, die er nach und nach ansagt, erkennt der Bayer irgendwie wieder und kommentiert sie mit einer Art zufriedenem Grunzen. Oder so was \u00e4hnlichem.<\/p>\n<p><strong>Darfs noch was sein?<\/strong><\/p>\n<p>Ob ich noch etwas brauche, fragte er mich dann abschlie\u00dfend &#8211; und fast, ja fast h\u00e4tte ich abgewunken. Denn mein Mann zeigt mir die Abdeckung des rausgezogenen Gem\u00fcsefachs, das auch schon einen ordentlichen Ri\u00df hat. Also das auch noch, bittesch\u00f6n.<\/p>\n<p>In &#8222;vier bis f\u00fcnf Werktagen&#8220; sollen die Teile dann kommen &#8211; ich bin gespannt.<\/p>\n<p>Ob die Qualit\u00e4t oder besser Nichtqualit\u00e4t dieses Materials mit der Siemens-Vorstandsfrau Cux zu tun hat, die dieses Jahr ihren Hut nehmen muss, frage ich mich. Aber wahrscheinlich nicht. Denn sie soll ja zu wenig eingespart haben, war der Vorwurf. Bei den F\u00e4chern meines K\u00fchlschranks, kann man nicht noch mehr einsparen. Oder sie kommen gleich kaputt an beim Kunden.<\/p>\n<p>Aber das w\u00e4re dann wahrscheinlich auch meine Schuld.<\/p>\n<p>&nbsp;<\/p>\n<p>Mehr zum\u00a0 Theater mit der Ger\u00e4tenummer &#8211; ohne die dem Kunden leider auch nicht geholfen werden kann: <a title=\"Ger\u00e4tenummern-Theater statt Kundenorientierung\" href=\"http:\/\/https:\/\/blog.wiwo.de\/management\/2010\/05\/20\/wenn-der-herd-flammen-schlagt-aber-ohne-unauffindbare-geratenummern-nichts-lauft\/\" target=\"_blank\">https:\/\/blog.wiwo.de\/management\/2010\/05\/20\/wenn-der-herd-flammen-schlagt-aber-ohne-unauffindbare-geratenummern-nichts-lauft\/<\/a><\/p>\n<p>Erlebnisse mit &#8222;schwimmenden Sieben&#8220; bei einer neuen Siemens-Geschirrp\u00fclmaschine: <a title=\"Siemens-Service bei einer neuen Geschirrsp\u00fclmaschine\" href=\"http:\/\/https:\/\/blog.wiwo.de\/management\/2012\/05\/10\/schwimmende-siebe-wissen-macht-nicht-a-sondern-aha-erlebnisse\/\" target=\"_blank\">https:\/\/blog.wiwo.de\/management\/2012\/05\/10\/schwimmende-siebe-wissen-macht-nicht-a-sondern-aha-erlebnisse\/<\/a><\/p>\n","protected":false},"excerpt":{"rendered":"<p>Der Abend f\u00e4ngt ja lustig an. Ich finde das herausnehmbare Flaschenfach meines Bosch-Eisschranks im Papierkorb. Das gute Teil &#8211; letztlich von Siemens, wozu Gaggenau, Neff und eben Bosch geh\u00f6ren &#8211; soll alle halbe Jahr einen neuen Flaschenbeh\u00e4lter brauchen, warnte mich &hellip; <a href=\"https:\/\/blog.wiwo.de\/management\/2013\/01\/07\/auf-allen-vieren-im-kuhlschrank\/\">Weiterlesen <span class=\"meta-nav\">&rarr;<\/span><\/a><\/p>\n","protected":false},"author":19,"featured_media":0,"comment_status":"open","ping_status":"open","sticky":false,"template":"","format":"standard","meta":{"footnotes":""},"categories":[1],"tags":[1254,206,2126,2124,2123,2127,665,668,2125,966],"class_list":["post-647207","post","type-post","status-publish","format-standard","hentry","category-allgemein","tag-bosch","tag-call-center","tag-flaschenfach","tag-gaggenau","tag-garantie","tag-hotline","tag-kundenfreundlichkeit","tag-kundenorientierung","tag-neff","tag-siemens"],"_links":{"self":[{"href":"https:\/\/blog.wiwo.de\/management\/wp-json\/wp\/v2\/posts\/647207","targetHints":{"allow":["GET"]}}],"collection":[{"href":"https:\/\/blog.wiwo.de\/management\/wp-json\/wp\/v2\/posts"}],"about":[{"href":"https:\/\/blog.wiwo.de\/management\/wp-json\/wp\/v2\/types\/post"}],"author":[{"embeddable":true,"href":"https:\/\/blog.wiwo.de\/management\/wp-json\/wp\/v2\/users\/19"}],"replies":[{"embeddable":true,"href":"https:\/\/blog.wiwo.de\/management\/wp-json\/wp\/v2\/comments?post=647207"}],"version-history":[{"count":0,"href":"https:\/\/blog.wiwo.de\/management\/wp-json\/wp\/v2\/posts\/647207\/revisions"}],"wp:attachment":[{"href":"https:\/\/blog.wiwo.de\/management\/wp-json\/wp\/v2\/media?parent=647207"}],"wp:term":[{"taxonomy":"category","embeddable":true,"href":"https:\/\/blog.wiwo.de\/management\/wp-json\/wp\/v2\/categories?post=647207"},{"taxonomy":"post_tag","embeddable":true,"href":"https:\/\/blog.wiwo.de\/management\/wp-json\/wp\/v2\/tags?post=647207"}],"curies":[{"name":"wp","href":"https:\/\/api.w.org\/{rel}","templated":true}]}}