{"id":645611,"date":"2012-09-02T11:22:15","date_gmt":"2012-09-02T09:22:15","guid":{"rendered":"https:\/\/blog.wiwo.de\/management\/?p=645611"},"modified":"2012-09-02T12:21:51","modified_gmt":"2012-09-02T10:21:51","slug":"reding-legt-los-sie-legt-nachsten-monat-ein-gesetzentwurfchen-zur-europaweiten-frauenquote-vor","status":"publish","type":"post","link":"https:\/\/blog.wiwo.de\/management\/2012\/09\/02\/reding-legt-los-sie-legt-nachsten-monat-ein-gesetzentwurfchen-zur-europaweiten-frauenquote-vor\/","title":{"rendered":"Reding legt los: Sie wartet n\u00e4chsten Monat mit einem Gesetzentw\u00fcrfchen zur europaweiten Frauenquote auf"},"content":{"rendered":"<p>&nbsp;<\/p>\n<p>&#8222;Keiner mag Quoten, aber ich mag, was Quoten bewirken&#8220;, hatte Reding im M\u00e4rz in Frankfurt f\u00fcr ihre Idee geworben. &#8222;Wir br\u00e4uchten sonst Jahrzehnte, um dahin zu kommen, wo wir hin wollen.&#8220; Die\u00a0\u00a0hat errechnet: In den Unternehmen in den wichtigsten deutschen B\u00f6rsenindizes (Dax, MDax, TecDax, SDax) lag der Frauenanteil in den Aufsichtsr\u00e4ten im Jahr 2011 durchschnittlich bei knapp 14 Prozent, in den Vorst\u00e4nden sitzen demnach nicht einmal 4 Prozent Frauen.<\/p>\n<p>Also: Alles halb so wild. Nein, nicht heute oder morgen sollen 40 Prozent der Aufsichtsr\u00e4te mit Frauen besetzt sein, sondern erst in acht Jahren. Also Zeit genug. Die Nachricht kam heute: Viviane Reding macht ernst, der Gesetzesentwurf f\u00fcr die Frauenquote &#8211; f\u00fcr Deutschland aber nur in den Aufsichtsr\u00e4ten &#8211; kommt im Oktober.<\/p>\n<p>&nbsp;<\/p>\n<p><strong>Unternehmen unter 250 Mitarbeitern oder unter 50 Millionen Euro Umsatz sind \u00a0raus aus der Nummer<\/strong><\/p>\n<p>Und es sollen &#8211; nat\u00fcrlich nicht, davon war nie die Rede &#8211; keineswegs alle Unternehmen sein, sondern nur b\u00f6rsennotierte Aktiengesellschaften wie die DAX30 &#8211; und das auch nur dann, wenn sie 250 Mitarbeiter aufw\u00e4rts haben und \u00fcber 50 Millionen Euro Umsatz machen.<\/p>\n<p>Und, meine Herren: An den entscheidenden Stellen, da wo\u00b4s wirklich passiert, \u00a0in den Vorst\u00e4nden, brauchen Sie auch nicht bef\u00fcrchten, von Frauen bedr\u00e4ngt zu werden. \u00dcber 180 M\u00e4nner stehen auch heute noch, nach eineinhalb Jahren Frauenquoten-Diskussion und \u00fcber zehn Jahren freiwilliger Selbstverpflichtung nur acht Frauen gegen\u00fcber, die ihnen aber schreckliche Angst einjagen.<a title=\"Link \u00f6ffnet neues Browserfenster: http:\/\/www.fidar.de\/webmedia\/documents\/wob-index\/120530_Studie_WoB-Index_VI_end.pdf\" href=\"http:\/\/www.fidar.de\/webmedia\/documents\/wob-index\/120530_Studie_WoB-Index_VI_end.pdf\">Initiative FidAR (Frauen in die Aufsichtsr\u00e4te<\/a><\/p>\n<p>Ich wiederhole: es sind nur acht &#8211; die passen in einen <a title=\"Der van von Toyota, in den alle weiblichen Dax-Vorst\u00e4nde gemeinsam hineinpassen\" href=\"http:\/\/http:\/\/www.familien-auto.de\/fotos.html\" target=\"_blank\">Toyota-Van namens Sienna<\/a> und &#8211; was f\u00fcr die Top-Manager doch wieder sch\u00f6n ist: diese Frauen denken nicht daran sich f\u00fcr andere Frauenkarrieren \u00f6ffentlich stark zu machen. Im Gegenteil: Hat sich nicht jede von denen schon gegen die Frauenquote ausgesprochen oder sie zumindest nicht bef\u00fcrwortet?\u00a0<a title=\"Management-Blog zur Zahl der weiblichen Vorst\u00e4nde\" href=\"https:\/\/blog.wiwo.de\/management\/2012\/02\/17\/alle-weiblichen-dax-vorstande-passen-zusammen-in-einen-familien-van-wie-den-toyota-sienna\/#more-643199\" target=\"_blank\">https:\/\/blog.wiwo.de\/management\/2012\/02\/17\/alle-weiblichen-dax-vorstande-passen-zusammen-in-einen-familien-van-wie-den-toyota-sienna\/#more-643199<\/a><\/p>\n<p>&nbsp;<\/p>\n<p><strong>Strafen, die dem Manager-Portemonnai weh tun<\/strong><\/p>\n<p>Interessant sind hingegen die Strafen, die sich Reding ausgedacht hat. Die sind nicht von Pappe und sie waren es ja auch damals in Norwegen nicht.<\/p>\n<p>Die &#8222;Welt am Sonntag&#8220; hat den Entwurf bereits und schreibt: &#8222;Halten sich die Firmen nicht an die Vorgaben, gibt es Strafen: Bu\u00dfgelder, den Entzug staatlicher Subventionen oder den Ausschluss von \u00f6ffentlichen Wettbewerben.&#8220; Autsch, das tut besonders weh. Es drohen sinkende Pr\u00e4mien f\u00fcr die Manager, &#8211; und das wollen sie nicht.<\/p>\n<p id=\"p2\">Und weiter: &#8222;Wird ein Mann zum Aufsichtsrat berufen, obwohl es eine mindestens genauso qualifizierte Frau f\u00fcr den Posten gegeben h\u00e4tte, k\u00f6nnte er den Job deshalb wieder verlieren.&#8220; So ein weit gehender Einschnitt ist nicht sch\u00f6n, aber wirkungsvoll.<\/p>\n<p>Man bedenke den Fall der Gema-Abteilungsleiterin, die zwar in der Sache recht bekam \u00a0&#8211; das Gericht sah sie als diskriminiert an im Bef\u00f6rderungszirkus &#8211; , aber den Posten bekam sie deshalb nicht zugesprochen. Nur das Sal\u00e4r der Position.\u00a0<a href=\"http:\/\/www.taz.de\/!26428\/\">http:\/\/www.taz.de\/!26428\/<\/a><\/p>\n<p>Aber, wie hart die Strafen in Deutschland ausfallen, ist damit noch nicht gesagt: &#8222;Welche Sanktionen sie konkret ergreifen, k\u00f6nnen die Mitgliedstaaten selbst bestimmen&#8220;, schreibt die &#8222;Welt&#8220;.<\/p>\n<p>&nbsp;<\/p>\n<p><strong>Ged\u00f6ns und Schauveranstaltung<\/strong><\/p>\n<p>Und dann beschleicht frau das Gef\u00fchl, dass es doch nur ein wenig S\u00e4belrasseln ist? \u00a0Top-Anw\u00e4ltin Ute Jasper von Heuking K\u00fchn aus D\u00fcsseldorf nannte es k\u00fcrzlich hier im Blog so: &#8222;Ged\u00f6ns und Schauveranstaltung&#8220; ist es, wenn Frauen nur in die Aufsichtsr\u00e4te sollen, in eine Arzt Teilzeitjob f\u00fcr vielleicht 14 Tage oder maximal einen Monat Arbeit im Jahr.\u00a0<a href=\"https:\/\/blog.wiwo.de\/management\/2012\/07\/29\/gedons-und-schau-veranstaltung-wenn-die-eu-nur-frauen-im-aufsichtsrat-will-statt-dort-wo-die-luzie-abgeht\/#more-644670\">https:\/\/blog.wiwo.de\/management\/2012\/07\/29\/gedons-und-schau-veranstaltung-wenn-die-eu-nur-frauen-im-aufsichtsrat-will-statt-dort-wo-die-luzie-abgeht\/#more-644670<\/a><\/p>\n<p><a href=\"https:\/\/blog.wiwo.de\/management\/files\/2012\/07\/Jasper-Dr-Ute-Print-rotkleiner-2-e1343648470407.jpg\"><img loading=\"lazy\" decoding=\"async\" class=\"size-thumbnail wp-image-644673\" title=\"Jasper Dr  Ute Print rot(kleiner) (2)\" src=\"https:\/\/blog.wiwo.de\/management\/files\/2012\/07\/Jasper-Dr-Ute-Print-rotkleiner-2-150x150.jpg\" alt=\"\" width=\"150\" height=\"150\" \/><\/a><\/p>\n<dl id=\"attachment_644673\" class=\"wp-caption alignleft\" style=\"width: 160px;\">\n<dd class=\"wp-caption-dd\">Ute Jasper, Partnerin bei der Soziet\u00e4t Heuking K\u00fchn<\/dd>\n<\/dl>\n<p>&nbsp;<\/p>\n<p>&nbsp;<\/p>\n<p>&nbsp;<\/p>\n<p><a href=\"http:\/\/www.spiegel.de\/wirtschaft\/soziales\/eu-kommission-plant-frauenquote-fuer-aufsichtsraete-a-853414.html\">http:\/\/www.spiegel.de\/wirtschaft\/soziales\/eu-kommission-plant-frauenquote-fuer-aufsichtsraete-a-853414.html<\/a><\/p>\n","protected":false},"excerpt":{"rendered":"<p>&nbsp; &#8222;Keiner mag Quoten, aber ich mag, was Quoten bewirken&#8220;, hatte Reding im M\u00e4rz in Frankfurt f\u00fcr ihre Idee geworben. &#8222;Wir br\u00e4uchten sonst Jahrzehnte, um dahin zu kommen, wo wir hin wollen.&#8220; Die\u00a0\u00a0hat errechnet: In den Unternehmen in den wichtigsten &hellip; <a href=\"https:\/\/blog.wiwo.de\/management\/2012\/09\/02\/reding-legt-los-sie-legt-nachsten-monat-ein-gesetzentwurfchen-zur-europaweiten-frauenquote-vor\/\">Weiterlesen <span class=\"meta-nav\">&rarr;<\/span><\/a><\/p>\n","protected":false},"author":19,"featured_media":0,"comment_status":"open","ping_status":"open","sticky":false,"template":"","format":"standard","meta":{"footnotes":""},"categories":[1],"tags":[108,341,405,409,1136],"class_list":["post-645611","post","type-post","status-publish","format-standard","hentry","category-allgemein","tag-aufsichtsrate","tag-eu","tag-frauen","tag-frauenquote","tag-viviane-reding"],"_links":{"self":[{"href":"https:\/\/blog.wiwo.de\/management\/wp-json\/wp\/v2\/posts\/645611","targetHints":{"allow":["GET"]}}],"collection":[{"href":"https:\/\/blog.wiwo.de\/management\/wp-json\/wp\/v2\/posts"}],"about":[{"href":"https:\/\/blog.wiwo.de\/management\/wp-json\/wp\/v2\/types\/post"}],"author":[{"embeddable":true,"href":"https:\/\/blog.wiwo.de\/management\/wp-json\/wp\/v2\/users\/19"}],"replies":[{"embeddable":true,"href":"https:\/\/blog.wiwo.de\/management\/wp-json\/wp\/v2\/comments?post=645611"}],"version-history":[{"count":0,"href":"https:\/\/blog.wiwo.de\/management\/wp-json\/wp\/v2\/posts\/645611\/revisions"}],"wp:attachment":[{"href":"https:\/\/blog.wiwo.de\/management\/wp-json\/wp\/v2\/media?parent=645611"}],"wp:term":[{"taxonomy":"category","embeddable":true,"href":"https:\/\/blog.wiwo.de\/management\/wp-json\/wp\/v2\/categories?post=645611"},{"taxonomy":"post_tag","embeddable":true,"href":"https:\/\/blog.wiwo.de\/management\/wp-json\/wp\/v2\/tags?post=645611"}],"curies":[{"name":"wp","href":"https:\/\/api.w.org\/{rel}","templated":true}]}}