{"id":644670,"date":"2012-07-29T19:06:11","date_gmt":"2012-07-29T17:06:11","guid":{"rendered":"https:\/\/blog.wiwo.de\/management\/?p=644670"},"modified":"2012-07-29T19:06:11","modified_gmt":"2012-07-29T17:06:11","slug":"gedons-und-schau-veranstaltung-wenn-die-eu-nur-frauen-im-aufsichtsrat-will-statt-dort-wo-die-luzie-abgeht","status":"publish","type":"post","link":"https:\/\/blog.wiwo.de\/management\/2012\/07\/29\/gedons-und-schau-veranstaltung-wenn-die-eu-nur-frauen-im-aufsichtsrat-will-statt-dort-wo-die-luzie-abgeht\/","title":{"rendered":"Ged\u00f6ns und Schau-Veranstaltung: Wenn die EU nur Frauen im Aufsichtsrat will &#8211; statt dort, wo die Luzie abgeht"},"content":{"rendered":"<p>Wieso sprach EU-Komissarin Viviane Reding immer nur von Frauen-Quoten f\u00fcr die Aufsichtsr\u00e4te? Statt f\u00fcr die Vorst\u00e4nde, wo in Wirklichkeit die Luzie abgeht? Und nicht nur f\u00fcr die Kontroll-Gremien. Inzwischen ist es raus, in einem Interview mit der &#8222;S\u00fcddeutschen Zeitung&#8220; wurde die Luxemburgerin konkret: &#8222;Damit die unternehmerische Freiheit gewahrt bleibt, m\u00f6chte ich nicht in das operative Management von Unternehmen eingreifen, sondern mich auf das Kontrollgremium Aufsichtsrat konzentrieren.&#8220;<\/p>\n<p>&nbsp;<\/p>\n<div id=\"attachment_644673\" style=\"width: 220px\" class=\"wp-caption aligncenter\"><a href=\"https:\/\/blog.wiwo.de\/management\/files\/2012\/07\/Jasper-Dr-Ute-Print-rotkleiner-2.jpg\"><img loading=\"lazy\" decoding=\"async\" aria-describedby=\"caption-attachment-644673\" class=\"size-medium wp-image-644673\" title=\"Jasper Dr  Ute Print rot(kleiner) (2)\" src=\"https:\/\/blog.wiwo.de\/management\/files\/2012\/07\/Jasper-Dr-Ute-Print-rotkleiner-2-210x300.jpg\" alt=\"\" width=\"210\" height=\"300\" \/><\/a><p id=\"caption-attachment-644673\" class=\"wp-caption-text\">Ute Jasper, Partnerin bei der Soziet\u00e4t Heuking K\u00fchn<\/p><\/div>\n<p>Schaufenstergesetz<\/p>\n<p>Ute Jasper, Partnerin der Kanzlei Heuking K\u00fchn &#8211; sie ist eine der 100 Top-Frauen der deutschen Wirtschaft (im Handelsblatt am 16.6. 2010) &#8211; findet daf\u00fcr klare Worte: \u201eEine Beschr\u00e4nkung auf Aufsichtsr\u00e4te macht die Quotenregelung zu einem Schaufenstergesetz: Es suggeriert Reformwillen, bewirkt in der Praxis aber keine \u00c4nderungen.\u201c Denn tats\u00e4chlich sei kaum eine Frau betroffen. Und Aufsichtsr\u00e4tin ist kein Hauptberuf &#8211; daf\u00fcr findet man auch ohne Quotenregelung genug weibliche Kandidaten.<\/p>\n<p>L\u00e4ndergesetze als zahnlose Tiger<\/p>\n<p>Auch die Gesetzesregelungen auf nationaler oder L\u00e4nder- Ebene entpuppen sich als zahnlose Tiger. Das NRW-Tariftreuegesetz vom 1. Mai 2012 beispielsweise sollte unter anderem die Frauenf\u00f6rderung sicherstellen. Eigentlich. \u201eDoch tats\u00e4chlich sind die NRW-Vorschriften zur Frauenf\u00f6rderung mehr Schein als Sein\u201c, kritisiert Jasper. Wenn es im Tariftreue-Gesetz<br \/>\nhei\u00dft, Arbeitgeber \u201esollten\u201c Ma\u00dfnahmen zur Frauenf\u00f6rderung \u201edurchf\u00fchren oder planen\u201c, sind sie damit noch lange zu nichts verpflichtet. Weder Zeitpunkt noch Qualit\u00e4t einer Ma\u00dfnahme ist vorgegeben. \u201eDer Gesetzgeber l\u00e4sst Managern freie Hand, ob und wie sie das Thema Frauenf\u00f6rderung praktisch umsetzen\u201c, erl\u00e4utert Jasper.<\/p>\n<p>Ma\u00dfnahmen zur Frauenf\u00f6rderung zu planen oder durchzuf\u00fchren kann bedeuten, eine feste Quote auf der Managementebene einzuf\u00fchren oder Kinderbetreuungsm\u00f6glichkeiten anzubieten. Oder reicht es schon, dass die Firma f\u00fcr &#8211; sagen wir mal &#8211; das Jahr 2016 einen &#8222;Girls Day&#8220; plant?\u201c<\/p>\n<p>Jaspers Fazit: \u201eDie Gesetze zur Frauenf\u00f6rderung in ihrer jetzigen Form werden wenig Wirkung entfalten.\u201c<\/p>\n<p>Vor kurzem k\u00fcndigte Vivianne Reding eine EU-Richtlinie an, mit gleichen Frauen-Quoten f\u00fcr alle EU-L\u00e4nder. Damit w\u00e4ren immerhin gleiche Spielregeln f\u00fcr alle gesichert\u201c, meint Vergaberechtlerin Jasper. Liefere in Unternehmen heute einen Omnibus nach Spanien, m\u00fcsse es Frauenf\u00f6rderung nachweisen &#8211; in Deutschland nicht.<\/p>\n<p>Und dass diese Richtlinie kommt, daran hat Ute Jasper keine Zweifel, denn die Entw\u00fcrfe daf\u00fcr hat sie schon selbst in der Hand gehabt.<\/p>\n<p>Fidar:\u00a0\u00a0<a href=\"http:\/\/www.total-e-quality.de\/aktuelles\/studie-frauenanteil-in-aufsichtsraeten-hat-sich-nur-marginal-verbessert.html\">http:\/\/www.total-e-quality.de\/aktuelles\/studie-frauenanteil-in-aufsichtsraeten-hat-sich-nur-marginal-verbessert.html<\/a><\/p>\n<p>Reding-Interview: <a href=\"http:\/\/www.sueddeutsche.de\/karriere\/eu-kommissarin-zur-quote-es-gibt-top-frauen-fuer-die-wirtschaft-1.1397035\">http:\/\/www.sueddeutsche.de\/karriere\/eu-kommissarin-zur-quote-es-gibt-top-frauen-fuer-die-wirtschaft-1.1397035<\/a><\/p>\n","protected":false},"excerpt":{"rendered":"<p>Wieso sprach EU-Komissarin Viviane Reding immer nur von Frauen-Quoten f\u00fcr die Aufsichtsr\u00e4te? Statt f\u00fcr die Vorst\u00e4nde, wo in Wirklichkeit die Luzie abgeht? Und nicht nur f\u00fcr die Kontroll-Gremien. Inzwischen ist es raus, in einem Interview mit der &#8222;S\u00fcddeutschen Zeitung&#8220; wurde &hellip; <a href=\"https:\/\/blog.wiwo.de\/management\/2012\/07\/29\/gedons-und-schau-veranstaltung-wenn-die-eu-nur-frauen-im-aufsichtsrat-will-statt-dort-wo-die-luzie-abgeht\/\">Weiterlesen <span class=\"meta-nav\">&rarr;<\/span><\/a><\/p>\n","protected":false},"author":19,"featured_media":0,"comment_status":"open","ping_status":"open","sticky":false,"template":"","format":"standard","meta":{"footnotes":""},"categories":[1],"tags":[409,1410,1409,1136],"class_list":["post-644670","post","type-post","status-publish","format-standard","hentry","category-allgemein","tag-frauenquote","tag-heuking-kuhn","tag-ute-jasper","tag-viviane-reding"],"_links":{"self":[{"href":"https:\/\/blog.wiwo.de\/management\/wp-json\/wp\/v2\/posts\/644670","targetHints":{"allow":["GET"]}}],"collection":[{"href":"https:\/\/blog.wiwo.de\/management\/wp-json\/wp\/v2\/posts"}],"about":[{"href":"https:\/\/blog.wiwo.de\/management\/wp-json\/wp\/v2\/types\/post"}],"author":[{"embeddable":true,"href":"https:\/\/blog.wiwo.de\/management\/wp-json\/wp\/v2\/users\/19"}],"replies":[{"embeddable":true,"href":"https:\/\/blog.wiwo.de\/management\/wp-json\/wp\/v2\/comments?post=644670"}],"version-history":[{"count":0,"href":"https:\/\/blog.wiwo.de\/management\/wp-json\/wp\/v2\/posts\/644670\/revisions"}],"wp:attachment":[{"href":"https:\/\/blog.wiwo.de\/management\/wp-json\/wp\/v2\/media?parent=644670"}],"wp:term":[{"taxonomy":"category","embeddable":true,"href":"https:\/\/blog.wiwo.de\/management\/wp-json\/wp\/v2\/categories?post=644670"},{"taxonomy":"post_tag","embeddable":true,"href":"https:\/\/blog.wiwo.de\/management\/wp-json\/wp\/v2\/tags?post=644670"}],"curies":[{"name":"wp","href":"https:\/\/api.w.org\/{rel}","templated":true}]}}