{"id":641441,"date":"2011-07-21T12:30:04","date_gmt":"2011-07-21T10:30:04","guid":{"rendered":"http:\/\/www.wiwo.de\/blogs\/management\/?p=641441"},"modified":"2011-07-21T12:30:04","modified_gmt":"2011-07-21T10:30:04","slug":"gesucht-praktikant-der-auch-den-ceo-job-ubernehmen-kann","status":"publish","type":"post","link":"https:\/\/blog.wiwo.de\/management\/2011\/07\/21\/gesucht-praktikant-der-auch-den-ceo-job-ubernehmen-kann\/","title":{"rendered":"Gesucht: Praktikant &#8211; der auch den CEO-Job \u00fcbernehmen kann"},"content":{"rendered":"<p>Wollten Sie immer schon mal in <strong>Mettlach<\/strong> leben und arbeiten? Nicht?<\/p>\n<p>\u00a0Vielleicht wenigstens mal f\u00fcr einen projektbezogenen Job, wie es so sch\u00f6n heisst? Auch nicht wirklich?<\/p>\n<p>Aber dann doch vielleicht bei einem ber\u00fchmten <strong>Markenhersteller<\/strong>, um damit die Vita zu schm\u00fccken? O.K.:<\/p>\n<p>Wenn Sie die unten aufgef\u00fchrten Voraussetzungen der Stellenanzeige erf\u00fcllen, k\u00f6nnen Sie das, ein Pratikum in Mettlach absolvieren. F\u00fcr immerhin sechs Monate. Wieviel Lohn es daf\u00fcr geben soll, das ist noch die gro\u00dfe Frage bei der Anzeige, die Villeroy &amp; Boch gerade schaltete. Online, versteht sich, denn es geht um einen Kandidaten oder eine Kandidatin f\u00fcr viele Online-Aufgaben. so viele, dass man den Eindruck bekommt:<br \/>\nDie gro\u00dfe Frage dabei: <strong>Was will Villeroy &amp; Boch einem jungen Menschen eigentlich beibringen<\/strong>, ihn lehren?<br \/>\nIst es nicht so, dass einem Praktikanten etwas beigebracht wird? Und er sich im Laufe der Zeit dann n\u00fctzlich macht?<\/p>\n<p>Ob sich viele auf so einen Einsatz in Mettlach mit vielen vielen Aufgaben bewerben? Wenn man schon beim Lesen das gef\u00fchl hat, da will jemand Know-how von aussen bekommen, was er noch nicht hat.\u00a0<\/p>\n<p>Ich hab dann meine Freundin Julia befragt, was sie zu der Villeroy &amp; Boch-Anzeige sagt.<\/p>\n<p>Die Antwort kam wie aus der Pistole geschossen:<\/p>\n<p>Die Mettlacher sollten gleich einen Praktikanten suchen, der <strong>sofort die Position des CEO\u00b4s<\/strong> \u00fcbernehmen kann.<br \/>\nSo unrecht hat sie da nicht.<\/p>\n<p>\u00a0<\/p>\n<p>&#8212;&#8212;&#8212;&#8212;&#8212;&#8212;&#8212;&#8212;&#8212;&#8212;&#8212;&#8212;&#8212;&#8212;&#8212;&#8212;&#8212;&#8212;&#8212;&#8212;&#8212;&#8212;&#8212;&#8212;&#8212;&#8212;&#8212;&#8212;&#8212;&#8212;&#8212;&#8212;&#8212;&#8212;&#8212;&#8212;&#8212;&#8212;<\/p>\n<p><strong><\/strong><\/p>\n<p><strong><span style=\"font-size: large\">Dies ist der Anzeigentext:<\/span><\/strong><\/p>\n<div>&#8222;Datum: Mittwoch, 20. Juli, 2011 10:41 Uhr<\/div>\n<p>+++ Aktuelles Jobangebot f\u00fcr Journalisten und Medienmacher +++<\/p>\n<p>FRISCHE K\u00d6PFE GESUCHT!<br \/>\nVilleroy &amp; Boch mit Hauptsitz in Mettlach produziert heute in Europa, Mexiko und Thailand. Mit unseren Unternehmensbereichen Bad und Wellness und Tischkultur erwirtschafteten wir 2010 einen Jahresumsatz von<br \/>\n714,2 Mio. Euro. Als eine f\u00fchrende europ\u00e4ische Premium-Marke sind wir in 125 L\u00e4ndern vertreten und besch\u00e4ftigen weltweit \u00fcber 8.000 Mitarbeiter.<\/p>\n<p>F\u00fcr den Bereich Presse- und \u00d6ffentlichkeitsarbeit in Mettlach suchen wir ab sofort f\u00fcr mindestens 6 Monate einen<br \/>\n*** Praktikanten\/Diplomanden Social Media (m\/w) ***<\/p>\n<p>Zu Ihren <strong>Aufgaben<\/strong> geh\u00f6ren:<\/p>\n<p>* Gemeinsam mit unserer Presseabteilung erschlie\u00dfen Sie unsere Themen f\u00fcr die Plattformen des Web 2.0 und bereiten diese redaktionell auf (z.B. Messeberichte, Vertriebsaktionen, Events)<br \/>\n* Sie betreuen die Social-Media-Kan\u00e4le von Villeroy &amp; Boch (z.B. Facebook, Twitter, Youtube) und entwickeln unsere Pr\u00e4senz in den sozialen Medien sowie den direkten Dialog mit unseren nationalen und internationalen Zielgruppen<br \/>\nweiter<\/p>\n<p>* Sie arbeiten aktiv mit allen Fachbereichen auf nationaler und internationaler Ebene zusammen<\/p>\n<p>* Sie entwickeln gemeinsam mit dem Social Media Manager Kampagnen und setzen diese um<\/p>\n<p><strong>Was erwarten wir von Ihnen:<\/strong><\/p>\n<p>* Sie stehen kurz vor dem Abschluss Ihres\u00a0 Studiums im Bereich Journalistik, Kommunikationswissenschaft oder Marketing oder haben ihr Studium bereits abgeschlossen<br \/>\n* Sie haben umfassende Erfahrung im Umgang mit Social Media und durch erste Berufserfahrung im redaktionellen Bereich ein gutes Sprachgef\u00fchl und Textsicherheit<br \/>\n* Sie \u00fcberzeugen durch Kommunikationsst\u00e4rke und Kreativit\u00e4t und arbeiten gerne in einem internationalen Umfeld<\/p>\n<p>* Sie haben Interesse an technischen Themen und arbeiten sich gerne in neue Technologien ein<\/p>\n<p>* Sehr gute Englisch-Kenntnisse runden Ihr Profil ab, weitere Sprachkenntnisse<br \/>\nsind von Vorteil<\/p>\n<p>Interessiert an einem spannenden und verg\u00fcteten Praktikum? Dann freuen wir uns auf Ihre Bewerbung per Mail oder online unter<\/p>\n<p>http:\/\/www.villeroy-boch.com\/karriere<\/p>\n<p>Villeroy &amp; Boch AG<br \/>\nHauptverwaltung<br \/>\nHR Development<br \/>\nPostfach 11 20<br \/>\n66688 Mettlach<\/p>\n<p><span style=\"font-size: medium\">\u00a0<\/span><\/p>\n","protected":false},"excerpt":{"rendered":"<p>Es ist schon abenteuerlich, was manche Unternehmen von Praktikanten erwarten &#8211; bevor sie ihnen etwas beigebracht haben.Villeroy &amp; Boch etwa sucht tats\u00e4chlich gar keinen Praktikanten, sondern jemanden, der schon alles kann. Der mindestens soviel drauf hat wie ein Social-Media-Redakteur &#8211; das sind heute ganz gesuchte Leute. <a href=\"https:\/\/blog.wiwo.de\/management\/2011\/07\/21\/gesucht-praktikant-der-auch-den-ceo-job-ubernehmen-kann\/\">Weiterlesen <span class=\"meta-nav\">&rarr;<\/span><\/a><\/p>\n","protected":false},"author":19,"featured_media":0,"comment_status":"open","ping_status":"open","sticky":false,"template":"","format":"standard","meta":{"footnotes":""},"categories":[3],"tags":[1132],"class_list":["post-641441","post","type-post","status-publish","format-standard","hentry","category-allgemeines","tag-villeroy-boch"],"_links":{"self":[{"href":"https:\/\/blog.wiwo.de\/management\/wp-json\/wp\/v2\/posts\/641441","targetHints":{"allow":["GET"]}}],"collection":[{"href":"https:\/\/blog.wiwo.de\/management\/wp-json\/wp\/v2\/posts"}],"about":[{"href":"https:\/\/blog.wiwo.de\/management\/wp-json\/wp\/v2\/types\/post"}],"author":[{"embeddable":true,"href":"https:\/\/blog.wiwo.de\/management\/wp-json\/wp\/v2\/users\/19"}],"replies":[{"embeddable":true,"href":"https:\/\/blog.wiwo.de\/management\/wp-json\/wp\/v2\/comments?post=641441"}],"version-history":[{"count":0,"href":"https:\/\/blog.wiwo.de\/management\/wp-json\/wp\/v2\/posts\/641441\/revisions"}],"wp:attachment":[{"href":"https:\/\/blog.wiwo.de\/management\/wp-json\/wp\/v2\/media?parent=641441"}],"wp:term":[{"taxonomy":"category","embeddable":true,"href":"https:\/\/blog.wiwo.de\/management\/wp-json\/wp\/v2\/categories?post=641441"},{"taxonomy":"post_tag","embeddable":true,"href":"https:\/\/blog.wiwo.de\/management\/wp-json\/wp\/v2\/tags?post=641441"}],"curies":[{"name":"wp","href":"https:\/\/api.w.org\/{rel}","templated":true}]}}