{"id":640714,"date":"2011-04-08T01:37:20","date_gmt":"2011-04-07T23:37:20","guid":{"rendered":"http:\/\/www.wiwo.de\/blogs\/management\/?p=640714"},"modified":"2011-04-08T01:37:20","modified_gmt":"2011-04-07T23:37:20","slug":"erst-schlamm-dann-grun-und-nun-gelb","status":"publish","type":"post","link":"https:\/\/blog.wiwo.de\/management\/2011\/04\/08\/erst-schlamm-dann-grun-und-nun-gelb\/","title":{"rendered":"Erst schlamm, dann gr\u00fcn und nun gelb"},"content":{"rendered":"<p>Die F\u00e4lscher werden\u00a0immer gerissener. Der Kosmetikbranche bereitet der Vertrieb von Grauimporten und gef\u00e4lschten Produkten \u00fcbers Internet immer mehr Sorgen. Die Zahl der Beschlagnahmen durch den Zoll ist allein im vergangenen Jahr\u00a0um 145 Prozent gestiegen: Von 9622 auf 23 713 F\u00e4lle. Bei den Parfums und Kosmetik mach dies immerhin einen Warenwert von 2,2 Millionen Euro aus, res\u00fcmiert Martin Ruppmann, Gesch\u00e4ftsf\u00fchrer des VKE Kosmetikverbands. Zu unterscheiden sind Original und F\u00e4lschung kaum mehr. Ruppmann berichtet, dass die F\u00e4lscher immer raffinierter vorgehen: Da werden die Flakons, die Zerst\u00e4uber oder die Fl\u00fcssigkeiten jeweils in einem anderen Container transportiert, so dass F\u00e4lschungen f\u00fcr Z\u00f6llner kaum zu erkennen sind. Zusammengef\u00fcgrt werden die einzelnen Bestandteile dann erst am Ziel. Ruppmann berichtet: &#8222;Die Plagiate kommen heute nicht nur in kleineren Post-Paketen ins Land. Oft verschicken die F\u00e4lscher\u00a0die Plagiate\u00a0zusammen mit Originalprodukten in ein und demselben Karton ins Land.&#8220;<\/p>\n<p><strong>Ebay &amp; Co. machen F\u00e4lschern das Verkaufen leicht<\/strong><\/p>\n<p>Die Herkunftsl\u00e4nder der F\u00e4lschungen sind nicht nur China und Indien, sondern auch\u00a0 die T\u00fcrkei und die Ukraine. Die Plagiate sind so t\u00e4uschend \u00e4hnlich, dass sie kaum mehr unterscheidbar seien, so Ruppmann. Ihn \u00e4rgert besonders, dass die F\u00e4lschungen oder Grauimporte fast alle \u00fcber Plattformen wie Ebay an den Mann und die Frau gebracht werden. Und diese Plattform-Betreiber reagiereten bislang zwar kooperativ, aber immer erst im Nachhinein &#8211; nie prohylaktisch.<\/p>\n<p><strong>28 Prozent der Kunden kaufen D\u00fcfte, Cremes und Schminke im Netz<\/strong><\/p>\n<p>Dabei ist der Onlinehandel insgesamt auch f\u00fcr die Kosmetikzunft nicht mehr wegzudenken. Douglas beispielsweise hat heute seine gr\u00f6\u00dfte Filiale im Internet, berichtet Stephan Seidel, Pr\u00e4sident des VKE-Kosmetikverband und Gesch\u00e4ftsf\u00fchrer von Clarins in Starnberg. Habe sich die Parf\u00fcmeriekette aus Hagen urspr\u00fcnglich ein Ziel von f\u00fcnf Prozent des Umsatzes \u00fcbers Internet vorgenommen, so sei dieses inzwischen l\u00e4ngst erreicht.<\/p>\n<p>Welche Vertriebskan\u00e4le heute ansonsten die wichtigsten sind f\u00fcr die hochpreisigen Crems und D\u00fcfte? 81 Prozent der Konsumenten kaufen in Drogeriem\u00e4rkten, 46 Prozent in Parf\u00fcmerien wie Douglas, 45 Prozent im Supermarkt, 35 Prozent beim Discounter, 28 Prozent im Internet und 15 Prozent in der Apotheke. Nur sieben Prozent der Kunden kaufen ausschlie\u00dflich im Internet.<img loading=\"lazy\" decoding=\"async\" class=\"alignright size-medium wp-image-640722\" src=\"https:\/\/blog.wiwo.de\/management\/files\/2011\/04\/stephanseidel-farbig-200x300.jpg\" alt=\"stephanseidel-farbig\" width=\"200\" height=\"300\" srcset=\"https:\/\/blog.wiwo.de\/management\/files\/2011\/04\/stephanseidel-farbig-200x300.jpg 200w, https:\/\/blog.wiwo.de\/management\/files\/2011\/04\/stephanseidel-farbig-685x1024.jpg 685w, https:\/\/blog.wiwo.de\/management\/files\/2011\/04\/stephanseidel-farbig.jpg 434w\" sizes=\"auto, (max-width: 200px) 100vw, 200px\" \/><\/p>\n<p>Was gerade Trend ist? &#8222;Schlamm war im vergangenen Jahr, gr\u00fcn ist\u00b4s grade und gelb wird es diesen Sommer&#8220;, sagt\u00a0Seidel. Gemeint ist der Nagellack und seine Modefarben. Er trug mit seiner Renaissance dazu bei, dass die dekorative Kosmetik im Gesch\u00e4ftsjahr 2010 eine Zuwachsrate von 3,5 Prozent hatte. Insgesamt erzielte die mittel- und h\u00f6herpreisige Kosmetik im vergangenen Jahr 1,752 Milliarden Euro Gesamtumsatz &#8211; und hat seit Jahren erstmals wieder einen Mengenzuwachs. Die pflegende Kosmetik und insbesondere die Gesichtspflege kam dabei auf ein Plus von 2,9 Prozent im Vorjahresvergleich. Die K\u00f6rperpflege &#8211; die 2009 noch dramatisch eingebrochen war &#8211; legte 4,9 Prozent zu,\u00a0 Damen-D\u00fcfte um zwei Prozent und Herrenkosmetik um rund sechs Prozent. Regoional ist besonders die Rhein-Ruhr-Schiene ein Umsatzschwerpunkt, wenngleich insgesamt ein &#8222;Nord-S\u00fcd-Gef\u00e4lle herrscht&#8220; erz\u00e4hlt Seidel.<\/p>\n<p>\u00a0<\/p>\n<p>\u00a0\u00a0\u00a0\u00a0\u00a0\u00a0\u00a0\u00a0\u00a0\u00a0\u00a0\u00a0\u00a0\u00a0\u00a0\u00a0\u00a0\u00a0\u00a0\u00a0\u00a0\u00a0\u00a0\u00a0\u00a0\u00a0\u00a0\u00a0\u00a0\u00a0\u00a0\u00a0\u00a0\u00a0\u00a0\u00a0\u00a0\u00a0\u00a0\u00a0\u00a0\u00a0\u00a0\u00a0\u00a0\u00a0\u00a0\u00a0\u00a0\u00a0\u00a0\u00a0\u00a0\u00a0\u00a0\u00a0\u00a0\u00a0\u00a0\u00a0\u00a0\u00a0\u00a0\u00a0\u00a0\u00a0\u00a0\u00a0\u00a0\u00a0\u00a0\u00a0\u00a0\u00a0\u00a0\u00a0\u00a0\u00a0\u00a0\u00a0\u00a0\u00a0\u00a0\u00a0\u00a0\u00a0\u00a0\u00a0\u00a0\u00a0\u00a0\u00a0\u00a0\u00a0\u00a0\u00a0\u00a0\u00a0\u00a0\u00a0\u00a0\u00a0\u00a0\u00a0\u00a0\u00a0\u00a0\u00a0\u00a0\u00a0\u00a0\u00a0\u00a0\u00a0\u00a0\u00a0\u00a0\u00a0\u00a0\u00a0\u00a0\u00a0\u00a0\u00a0\u00a0\u00a0\u00a0\u00a0\u00a0\u00a0\u00a0\u00a0\u00a0\u00a0\u00a0\u00a0\u00a0\u00a0\u00a0\u00a0\u00a0\u00a0\u00a0\u00a0\u00a0\u00a0\u00a0\u00a0\u00a0\u00a0\u00a0\u00a0\u00a0\u00a0\u00a0\u00a0\u00a0\u00a0\u00a0\u00a0\u00a0\u00a0\u00a0\u00a0\u00a0\u00a0\u00a0\u00a0\u00a0\u00a0\u00a0\u00a0\u00a0 Stephan Seidel, VKE-Pr\u00e4sident<\/p>\n<p>\u00a0<strong>Nur bei Reisen herrscht eine h\u00f6here Kosumlust<\/strong><\/p>\n<p>Positiv sind auch die Erwartungen f\u00fcr 2011: Immerhin 75 Prozent der Parf\u00fcmerien, die zum VKE geh\u00f6ren, rechnen mit steigenden Ums\u00e4tzen und 19 Prozent mit gleich bleibenden Ums\u00e4tzen. Seidel erwartet f\u00fcr dieses Jahr knapp drei Prozent Umsatzsteigerung.Laut dem neuen, sogenannten Kosmetik-Index, der Anschaffungsneigung, Ausgabe- und Verzichtbereitschaft der Kosumenten abbildet, ist die Konsumstimmung f\u00fcr Kosmetikprodukte (D\u00fcfte, Gesichstpflege- und Schminkprodukte) dieses Jahr auf \u00fcberdurchschnittlich hohem Niveau &#8211; noch vor Wellnessbehandlungen (Massagen, Kosmetikbehandlungen), Bekleidung und Accessoires. Getoppgt werden sie nur von Reisen.<\/p>\n<p>Steigen soll das Werbevolumen:\u00a0 50 Prozent der Unternehmen gehen von einer Steigerung aus, 31 Prozent investieren zumindest ebensoviel wie im Vorjahresvergleich und nur sechs Prozent wollen weniger f\u00fcr Werbungs ausgeben als vorher. Bevorzugt werden dabei das Internet und die Printtitel, TV ist dagegen auf dem R\u00fcckzug. Diese Werbe-Absichten sind aber nicht unbedinngt Trendaussagen: H\u00e4ngt es doch einfach davon ab, wieviele Markenrelaunchs gerade anliegen oder neue Produkte eingef\u00fchrt werden m\u00fcssen.Sorgenfrei sind die Kosmetikprofis trotz Ihres neuen Optimismus jedoch nicht:\u00a0Die st\u00e4ndigen Rabattaktionen der Branche, die gestiegenen Rohstoffpreise und gar Rohstoffengp\u00e4sse\u00a0machen ihnen Kopfzerbrechen.<\/p>\n","protected":false},"excerpt":{"rendered":"<p>Die Ums\u00e4tze mit der teureren Kosmetik steigen wieder, aber die F\u00e4lscher machen den Kosmetikherstellern gro\u00dfe Sorgen. <a href=\"https:\/\/blog.wiwo.de\/management\/2011\/04\/08\/erst-schlamm-dann-grun-und-nun-gelb\/\">Weiterlesen <span class=\"meta-nav\">&rarr;<\/span><\/a><\/p>\n","protected":false},"author":19,"featured_media":0,"comment_status":"open","ping_status":"open","sticky":false,"template":"","format":"standard","meta":{"footnotes":""},"categories":[3],"tags":[640,754,1007,1137],"class_list":["post-640714","post","type-post","status-publish","format-standard","hentry","category-allgemeines","tag-kosmetik","tag-martin-ruppmann","tag-stephan-seidel","tag-vke"],"_links":{"self":[{"href":"https:\/\/blog.wiwo.de\/management\/wp-json\/wp\/v2\/posts\/640714","targetHints":{"allow":["GET"]}}],"collection":[{"href":"https:\/\/blog.wiwo.de\/management\/wp-json\/wp\/v2\/posts"}],"about":[{"href":"https:\/\/blog.wiwo.de\/management\/wp-json\/wp\/v2\/types\/post"}],"author":[{"embeddable":true,"href":"https:\/\/blog.wiwo.de\/management\/wp-json\/wp\/v2\/users\/19"}],"replies":[{"embeddable":true,"href":"https:\/\/blog.wiwo.de\/management\/wp-json\/wp\/v2\/comments?post=640714"}],"version-history":[{"count":0,"href":"https:\/\/blog.wiwo.de\/management\/wp-json\/wp\/v2\/posts\/640714\/revisions"}],"wp:attachment":[{"href":"https:\/\/blog.wiwo.de\/management\/wp-json\/wp\/v2\/media?parent=640714"}],"wp:term":[{"taxonomy":"category","embeddable":true,"href":"https:\/\/blog.wiwo.de\/management\/wp-json\/wp\/v2\/categories?post=640714"},{"taxonomy":"post_tag","embeddable":true,"href":"https:\/\/blog.wiwo.de\/management\/wp-json\/wp\/v2\/tags?post=640714"}],"curies":[{"name":"wp","href":"https:\/\/api.w.org\/{rel}","templated":true}]}}