{"id":639814,"date":"2011-01-07T17:53:08","date_gmt":"2011-01-07T16:53:08","guid":{"rendered":"http:\/\/www.wiwo.de\/blogs\/management\/?p=639814"},"modified":"2012-10-17T10:37:14","modified_gmt":"2012-10-17T08:37:14","slug":"lauf-eine-portion-pommes-frites-mitwirtschaftsjournalist-stefan-weber-2","status":"publish","type":"post","link":"https:\/\/blog.wiwo.de\/management\/2011\/01\/07\/lauf-eine-portion-pommes-frites-mitwirtschaftsjournalist-stefan-weber-2\/","title":{"rendered":"Auf einen Teller Pommes Frites mit&#8230;.Wirtschaftsjournalist Stefan Weber (2)"},"content":{"rendered":"<div>\n<p class=\"MsoNormal\"><span style=\"font-family: 'Arial','sans-serif';font-size: 13.5pt\">Der Berliner Imbiss liegt mitten in der City, am Ende der K\u00f6nigsallee und ist immer proppenvoll. Fast immer steht eine l\u00e4ngere Schlange an der Kasse und die Jungs hinter der Theke arbeiten z\u00fcgig. Und trotzdem haben Sie f\u00fcr ihre Kunden, die ab und zu mal vorbeikommen,\u00a0immer ein pers\u00f6nliches Wort \u00fcbrig. <\/span><\/p>\n<p class=\"MsoNormal\"><span style=\"font-family: 'Arial','sans-serif';font-size: 13.5pt\"><img loading=\"lazy\" decoding=\"async\" class=\"alignleft size-medium wp-image-639826\" src=\"https:\/\/blog.wiwo.de\/management\/files\/2011\/01\/img00050-20110107-13122-300x225.jpg\" alt=\"img00050-20110107-13122\" width=\"300\" height=\"225\" srcset=\"https:\/\/blog.wiwo.de\/management\/files\/2011\/01\/img00050-20110107-13122-300x225.jpg 300w, https:\/\/blog.wiwo.de\/management\/files\/2011\/01\/img00050-20110107-13122-1024x768.jpg 1024w, https:\/\/blog.wiwo.de\/management\/files\/2011\/01\/img00050-20110107-13122.jpg 650w\" sizes=\"auto, (max-width: 300px) 100vw, 300px\" \/><\/span><\/p>\n<p class=\"MsoNormal\"><span style=\"font-family: 'Arial','sans-serif';font-size: 13.5pt\">Man begr\u00fc\u00dfte mich heute schon mit der Frage, wo denn meine andere Kollegin sei, mit der ich sonst \u00f6fter komme. Man gab mir den sanften Hinweis, wir seien schon l\u00e4nger nicht mehr dagewesen. Der mann dreht sich um und ordert direkt: &#8222;Eine mittlere Pommes, extra braun&#8220;. Ohne mich gefragt zu haben. Stefan Weber staunte. &#8222;Meine \u00fcbliche\u00a0Frage nach Fleur de Sel stelle ich jetzt aber nicht&#8220;, sage ich zu dem Mann am Thresen. Ist n\u00e4mlich zwecklos, sie f\u00fchren sie nicht, auch nicht f\u00fcr 20 Cent extra. Aber wir reissen eben trotzdem immer unsere Witzchen dr\u00fcber. <\/span><\/p>\n<\/div>\n<div>\n<p class=\"MsoNormal\"><span style=\"font-family: 'Arial','sans-serif';font-size: 13.5pt\">Aber sie haben eine So\u00dfe, deren Name mir grade nicht einfiel, die ich nun aber gerne h\u00e4tte. Ich frage ihn: &#8222;Sie haben mir doch neulich eine So\u00dfe zum probieren gegeben, was war das gleich?&#8220; Auf der Tafel stehen mehrere, &#8222;Wars die Yuppie-So\u00dfe?&#8220; Die Antwort: &#8222;Das war schon so lange her. Aber ich denke, die wars.&#8220; Und sie wars auch. Gelb, mit etwas Curry drin\u00a0und aus Holland.<\/span><\/p>\n<\/div>\n<div>\n<p class=\"MsoNormal\"><span style=\"font-family: 'Arial','sans-serif';font-size: 13.5pt\">Stefan Weber: &#8222;Die wissen, was Kundenorientierung ist. Andere legen bei Unternehmensberatern daf\u00fcr viel Geld hin.&#8220;\u00a0Womit er recht hat. Der Mikrokosmos dieser Pommes Bude ist besser als jede verben-lose Power-Point-Pr\u00e4sentatio<span style=\"color: #0000ff\"><span style=\"font-size: x-small\"><span class=\"281201715-07012011\"><span style=\"font-size: medium\">n:<\/span><\/span><\/span><\/span><\/span><\/p>\n<\/div>\n<div>\n<p class=\"MsoNormal\">\u00a0<\/p>\n<div>\n<p class=\"MsoNormal\"><span style=\"font-family: 'Arial','sans-serif';font-size: 13.5pt\">&#8211; Sie merken sich, wer ihre Kunden sind und sogar, in welcher Konstellation sie kommmen.<\/span><\/p>\n<\/div>\n<div>\n<p class=\"MsoNormal\"><span style=\"font-family: 'Arial','sans-serif';font-size: 13.5pt\">&#8211; Sie merken sich, was\u00a0sie f\u00fcr gew\u00f6hnlich essen &#8211; und beeindrucken sie damit auch.<\/span><\/p>\n<\/div>\n<div>\n<p class=\"MsoNormal\"><span style=\"font-family: 'Arial','sans-serif';font-size: 13.5pt\">&#8211; Sie zeigen Ihnen auch, dass Sie sie vermissen, wenn sie eine Weile nicht da waren.<\/span><\/p>\n<\/div>\n<div>\n<p class=\"MsoNormal\"><span style=\"font-family: 'Arial','sans-serif';font-size: 13.5pt\">&#8211; Sie machen den Kunden klar, Du bist mir wichtig: Ich begr\u00fc\u00dfe dich, ich gehe auf Dich und deine Vorlieben ein<span class=\"281201715-07012011\"><span style=\"color: #0000ff;font-size: x-small\"> <\/span><\/span>und ich merke sie mir sogar.<\/span><\/p>\n<\/div>\n<div>\n<p class=\"MsoNormal\"><span style=\"font-family: 'Arial','sans-serif';font-size: 13.5pt\">&#8211; Sie machen Werbung, indem sie den Kunden Appetit auf eine neue So\u00dfe machen, sie ihnen anbieten und ein<span class=\"281201715-07012011\"><span style=\"color: #0000ff;font-size: x-small\"> <\/span><\/span>L\u00f6ffelchen probieren lassen &#8211; damit sie sie beim n\u00e4chsten Mal ordern.<\/span><\/p>\n<\/div>\n<div>\n<p class=\"MsoNormal\"><span style=\"font-family: 'Arial','sans-serif';font-size: 13.5pt\">&#8211; Und rei\u00dfen wom\u00f6glich noch ein Witzchen f\u00fcrs gute Klima oder pflegen einen Running Gag wie den mit dem Fleu de sel.<span class=\"281201715-07012011\"><span style=\"color: #0000ff;font-size: x-small\"> <\/span><\/span><\/span><\/p>\n<p class=\"MsoNormal\"><span style=\"font-family: 'Arial','sans-serif';font-size: 13.5pt\"><span class=\"281201715-07012011\"><span style=\"color: #0000ff;font-size: x-small\"><img loading=\"lazy\" decoding=\"async\" class=\"aligncenter size-medium wp-image-639848\" src=\"https:\/\/blog.wiwo.de\/management\/files\/2011\/01\/img00048-20110107-13113-300x225.jpg\" alt=\"img00048-20110107-13113\" width=\"300\" height=\"225\" \/><br \/>\n<\/span><\/span><\/span><\/p>\n<\/div>\n<\/div>\n","protected":false},"excerpt":{"rendered":"<p>Der Wirtschafsredakteur der &#8222;S\u00fcddeutschen Zeitung&#8220; Stefan Weber entdeckt beim Kollegen-Lunch die extrem gute Kundenorientierung unserer Lieblings-Pommes-Bude, dem Berliner Grill am D\u00fcsseldorfer Graf-Adolf-Platz: Wo schneller klar wird, was Kundenorientierung ist als bei jeder Unternehmensberater-Power-Point-Pr\u00e4sentation. <\/p>\n<p> <a href=\"https:\/\/blog.wiwo.de\/management\/2011\/01\/07\/lauf-eine-portion-pommes-frites-mitwirtschaftsjournalist-stefan-weber-2\/\">Weiterlesen <span class=\"meta-nav\">&rarr;<\/span><\/a><\/p>\n","protected":false},"author":19,"featured_media":0,"comment_status":"open","ping_status":"open","sticky":false,"template":"","format":"standard","meta":{"footnotes":""},"categories":[3],"tags":[668,719,1094],"class_list":["post-639814","post","type-post","status-publish","format-standard","hentry","category-allgemeines","tag-kundenorientierung","tag-lunch-mit","tag-unternehmensberater"],"_links":{"self":[{"href":"https:\/\/blog.wiwo.de\/management\/wp-json\/wp\/v2\/posts\/639814","targetHints":{"allow":["GET"]}}],"collection":[{"href":"https:\/\/blog.wiwo.de\/management\/wp-json\/wp\/v2\/posts"}],"about":[{"href":"https:\/\/blog.wiwo.de\/management\/wp-json\/wp\/v2\/types\/post"}],"author":[{"embeddable":true,"href":"https:\/\/blog.wiwo.de\/management\/wp-json\/wp\/v2\/users\/19"}],"replies":[{"embeddable":true,"href":"https:\/\/blog.wiwo.de\/management\/wp-json\/wp\/v2\/comments?post=639814"}],"version-history":[{"count":0,"href":"https:\/\/blog.wiwo.de\/management\/wp-json\/wp\/v2\/posts\/639814\/revisions"}],"wp:attachment":[{"href":"https:\/\/blog.wiwo.de\/management\/wp-json\/wp\/v2\/media?parent=639814"}],"wp:term":[{"taxonomy":"category","embeddable":true,"href":"https:\/\/blog.wiwo.de\/management\/wp-json\/wp\/v2\/categories?post=639814"},{"taxonomy":"post_tag","embeddable":true,"href":"https:\/\/blog.wiwo.de\/management\/wp-json\/wp\/v2\/tags?post=639814"}],"curies":[{"name":"wp","href":"https:\/\/api.w.org\/{rel}","templated":true}]}}