{"id":634569,"date":"2009-08-28T16:39:31","date_gmt":"2009-08-28T14:39:31","guid":{"rendered":"http:\/\/blog.handelsblatt.com\/management\/die-nominierten-oskars-fur-anwaltskanzleien"},"modified":"2009-08-28T16:39:31","modified_gmt":"2009-08-28T14:39:31","slug":"die-nominierten-oskars-fur-anwaltskanzleien","status":"publish","type":"post","link":"https:\/\/blog.wiwo.de\/management\/2009\/08\/28\/die-nominierten-oskars-fur-anwaltskanzleien\/","title":{"rendered":"Die Nominierten: Oskars f\u00fcr Anwaltskanzleien"},"content":{"rendered":"<p>Wer wird dieses Mal Kanzlei des Jahres, Arbeitsrechtler oder M&amp;A-Kanzlei des Jahres undsoweiter, wenn die Redaktion Juve bald wieder die Top-Anw\u00e4lte Deutschlands zu den Juve-Awards zur Verleihung der Oskars nach Frankfurt einl\u00e4dt? Die folgenden Kanzleien k\u00f6nnen schon mal ihre Fotos beim Veranstalter einreichen und entsprechende Werbema\u00dfnahmen vorbereiten&#8230;<!--more-->JUVE Awards 2009: Die Nominierten<\/p>\n<p>Kanzlei des Jahres:<br \/>\nFreshfields Bruckhaus Deringer<br \/>\nG\u00f6rg Rechtsanw\u00e4lte<br \/>\nLinklaters<br \/>\nWhite &amp; Case<br \/>\nWilmer Hale<\/p>\n<p>Mittelst\u00e4ndische Kanzlei des Jahres:<br \/>\nCBH Cornelius Bartenbach Haesemann &amp; Partner<br \/>\nHeisse Kursawe Eversheds<br \/>\nHoffmann Liebs Fritsch &amp; Partner<br \/>\nMenold Bezler<br \/>\nSchulte Riesenkampff<\/p>\n<p>Gr\u00fcnderzeit-Award:<br \/>\nKNPZ Rechtsanw\u00e4lte<br \/>\nK\u00fcffner Maunz Langer Zugmaier<br \/>\nLindenpartners<br \/>\nPusch Wahlig Legal<br \/>\nSchmidt-Jortzig Petersen Penzlin<\/p>\n<p>Kanzlei des Jahres f\u00fcr Arbeitsrecht<br \/>\nK\u00fcmmerlein Simon &amp; Partner<br \/>\nLuther<br \/>\nDr. Knut M\u00fcller Rechtsanw\u00e4lte<br \/>\nN\u00e4gele Kanzlei f\u00fcr Arbeitsrecht<br \/>\nTaylor Wessing<\/p>\n<p>Kanzlei des Jahres f\u00fcr Bank- und Finanzrecht:<br \/>\nCMS Hasche Sigle<br \/>\nFreshfields Bruckhaus Deringer<br \/>\nLinklaters<br \/>\nSernetz Sch\u00e4fer<br \/>\nWhite &amp; Case<\/p>\n<p>Kanzlei des Jahres f\u00fcr Dispute Resolution:<br \/>\nAllen &amp; Overy<br \/>\nKaye Scholer<br \/>\nLovells<br \/>\nLuther<br \/>\nWhite &amp; Case<\/p>\n<p>Kanzlei des Jahres f\u00fcr IP<br \/>\nCBH Cornelius Bartenbach Haesemann &amp; Partner<br \/>\nHarte-Bavendamm Rechtsanw\u00e4lte<br \/>\nK\u00f6nig Szynka Tilmann von Renesse<br \/>\nLubberger Lehment<br \/>\nPreu Bohlig &amp; Partner<\/p>\n<p>Kanzlei des Jahres f\u00fcr Kartellrecht:<br \/>\nBaker &amp; McKenzie<br \/>\nHengeler Mueller<br \/>\nN\u00f6rr Stiefenhofer Lutz<br \/>\nOppenl\u00e4nder Rechtsanw\u00e4lte<br \/>\nSJ Berwin<\/p>\n<p>Kanzlei des Jahres f\u00fcr M&amp;A:<br \/>\nLovells<br \/>\nOppenl\u00e4nder Rechtsanw\u00e4lte<br \/>\nShearman &amp; Sterling<br \/>\nSullivan &amp; Cromwell<br \/>\nWilmer Hale<\/p>\n<p>Kanzlei des Jahres f\u00fcr Medien:<br \/>\nBeiten Burkhardt<br \/>\nHeuking K\u00fchn L\u00fcer Wojtek<br \/>\nK&amp;L Gates<br \/>\nN\u00f6rr Stiefenhofer Lutz<br \/>\nOsborne Clarke<\/p>\n<p>Kanzlei des Jahres f\u00fcr den \u00d6ffentlichen Sektor<br \/>\nBaumeister Rechtsanw\u00e4lte<br \/>\nCBH Cornelius Bartenbach Haesemann &amp; Partner<br \/>\nGleiss Lutz<br \/>\nGraf von Westphalen<br \/>\nWhite &amp; Case<\/p>\n<p>Kanzlei des Jahres f\u00fcr Regulierte Industrien:<br \/>\nBaker &amp; McKenzie<br \/>\nClifford Chance<br \/>\nFreshfields Bruckhaus Deringer<br \/>\nGleiss Lutz<br \/>\nWilmer Hale<\/p>\n<p>Kanzlei des Jahres f\u00fcr Restrukturierung:<br \/>\nCMS Hasche Sigle<br \/>\nFreshfields Bruckhaus Deringer<br \/>\nG\u00f6rg Rechtsanw\u00e4lte<br \/>\nKebekus &amp; Zimmermann<br \/>\nLinklaters<\/p>\n<p>Kanzlei des Jahres f\u00fcr Steuerrecht:<br \/>\nAllen &amp; Overy<br \/>\nLatham &amp; Watkins<br \/>\nLovells<br \/>\nLuther<br \/>\nN\u00f6rr Stiefenhofer Lutz<\/p>\n<p>Inhouse-Team des Jahres:<br \/>\nRobert Bosch<br \/>\nOtto<br \/>\nSiemens<br \/>\nUnion Asset Management<br \/>\nW\u00fcstenrot &amp; W\u00fcrttembergische<\/p>\n<p>Inhouse-Team des Jahres IP\/Medien:<br \/>\nRobert Bosch<br \/>\nDFL Deutsche Fu\u00dfball Liga<br \/>\nGoogle Germany<br \/>\nNokia<br \/>\nRewe-Group<\/p>\n<p>Inhouse-Team des Jahres Regulierte Industrien:<br \/>\nBundesnetzagentur<br \/>\nE.on<br \/>\nHamburger Hochbahn<br \/>\nKabel Deutschland<br \/>\nMVV Energie<\/p>\n","protected":false},"excerpt":{"rendered":"<p>Wer wird dieses Mal Kanzlei des Jahres, Arbeitsrechtler oder M&amp;A-Kanzlei des Jahres undsoweiter, wenn die Redaktion Juve bald wieder die Top-Anw\u00e4lte Deutschlands zu den Juve-Awards zur Verleihung der Oskars nach Frankfurt einl\u00e4dt? Die folgenden Kanzleien k\u00f6nnen schon mal ihre Fotos beim Veranstalter einreichen und entsprechende Werbema\u00dfnahmen vorbereiten&#8230; <a href=\"https:\/\/blog.wiwo.de\/management\/2009\/08\/28\/die-nominierten-oskars-fur-anwaltskanzleien\/\">Weiterlesen <span class=\"meta-nav\">&rarr;<\/span><\/a><\/p>\n","protected":false},"author":19,"featured_media":0,"comment_status":"open","ping_status":"open","sticky":false,"template":"","format":"standard","meta":{"footnotes":""},"categories":[5],"tags":[5353],"class_list":["post-634569","post","type-post","status-publish","format-standard","hentry","category-standard","tag-standard"],"_links":{"self":[{"href":"https:\/\/blog.wiwo.de\/management\/wp-json\/wp\/v2\/posts\/634569","targetHints":{"allow":["GET"]}}],"collection":[{"href":"https:\/\/blog.wiwo.de\/management\/wp-json\/wp\/v2\/posts"}],"about":[{"href":"https:\/\/blog.wiwo.de\/management\/wp-json\/wp\/v2\/types\/post"}],"author":[{"embeddable":true,"href":"https:\/\/blog.wiwo.de\/management\/wp-json\/wp\/v2\/users\/19"}],"replies":[{"embeddable":true,"href":"https:\/\/blog.wiwo.de\/management\/wp-json\/wp\/v2\/comments?post=634569"}],"version-history":[{"count":0,"href":"https:\/\/blog.wiwo.de\/management\/wp-json\/wp\/v2\/posts\/634569\/revisions"}],"wp:attachment":[{"href":"https:\/\/blog.wiwo.de\/management\/wp-json\/wp\/v2\/media?parent=634569"}],"wp:term":[{"taxonomy":"category","embeddable":true,"href":"https:\/\/blog.wiwo.de\/management\/wp-json\/wp\/v2\/categories?post=634569"},{"taxonomy":"post_tag","embeddable":true,"href":"https:\/\/blog.wiwo.de\/management\/wp-json\/wp\/v2\/tags?post=634569"}],"curies":[{"name":"wp","href":"https:\/\/api.w.org\/{rel}","templated":true}]}}