{"id":524578,"date":"2009-04-20T17:12:07","date_gmt":"2009-04-20T15:12:07","guid":{"rendered":"http:\/\/blog.handelsblatt.com\/management\/personalberater-yer-in-deutschland-pleite-zentrale-von-polizei-versiegelt"},"modified":"2009-04-20T17:12:07","modified_gmt":"2009-04-20T15:12:07","slug":"personalberater-yer-in-deutschland-pleite-zentrale-von-polizei-versiegelt","status":"publish","type":"post","link":"https:\/\/blog.wiwo.de\/management\/2009\/04\/20\/personalberater-yer-in-deutschland-pleite-zentrale-von-polizei-versiegelt\/","title":{"rendered":"Personalberater YER in Deutschland pleite, Zentrale von Polizei versiegelt"},"content":{"rendered":"<p>Dass eine Personalberatung seinen letzten Tag mit Polizeiaufgebot erlebt, d\u00fcrfte hierzulande eher selten sein. Am 27.M\u00e4rz 2009 passierte genau das in der Deutschland-Zentrale der niederl\u00e4ndischen Personalberatung YER, vermeldet der Newsletter &#8222;Personal intern&#8220;: &#8222;Der Deutschland-Gesch\u00e4ftsf\u00fchrer Pieter de Kiewit hat seinen v\u00f6llig \u00fcberraschten 30 Leuten in dem B\u00fcro auf der D\u00fcsseldorfer Adersstra\u00dfe aus heiterem Himmel er\u00f6ffnet, dass f\u00fcr die YER GmbH Insolvenz beantragt sei und sie nach Hause gehen sollten.&#8220;<!--more-->Die Computer und alle Leitungen seien direkt abgeschaltet und die M\u00e4rz-Geh\u00e4lter auch nicht ausbezahlt worden. Das alles, w\u00e4hrend auf der Stra\u00dfe schon der M\u00f6belwagen stand, der &#8211; so Personal intern&#8220;  <a href=\"http:\/\/www.personalintern.info\">www.personalintern.info<\/a> das Inventar abtransportieren sollte. Die Polizei wurde alarmiert und die versiegelte prompt die Gesch\u00e4ftsr\u00e4ume.<br \/>\nIn Deutschland firmierte die Beratung mit Hauptsitz in Amsterdam, die in der Spitze 70 Mitarbeiter hatte (in D\u00fcsseldorf, Frankfurt und M\u00fcnchen), unter dem Namen YER Young Executive Recruitment GmbH. Laut &#8222;Personal intern&#8220; war YER bei der Personalsuche der unteren und mittleren Ebene aktiv &#8211; ab 50 000 Euro Jahresgehalt &#8211; und habe \u00fcberwiegend auf Erfolgsbasis gearbeitet.<\/p>\n<p>Das Insolvenzverfahren wird laut &#8222;Personal intern&#8220; unter dem Aktenzeichen 503 IN 77\/09 beim Amtsgericht D\u00fcsseldorf gef\u00fchrt. Und bei der Staatsanwaltschaft wird &#8211; so &#8222;Personal intern&#8220; ein Ermittlungsverfahren wegen des Tatvorwurfs auf Bankrott wird unter dem Aktenzeichen 120 JS 553\/09 bei der Staatsanwaltschaft D\u00fcsseldorf gef\u00fchrt.<\/p>\n","protected":false},"excerpt":{"rendered":"<p>Dass eine Personalberatung seinen letzten Tag mit Polizeiaufgebot erlebt, d\u00fcrfte hierzulande eher selten sein. Am 27.M\u00e4rz 2009 passierte genau das in der Deutschland-Zentrale der niederl\u00e4ndischen Personalberatung YER, vermeldet der Newsletter &#8222;Personal intern&#8220;: &#8222;Der Deutschland-Gesch\u00e4ftsf\u00fchrer Pieter de Kiewit hat seinen v\u00f6llig \u00fcberraschten 30 Leuten in dem B\u00fcro auf der D\u00fcsseldorfer Adersstra\u00dfe aus heiterem Himmel er\u00f6ffnet, dass f\u00fcr die YER GmbH Insolvenz beantragt sei und sie nach Hause gehen sollten.&#8220; <a href=\"https:\/\/blog.wiwo.de\/management\/2009\/04\/20\/personalberater-yer-in-deutschland-pleite-zentrale-von-polizei-versiegelt\/\">Weiterlesen <span class=\"meta-nav\">&rarr;<\/span><\/a><\/p>\n","protected":false},"author":19,"featured_media":0,"comment_status":"open","ping_status":"open","sticky":false,"template":"","format":"standard","meta":{"footnotes":""},"categories":[5],"tags":[5353],"class_list":["post-524578","post","type-post","status-publish","format-standard","hentry","category-standard","tag-standard"],"_links":{"self":[{"href":"https:\/\/blog.wiwo.de\/management\/wp-json\/wp\/v2\/posts\/524578","targetHints":{"allow":["GET"]}}],"collection":[{"href":"https:\/\/blog.wiwo.de\/management\/wp-json\/wp\/v2\/posts"}],"about":[{"href":"https:\/\/blog.wiwo.de\/management\/wp-json\/wp\/v2\/types\/post"}],"author":[{"embeddable":true,"href":"https:\/\/blog.wiwo.de\/management\/wp-json\/wp\/v2\/users\/19"}],"replies":[{"embeddable":true,"href":"https:\/\/blog.wiwo.de\/management\/wp-json\/wp\/v2\/comments?post=524578"}],"version-history":[{"count":0,"href":"https:\/\/blog.wiwo.de\/management\/wp-json\/wp\/v2\/posts\/524578\/revisions"}],"wp:attachment":[{"href":"https:\/\/blog.wiwo.de\/management\/wp-json\/wp\/v2\/media?parent=524578"}],"wp:term":[{"taxonomy":"category","embeddable":true,"href":"https:\/\/blog.wiwo.de\/management\/wp-json\/wp\/v2\/categories?post=524578"},{"taxonomy":"post_tag","embeddable":true,"href":"https:\/\/blog.wiwo.de\/management\/wp-json\/wp\/v2\/tags?post=524578"}],"curies":[{"name":"wp","href":"https:\/\/api.w.org\/{rel}","templated":true}]}}