{"id":52033,"date":"2022-01-31T07:30:11","date_gmt":"2022-01-31T06:30:11","guid":{"rendered":"https:\/\/blog.wiwo.de\/look-at-it\/?p=52033"},"modified":"2022-01-27T14:18:55","modified_gmt":"2022-01-27T13:18:55","slug":"soziale-netzwerke-46-milliarden-nutzer-aber-peak-social-media-bereits-2020-ueberschritten","status":"publish","type":"post","link":"https:\/\/blog.wiwo.de\/look-at-it\/2022\/01\/31\/soziale-netzwerke-46-milliarden-nutzer-aber-peak-social-media-bereits-2020-ueberschritten\/","title":{"rendered":"Soziale Netzwerke: 4,6 Milliarden Nutzer &#8211; aber Peak Social Media bereits 2020 \u00fcberschritten?"},"content":{"rendered":"<p><strong>Zwar w\u00e4chst die absolute Zahl der Social-Media-Nutzer weiter &#8211; aber bei der t\u00e4glichen Nutzung scheint inzwischen eine S\u00e4ttigung stattgefunden zu haben.<\/strong><\/p>\n<p>Und sie wachsen und wachsen und wachsen &#8211; die Rede ist von den Nutzern von Facebook, YouTube, Twitter &amp; Co.: Demnach nutzen Stand Januar 2022 weltweit 4,62 Milliarden Menschen soziale Netzwerke &#8211;\u00a0das sind mehr als 58 Prozent der Weltbev\u00f6lkerung.<\/p>\n<p><img loading=\"lazy\" decoding=\"async\" class=\"aligncenter size-full wp-image-52209\" style=\"border: 0px\" src=\"https:\/\/blog.wiwo.de\/look-at-it\/files\/2022\/01\/PeakSocial1.jpg\" alt=\"\" width=\"600\" height=\"320\" srcset=\"https:\/\/blog.wiwo.de\/look-at-it\/files\/2022\/01\/PeakSocial1.jpg 600w, https:\/\/blog.wiwo.de\/look-at-it\/files\/2022\/01\/PeakSocial1-300x160.jpg 300w, https:\/\/blog.wiwo.de\/look-at-it\/files\/2022\/01\/PeakSocial1-500x267.jpg 500w\" sizes=\"auto, (max-width: 600px) 100vw, 600px\" \/><\/p>\n<p>Das ist der zentrale Befund der neuesten Ausgabe ihres halbj\u00e4hrlichen Digital-Reports, den die internationale Digital-Agentur \u201cWe are Social\u201d mit Hauptsitz in London und der kanadische Software-Anbieter Hootsuite in der vergangenen Woche ver\u00f6ffentlicht haben.<\/p>\n<p>Im Vergleich zum Vorjahr betr\u00e4gt das Plus immerhin 424 Millionen neue Nutzer oder 10 Prozent <a href=\"https:\/\/blog.wiwo.de\/look-at-it\/2021\/01\/28\/corona-beschleunigt-social-media-wachstum-42-milliarden-user-plus-13-millionen-am-tag\/\" target=\"_blank\" rel=\"noopener\">der 4,2 Milliarden Social-Nutzer im Januar 2021<\/a>. Selbst <a href=\"https:\/\/blog.wiwo.de\/look-at-it\/2021\/11\/04\/soziale-netzwerke-455-milliarden-nutzer-und-die-25-beliebtesten-social-media-dienste\/\" target=\"_blank\" rel=\"noopener\">seit vergangenem Oktober (4,55 Milliarden)<\/a> kletterte die Zahl noch um 70.000 User weltweit (Grafik zum Vergr\u00f6\u00dfern zwei Mal anklicken):<\/p>\n<p><a href=\"https:\/\/blog.wiwo.de\/look-at-it\/files\/2022\/01\/PeakSocial2g.jpg\"><img loading=\"lazy\" decoding=\"async\" class=\"aligncenter wp-image-52204 size-full\" style=\"border: 0px\" src=\"https:\/\/blog.wiwo.de\/look-at-it\/files\/2022\/01\/PeakSocial2g.jpg\" alt=\"\" width=\"1024\" height=\"576\" srcset=\"https:\/\/blog.wiwo.de\/look-at-it\/files\/2022\/01\/PeakSocial2g.jpg 1024w, https:\/\/blog.wiwo.de\/look-at-it\/files\/2022\/01\/PeakSocial2g-300x169.jpg 300w, https:\/\/blog.wiwo.de\/look-at-it\/files\/2022\/01\/PeakSocial2g-768x432.jpg 768w, https:\/\/blog.wiwo.de\/look-at-it\/files\/2022\/01\/PeakSocial2g-500x281.jpg 500w\" sizes=\"auto, (max-width: 1024px) 100vw, 1024px\" \/><\/a><\/p>\n<p style=\"text-align: center\">Quelle: <a href=\"https:\/\/datareportal.com\/reports\/digital-2022-global-overview-report\" target=\"_blank\" rel=\"noopener\">WeAreSocial\/Hootsuite<\/a><\/p>\n<p>Bei anderen Metriken erscheint es hingegen so, als sei der Peak Social Media bereits erreicht &#8211; wenn nicht sogar \u00fcberschritten. Laut des &#8222;Digital Economy Compass&#8220;, j\u00e4hrlich erhoben vom Hamburger Datenportal Statista, betrugt die t\u00e4gliche Nutzungsdauer von sozialen Netzwerken in den Jahren 2019 und 2020 jeweils 145 Minuten.<\/p>\n<p>Im vergangenen Jahr sank jener Wert erstmals seit Jahren wieder um drei Minuten auf nurmehr 142 Minuten. Das ist zwar immer noch fast 60 Prozent mehr als die 90 Minuten im Jahr 2012 &#8211; aber offenbar hat eine erste S\u00e4ttigung stattgefunden:<\/p>\n<p><img loading=\"lazy\" decoding=\"async\" class=\"aligncenter size-full wp-image-52205\" style=\"border: 0px\" src=\"https:\/\/blog.wiwo.de\/look-at-it\/files\/2022\/01\/PeakSocial3.jpg\" alt=\"\" width=\"600\" height=\"600\" srcset=\"https:\/\/blog.wiwo.de\/look-at-it\/files\/2022\/01\/PeakSocial3.jpg 600w, https:\/\/blog.wiwo.de\/look-at-it\/files\/2022\/01\/PeakSocial3-300x300.jpg 300w, https:\/\/blog.wiwo.de\/look-at-it\/files\/2022\/01\/PeakSocial3-150x150.jpg 150w\" sizes=\"auto, (max-width: 600px) 100vw, 600px\" \/><\/p>\n<p style=\"text-align: center\">Quelle: <a href=\"https:\/\/www.statista.com\/chart\/26272\/global-average-daily-time-spent-on-social-media-per-internet-user\/\" target=\"_blank\" rel=\"noopener\">Statista<\/a><\/p>\n<p><strong>Verwandte Artikel:<\/strong><\/p>\n<p><a href=\"https:\/\/blog.wiwo.de\/look-at-it\/2022\/01\/12\/die-social-media-giganten-der-welt-und-wem-sie-gehoeren\/\" target=\"_blank\" rel=\"noopener\">Die Social-Media-Giganten der Welt \u2013 und wem sie geh\u00f6ren<\/a><\/p>\n<p><a href=\"https:\/\/blog.wiwo.de\/look-at-it\/2021\/11\/04\/soziale-netzwerke-455-milliarden-nutzer-und-die-25-beliebtesten-social-media-dienste\/\" target=\"_blank\" rel=\"noopener\">Soziale Netzwerke: 4,55 Milliarden Nutzer &amp; die 25 beliebtesten Dienste<\/a><\/p>\n<p><a href=\"https:\/\/blog.wiwo.de\/look-at-it\/2021\/10\/28\/facebook-whatsapp-messenger-instagram-zusammen-35-milliarden-nutzer-im-monat\/\" target=\"_blank\" rel=\"noopener\">Facebook, WhatsApp, Messenger &amp; Instagram \u2013 zusammen 3,5 Milliarden Nutzer<\/a><\/p>\n<p><a href=\"https:\/\/blog.wiwo.de\/look-at-it\/2021\/08\/02\/45-milliarden-social-media-nutzer-weltweit-das-entspricht-94-prozent-aller-internet-user\/\" target=\"_blank\" rel=\"noopener\">4,5 Milliarden Social-Media-Nutzer weltweit \u2013 das entspricht 94% aller Internet-User<\/a><\/p>\n","protected":false},"excerpt":{"rendered":"<p>Zwar w\u00e4chst die absolute Zahl der Social-Media-Nutzer weiter &#8211; aber bei der t\u00e4glichen Nutzung scheint inzwischen eine S\u00e4ttigung stattgefunden zu haben. Und sie wachsen und wachsen und wachsen &#8211; die Rede ist von den Nutzern von Facebook, YouTube, Twitter &amp; &hellip; <a href=\"https:\/\/blog.wiwo.de\/look-at-it\/2022\/01\/31\/soziale-netzwerke-46-milliarden-nutzer-aber-peak-social-media-bereits-2020-ueberschritten\/\">Weiterlesen <span class=\"meta-nav\">&rarr;<\/span><\/a><\/p>\n","protected":false},"author":16,"featured_media":52209,"comment_status":"open","ping_status":"open","sticky":false,"template":"","format":"standard","meta":{"footnotes":""},"categories":[1],"tags":[23,96,73,100],"class_list":["post-52033","post","type-post","status-publish","format-standard","has-post-thumbnail","hentry","category-allgemein","tag-facebook","tag-social-media","tag-twitter","tag-youtube"],"_links":{"self":[{"href":"https:\/\/blog.wiwo.de\/look-at-it\/wp-json\/wp\/v2\/posts\/52033","targetHints":{"allow":["GET"]}}],"collection":[{"href":"https:\/\/blog.wiwo.de\/look-at-it\/wp-json\/wp\/v2\/posts"}],"about":[{"href":"https:\/\/blog.wiwo.de\/look-at-it\/wp-json\/wp\/v2\/types\/post"}],"author":[{"embeddable":true,"href":"https:\/\/blog.wiwo.de\/look-at-it\/wp-json\/wp\/v2\/users\/16"}],"replies":[{"embeddable":true,"href":"https:\/\/blog.wiwo.de\/look-at-it\/wp-json\/wp\/v2\/comments?post=52033"}],"version-history":[{"count":8,"href":"https:\/\/blog.wiwo.de\/look-at-it\/wp-json\/wp\/v2\/posts\/52033\/revisions"}],"predecessor-version":[{"id":52210,"href":"https:\/\/blog.wiwo.de\/look-at-it\/wp-json\/wp\/v2\/posts\/52033\/revisions\/52210"}],"wp:featuredmedia":[{"embeddable":true,"href":"https:\/\/blog.wiwo.de\/look-at-it\/wp-json\/wp\/v2\/media\/52209"}],"wp:attachment":[{"href":"https:\/\/blog.wiwo.de\/look-at-it\/wp-json\/wp\/v2\/media?parent=52033"}],"wp:term":[{"taxonomy":"category","embeddable":true,"href":"https:\/\/blog.wiwo.de\/look-at-it\/wp-json\/wp\/v2\/categories?post=52033"},{"taxonomy":"post_tag","embeddable":true,"href":"https:\/\/blog.wiwo.de\/look-at-it\/wp-json\/wp\/v2\/tags?post=52033"}],"curies":[{"name":"wp","href":"https:\/\/api.w.org\/{rel}","templated":true}]}}