{"id":51542,"date":"2021-10-19T07:30:22","date_gmt":"2021-10-19T05:30:22","guid":{"rendered":"https:\/\/blog.wiwo.de\/look-at-it\/?p=51542"},"modified":"2021-10-18T15:47:23","modified_gmt":"2021-10-18T13:47:23","slug":"zwischen-meeting-fatigue-und-effizienz-fast-jeder-zweite-haelt-meetings-fuer-zu-zeitintensiv","status":"publish","type":"post","link":"https:\/\/blog.wiwo.de\/look-at-it\/2021\/10\/19\/zwischen-meeting-fatigue-und-effizienz-fast-jeder-zweite-haelt-meetings-fuer-zu-zeitintensiv\/","title":{"rendered":"Zwischen Meeting Fatigue und Effizienz: Fast jeder Zweite h\u00e4lt Meetings f\u00fcr zu zeitintensiv"},"content":{"rendered":"<p><strong>Mangelndes Daten-Verst\u00e4ndnis in vielen Unternehmen ist das gr\u00f6\u00dfte Hindernis f\u00fcr effizientere und zielgerichtete Meetings &#8211; egal ob pers\u00f6nlich oder digital.<\/strong><\/p>\n<p>Nach anderthalb Jahren sehen die Deutschen Online-Meetings kritisch: Gut jeder dritte Deutsche findet mindestens <a href=\"https:\/\/blog.wiwo.de\/look-at-it\/2021\/08\/03\/putzen-kochen-schlafen-das-machen-die-deutschen-heimlich-waehrend-videokonferenzen\/\" target=\"_blank\" rel=\"noopener\">60 Prozent seiner Videokonferenzen langweilig; wie ich erst Anfang August hier im Blog berichtet habe<\/a>.<\/p>\n<p>Diese &#8222;Meeting Fatigue&#8220; &#8211; zu Deutsch: Meeting-M\u00fcdigkeit &#8211; gilt letztlich f\u00fcr viele Besch\u00e4ftigte, die im Arbeitsalltag mit ineffizienten hybriden oder digitalen Meetings konfrontiert werden. M\u00fcdigkeit und Ersch\u00f6pfung, beides begleitet von Konzentrationsproblemen und Ungeduld.<\/p>\n<p>Die Qualit\u00e4t von Meetings scheint jedenfalls vielerorts ausbauf\u00e4hig zu sein: Fast jeder zweite Deutsche h\u00e4lt sie f\u00fcr zu zeitintensiv und st\u00f6rt sich daran, dass sie ohne konkreten Anlass oder Ziele angesetzt werden (45 Prozent). Das ist der zentrale Befund einer Studie des Marktforschers YouGov im Auftrag des Spezialisten f\u00fcr Datenvisualisierung Tableau unter F\u00fchrungskr\u00e4ften in Deutschland.<\/p>\n<p><img loading=\"lazy\" decoding=\"async\" class=\"aligncenter size-full wp-image-51552\" style=\"border: 0px\" src=\"https:\/\/blog.wiwo.de\/look-at-it\/files\/2021\/10\/Meetings1.jpg\" alt=\"\" width=\"600\" height=\"320\" srcset=\"https:\/\/blog.wiwo.de\/look-at-it\/files\/2021\/10\/Meetings1.jpg 600w, https:\/\/blog.wiwo.de\/look-at-it\/files\/2021\/10\/Meetings1-300x160.jpg 300w, https:\/\/blog.wiwo.de\/look-at-it\/files\/2021\/10\/Meetings1-500x267.jpg 500w\" sizes=\"auto, (max-width: 600px) 100vw, 600px\" \/><\/p>\n<p>Rund ein Drittel der Befragten vermisst zudem eine stringente Agenda in ihren Meetings (36 Prozent) und hat das Gef\u00fchl, nicht gen\u00fcgend Daten oder Informationen zum Thema vorliegen zu haben (31 Prozent).<\/p>\n<p>Dabei haben Meetings durchaus das Potenzial, alles andere als erm\u00fcdend und zeitraubend zu sein: Werden klare Ziele gesetzt und wird ergebnisorientiert gearbeitet, steigert das f\u00fcr nahezu alle Befragten die Qualit\u00e4t von Diskussionen im Business-Kontext enorm (95 Prozent).<\/p>\n<p>Noch lautet der Tenor aber: Zu lang, zu anstrengend, zu ineffizient. Die L\u00f6sung hin zu guten Entscheidungen, h\u00f6herer Qualit\u00e4t und mehr Effizienz ist erstaunlich einfach &#8211; und vor allem bereits im Bewusstsein der F\u00fchrungskr\u00e4fte angekommen: Daten.<\/p>\n<p>Drei von vier F\u00fchrungskr\u00e4ften stimmen zu, dass passende, gut visualisierte Daten zu pr\u00e4ziseren Entscheidungen zum richtigen Zeitpunkt beitragen (75 Prozent). Fast die H\u00e4lfte von ihnen nutzt deshalb bereits mindestens w\u00f6chentlich ein Datenanalysetool (47 Prozent).<\/p>\n<p>Das Problem: Nur knapp jeder f\u00fcnfte Befragten gibt an, dass Daten in seinem Unternehmen konsequent zur Entscheidungsfindung genutzt werden (19 Prozent). Die Corona-Pandemie f\u00fchrte dazu, dass immerhin 37 Prozent der befragten F\u00fchrungskr\u00e4fte in Meetings intensiver auf Daten setzen.<\/p>\n<p>Das Potenzial intelligenter Datennutzung ist also bekannt &#8211; wieso werden sie trotzdem nur z\u00f6gerlich in Gesch\u00e4ftsmeetings eingebunden? F\u00fcr die H\u00e4lfte der Befragten ist mangelndes Daten-Verst\u00e4ndnis das gr\u00f6\u00dfte Hindernis (49 Prozent). Hinzu kommt die fehlende F\u00e4higkeit, aus den Informationen hilfreiche Erkenntnisse zu gewinnen (52 Prozent).<\/p>\n<p>Die zentralen Ergebnisse der Tableau-Studie gibt&#8217;s zusammengefasst in der folgenden Infografik &#8211; zum Vergr\u00f6\u00dfern zwei Mal anklicken:<\/p>\n<p><a href=\"https:\/\/blog.wiwo.de\/look-at-it\/files\/2021\/10\/MeetingsIG.jpg\"><img loading=\"lazy\" decoding=\"async\" class=\"aligncenter wp-image-51548 size-full\" style=\"border: 0px\" src=\"https:\/\/blog.wiwo.de\/look-at-it\/files\/2021\/10\/MeetingsIG.jpg\" alt=\"\" width=\"627\" height=\"2560\" \/><\/a><\/p>\n<p style=\"text-align: center\">Quelle. Tableau<\/p>\n<p><strong>Verwandte Artikel:<\/strong><\/p>\n<p><a href=\"https:\/\/blog.wiwo.de\/look-at-it\/2021\/08\/03\/putzen-kochen-schlafen-das-machen-die-deutschen-heimlich-waehrend-videokonferenzen\/\" target=\"_blank\" rel=\"noopener\">Das machen die Deutschen heimlich w\u00e4hrend Videokonferenzen<\/a><\/p>\n<p><a href=\"https:\/\/blog.wiwo.de\/look-at-it\/2020\/11\/05\/webcam-nutzung-bei-virtuellen-konferenzen-und-meetings-vervierfacht-sich-im-vergleich-zu-2019\/\" target=\"_blank\" rel=\"noopener\">Webcam-Nutzung bei virtuellen Konferenzen vervierfacht sich im Vergleich zu 2019<\/a><\/p>\n<p><a href=\"https:\/\/blog.wiwo.de\/look-at-it\/2020\/06\/02\/exklusiv-mehr-als-jeder-zweite-deutsche-nutzt-videokonferenzen-whatsapp-vor-skype\/\" target=\"_blank\" rel=\"noopener\">Mehr als jeder zweite Deutsche nutzt Videokonferenzen \u2013 WhatsApp vor Skype<\/a><\/p>\n<p><a href=\"https:\/\/blog.wiwo.de\/look-at-it\/2020\/05\/11\/videokonferenz-boom-nutzerzahl-von-zoom-legt-dank-corona-schub-im-maerz-um-110-prozent-zu\/\" target=\"_blank\" rel=\"noopener noreferrer\">Nutzerzahl von Zoom legt dank Corona-Schub im M\u00e4rz um 110 Prozent zu<\/a><\/p>\n","protected":false},"excerpt":{"rendered":"<p>Mangelndes Daten-Verst\u00e4ndnis in vielen Unternehmen ist das gr\u00f6\u00dfte Hindernis f\u00fcr effizientere und zielgerichtete Meetings &#8211; egal ob pers\u00f6nlich oder digital. Nach anderthalb Jahren sehen die Deutschen Online-Meetings kritisch: Gut jeder dritte Deutsche findet mindestens 60 Prozent seiner Videokonferenzen langweilig; wie &hellip; <a href=\"https:\/\/blog.wiwo.de\/look-at-it\/2021\/10\/19\/zwischen-meeting-fatigue-und-effizienz-fast-jeder-zweite-haelt-meetings-fuer-zu-zeitintensiv\/\">Weiterlesen <span class=\"meta-nav\">&rarr;<\/span><\/a><\/p>\n","protected":false},"author":16,"featured_media":51552,"comment_status":"open","ping_status":"open","sticky":false,"template":"","format":"standard","meta":{"footnotes":""},"categories":[1],"tags":[210,265,405],"class_list":["post-51542","post","type-post","status-publish","format-standard","has-post-thumbnail","hentry","category-allgemein","tag-big-data","tag-digitalisierung","tag-videokonferenzen"],"_links":{"self":[{"href":"https:\/\/blog.wiwo.de\/look-at-it\/wp-json\/wp\/v2\/posts\/51542","targetHints":{"allow":["GET"]}}],"collection":[{"href":"https:\/\/blog.wiwo.de\/look-at-it\/wp-json\/wp\/v2\/posts"}],"about":[{"href":"https:\/\/blog.wiwo.de\/look-at-it\/wp-json\/wp\/v2\/types\/post"}],"author":[{"embeddable":true,"href":"https:\/\/blog.wiwo.de\/look-at-it\/wp-json\/wp\/v2\/users\/16"}],"replies":[{"embeddable":true,"href":"https:\/\/blog.wiwo.de\/look-at-it\/wp-json\/wp\/v2\/comments?post=51542"}],"version-history":[{"count":7,"href":"https:\/\/blog.wiwo.de\/look-at-it\/wp-json\/wp\/v2\/posts\/51542\/revisions"}],"predecessor-version":[{"id":51555,"href":"https:\/\/blog.wiwo.de\/look-at-it\/wp-json\/wp\/v2\/posts\/51542\/revisions\/51555"}],"wp:featuredmedia":[{"embeddable":true,"href":"https:\/\/blog.wiwo.de\/look-at-it\/wp-json\/wp\/v2\/media\/51552"}],"wp:attachment":[{"href":"https:\/\/blog.wiwo.de\/look-at-it\/wp-json\/wp\/v2\/media?parent=51542"}],"wp:term":[{"taxonomy":"category","embeddable":true,"href":"https:\/\/blog.wiwo.de\/look-at-it\/wp-json\/wp\/v2\/categories?post=51542"},{"taxonomy":"post_tag","embeddable":true,"href":"https:\/\/blog.wiwo.de\/look-at-it\/wp-json\/wp\/v2\/tags?post=51542"}],"curies":[{"name":"wp","href":"https:\/\/api.w.org\/{rel}","templated":true}]}}