{"id":51458,"date":"2021-10-01T07:30:18","date_gmt":"2021-10-01T05:30:18","guid":{"rendered":"https:\/\/blog.wiwo.de\/look-at-it\/?p=51458"},"modified":"2021-09-30T10:11:05","modified_gmt":"2021-09-30T08:11:05","slug":"krokers-ram-der-fokus-auf-nachhaltigkeit-in-der-it-startet-gerade-erst","status":"publish","type":"post","link":"https:\/\/blog.wiwo.de\/look-at-it\/2021\/10\/01\/krokers-ram-der-fokus-auf-nachhaltigkeit-in-der-it-startet-gerade-erst\/","title":{"rendered":"Krokers RAM: Der Fokus auf Nachhaltigkeit in der IT startet gerade erst!"},"content":{"rendered":"<p><strong>Mein Rant am Morgen: Nach Branchen wie Stahl oder Chemie beginnen auch immer mehr Verantwortliche aus der IT, sich Gedanken \u00fcber stromsparende Rechner und mehr Nachhaltigkeit im Betrieb Gedanken zu machen.<\/strong><\/p>\n<p>Die steigenden Strompreise in Deutschland und anderen L\u00e4ndern wie etwa Gro\u00dfbritannien sorgen aktuell daf\u00fcr, dass Unternehmen aus vielen Branchen, allen voran energieintensiven Industrien wie Stahl oder Chemie, gegenw\u00e4rtig mit Hochdruck an Ma\u00dfnahmen zum Einsparen von Strom und alternativer Energieversorgung arbeiten &#8211; siehe dazu auch die vielen Beispiele in der Titelgeschichte der heute erschienenen WirtschaftsWoche.<\/p>\n<p><img loading=\"lazy\" decoding=\"async\" class=\"aligncenter size-full wp-image-51460\" style=\"border: 0px\" src=\"https:\/\/blog.wiwo.de\/look-at-it\/files\/2021\/09\/NachhaltigeIT1.jpg\" alt=\"\" width=\"600\" height=\"320\" srcset=\"https:\/\/blog.wiwo.de\/look-at-it\/files\/2021\/09\/NachhaltigeIT1.jpg 600w, https:\/\/blog.wiwo.de\/look-at-it\/files\/2021\/09\/NachhaltigeIT1-300x160.jpg 300w, https:\/\/blog.wiwo.de\/look-at-it\/files\/2021\/09\/NachhaltigeIT1-500x267.jpg 500w\" sizes=\"auto, (max-width: 600px) 100vw, 600px\" \/><\/p>\n<p>Eine im Kontext von Nachhaltigkeit bisher wenig beachtete Branche ist die ITK-Industrie &#8211; dabei leiden gerade die Betreiber von Rechenzentren in Deutschland unter den h\u00f6chsten Strompreisen in Europa: Laut Branchenverband Bitkom machten die <a href=\"https:\/\/www.bitkom.org\/Presse\/Presseinformation\/Deutsche-Rechenzentren-hoechste-Stromkosten-Europa\" target=\"_blank\" rel=\"noopener\">Stromkosten bereits im vergangenen Jahr die H\u00e4lfte der Betriebskosten aus<\/a>.<\/p>\n<p>Dabei haben die Betreiber von Cloud-Rechenzentren in Deutschland schon l\u00e4nger ein Augenmerk auf m\u00f6glichst <a href=\"https:\/\/www.wiwo.de\/my\/technologie\/digitale-welt\/streaming-for-future-so-spart-die-techbranche-radikal-strom\/25902460.html\" target=\"_blank\" rel=\"noopener\">energieeffiziente Rechner sowie ausgekl\u00fcgelte Energiekonzepte f\u00fcr die K\u00fchlung ihrer Server, siehe etwa bei der United-Internet-Tochter Ionos in Karlsruhe<\/a>.<\/p>\n<p>Zudem achten immer mehr Unternehmen angesichts der wachsenden Datenflut darauf, was sie \u00fcberhaupt noch speichern m\u00fcssen: F\u00fcr <a href=\"https:\/\/blog.wiwo.de\/look-at-it\/2021\/09\/27\/knapp-zwei-drittel-die-it-verantwortlichen-loeschen-daten-um-co2-ausstoss-zu-verringern\/\" target=\"_blank\" rel=\"noopener\">fast zwei Drittel aller IT-Verantwortlichen hat das L\u00f6schen ungenutzter, doppelter und veralteter Daten zur Verringerung des CO2-Aussto\u00dfes inzwischen Priorit\u00e4t<\/a>.<\/p>\n<p>All dies zeigt: Der Fokus und die Bem\u00fchungen f\u00fcr mehr Nachhaltigkeit in der IT starten gerade erst!<\/p>\n<p><strong>Verwandte Artikel:<\/strong><\/p>\n<p><a href=\"https:\/\/blog.wiwo.de\/look-at-it\/2021\/09\/24\/krokers-ram-unternehmen-muessen-mehr-aus-ihren-collaborations-tools-herausholen\/\" target=\"_blank\" rel=\"noopener\">Krokers RAM: Firmen m\u00fcssen mehr aus ihren Collaborations-Tools herausholen!<\/a><\/p>\n<p><a href=\"https:\/\/blog.wiwo.de\/look-at-it\/2021\/09\/17\/krokers-ram-rueckstand-bei-der-digitalisierung-der-verwaltung-ist-massiver-standortnachteil\/\" target=\"_blank\" rel=\"noopener\">R\u00fcckstand bei der Digitalisierung der Verwaltung ist massiver Standortnachteil!<\/a><\/p>\n<p><a href=\"https:\/\/blog.wiwo.de\/look-at-it\/2021\/09\/10\/krokers-ram-telekom-google-oder-deutsche-cloud-totgeburt-die-zweite\/\" target=\"_blank\" rel=\"noopener\">Krokers RAM: Telekom &amp; Google \u2013 oder: Deutsche-Cloud-Totgeburt, die Zweite<\/a><\/p>\n<p><a href=\"https:\/\/blog.wiwo.de\/look-at-it\/2021\/08\/27\/krokers-ram-schlechte-chancen-fuer-digital-abos-gerade-in-deutschland\/\" target=\"_blank\" rel=\"noopener\">Krokers RAM: Schlechte Chancen f\u00fcr Digital-Abos \u2013 gerade in Deutschland!<\/a><\/p>\n","protected":false},"excerpt":{"rendered":"<p>Mein Rant am Morgen: Nach Branchen wie Stahl oder Chemie beginnen auch immer mehr Verantwortliche aus der IT, sich Gedanken \u00fcber stromsparende Rechner und mehr Nachhaltigkeit im Betrieb Gedanken zu machen. Die steigenden Strompreise in Deutschland und anderen L\u00e4ndern wie &hellip; <a href=\"https:\/\/blog.wiwo.de\/look-at-it\/2021\/10\/01\/krokers-ram-der-fokus-auf-nachhaltigkeit-in-der-it-startet-gerade-erst\/\">Weiterlesen <span class=\"meta-nav\">&rarr;<\/span><\/a><\/p>\n","protected":false},"author":16,"featured_media":51460,"comment_status":"open","ping_status":"open","sticky":false,"template":"","format":"standard","meta":{"footnotes":""},"categories":[1],"tags":[265,137,304],"class_list":["post-51458","post","type-post","status-publish","format-standard","has-post-thumbnail","hentry","category-allgemein","tag-digitalisierung","tag-nachhaltigkeit","tag-ram"],"_links":{"self":[{"href":"https:\/\/blog.wiwo.de\/look-at-it\/wp-json\/wp\/v2\/posts\/51458","targetHints":{"allow":["GET"]}}],"collection":[{"href":"https:\/\/blog.wiwo.de\/look-at-it\/wp-json\/wp\/v2\/posts"}],"about":[{"href":"https:\/\/blog.wiwo.de\/look-at-it\/wp-json\/wp\/v2\/types\/post"}],"author":[{"embeddable":true,"href":"https:\/\/blog.wiwo.de\/look-at-it\/wp-json\/wp\/v2\/users\/16"}],"replies":[{"embeddable":true,"href":"https:\/\/blog.wiwo.de\/look-at-it\/wp-json\/wp\/v2\/comments?post=51458"}],"version-history":[{"count":8,"href":"https:\/\/blog.wiwo.de\/look-at-it\/wp-json\/wp\/v2\/posts\/51458\/revisions"}],"predecessor-version":[{"id":51467,"href":"https:\/\/blog.wiwo.de\/look-at-it\/wp-json\/wp\/v2\/posts\/51458\/revisions\/51467"}],"wp:featuredmedia":[{"embeddable":true,"href":"https:\/\/blog.wiwo.de\/look-at-it\/wp-json\/wp\/v2\/media\/51460"}],"wp:attachment":[{"href":"https:\/\/blog.wiwo.de\/look-at-it\/wp-json\/wp\/v2\/media?parent=51458"}],"wp:term":[{"taxonomy":"category","embeddable":true,"href":"https:\/\/blog.wiwo.de\/look-at-it\/wp-json\/wp\/v2\/categories?post=51458"},{"taxonomy":"post_tag","embeddable":true,"href":"https:\/\/blog.wiwo.de\/look-at-it\/wp-json\/wp\/v2\/tags?post=51458"}],"curies":[{"name":"wp","href":"https:\/\/api.w.org\/{rel}","templated":true}]}}