{"id":51396,"date":"2021-09-27T07:30:44","date_gmt":"2021-09-27T05:30:44","guid":{"rendered":"https:\/\/blog.wiwo.de\/look-at-it\/?p=51396"},"modified":"2021-09-27T09:43:44","modified_gmt":"2021-09-27T07:43:44","slug":"knapp-zwei-drittel-die-it-verantwortlichen-loeschen-daten-um-co2-ausstoss-zu-verringern","status":"publish","type":"post","link":"https:\/\/blog.wiwo.de\/look-at-it\/2021\/09\/27\/knapp-zwei-drittel-die-it-verantwortlichen-loeschen-daten-um-co2-ausstoss-zu-verringern\/","title":{"rendered":"Knapp zwei Drittel der IT-Verantwortlichen l\u00f6schen Daten, um CO2-Aussto\u00df zu verringern"},"content":{"rendered":"<p><strong>Bei den genauen Kosten f\u00fcr die Speicherung ihrer Daten zeigt sich, dass eine betr\u00e4chtliche Anzahl an IT-Verantwortlichen nicht ausreichend informiert ist.<\/strong><\/p>\n<p>Unternehmen erkennen zunehmend, dass auch sie ihren Beitrag zum Klimaschutz leisten m\u00fcssen. F\u00fcr fast zwei Drittel aller IT-Chefs hat die Verringerung ihres CO2-Fu\u00dfabdruck Priorit\u00e4t (63 Prozent).\u00a0Um dieses Ziel zu erreichen, setzen sie an verschiedenen Stellen an.<\/p>\n<p>Eine davon ist die gro\u00dfe Menge an Unternehmensdaten. Um diese zu reduzieren und dadurch den f\u00fcr die Speicherung ben\u00f6tigten Stromverbrauch zu senken, l\u00f6schen drei Viertel der IT-Entscheider ungenutzte Daten (77 Prozent).\u00a0Das sind die zentralen Befunde einer Studie des Daten-Management-Anbieters Aparavi. \u201eKroker\u2019s Look @ IT\u201c pr\u00e4sentiert die Ergebnisse heute exklusiv vorab.<\/p>\n<p><img loading=\"lazy\" decoding=\"async\" class=\"aligncenter size-full wp-image-51403\" style=\"border: 0px\" src=\"https:\/\/blog.wiwo.de\/look-at-it\/files\/2021\/09\/GreenDataIG1.jpg\" alt=\"\" width=\"600\" height=\"320\" srcset=\"https:\/\/blog.wiwo.de\/look-at-it\/files\/2021\/09\/GreenDataIG1.jpg 600w, https:\/\/blog.wiwo.de\/look-at-it\/files\/2021\/09\/GreenDataIG1-300x160.jpg 300w, https:\/\/blog.wiwo.de\/look-at-it\/files\/2021\/09\/GreenDataIG1-500x267.jpg 500w\" sizes=\"auto, (max-width: 600px) 100vw, 600px\" \/><\/p>\n<p>Wie notwendig dieser Schritt ist, verdeutlichen die Angaben, wie viele Daten \u00fcberhaupt gespeichert werden: Unter allen Befragten nehmen sie bei knapp einem Drittel zwischen 1.001 und 5.000 Terabyte an Speicherplatz ein (31 Prozent); bei mehr als jedem Vierten sogar \u00fcber 5.000 TB (27 Prozent) &#8211; und mit jedem Tag w\u00e4chst dieser Datenberg weiter.<\/p>\n<p>Allerdings wusste auch jeder f\u00fcnfte befragte IT-Verantwortliche nicht, \u00fcber wie viele Daten sie in ihrem Unternehmen verf\u00fcgen (21 Prozent). Dabei ist der Unterschied zwischen den Befragten, die in der IT-Abteilung selbst sitzen, und denjenigen, die in einer anderen Abteilung oder dem Management t\u00e4tig sind, nur marginal.<\/p>\n<p>Bei den genauen Kosten f\u00fcr die Speicherung ihrer Daten zeigt sich ebenfalls, dass eine betr\u00e4chtliche Anzahl an IT-Verantwortlichen nicht ausreichend informiert ist. 40 Prozent der Studienteilnehmer gaben an, im Gesch\u00e4ftsjahr bis zu 100.000 Euro f\u00fcr die Datenspeicherung zu zahlen; 27 Prozent sogar mehr als 100.000 Euro. Zugleich konnte jeder Dritte bei dieser Frage keinen Betrag nennen (33 Prozent).<\/p>\n<p>Auch hierbei spielt es nur eine untergeordnete Rolle, wo die IT-Entscheider sitzen: Bei den in der IT-Abteilung besch\u00e4ftigten sind es 31 Prozent, in anderen Fachbereichen oder dem Management sogar 35 Prozent. Damit mangelt es den Verantwortlichen in jedem dritten deutschen Unternehmen an Einblick in einen wesentlichen und wachsenden Kostenfaktor.<\/p>\n<p>Immer mehr Unternehmen denken zudem dar\u00fcber nach, inwieweit sie ihre Daten in die Cloud verlagern wollen oder haben diesen Schritt bereits abgeschlossen. Schon jetzt speichern zwei Drittel ihre Daten in der Cloud oder hybrid On-Premise und in der Cloud (65 Prozent).<\/p>\n<p>Weitere Zahlen &amp; Fakten \u00fcber den Energieaspekt bei Datenspeicherung in der folgenden Infografik &#8211; zum Vergr\u00f6\u00dfern zwei Mal anklicken:<\/p>\n<p><a href=\"https:\/\/blog.wiwo.de\/look-at-it\/files\/2021\/09\/GreenDataIG.jpg\"><img decoding=\"async\" class=\"aligncenter wp-image-51401 size-full\" style=\"border: 0px\" src=\"https:\/\/blog.wiwo.de\/look-at-it\/files\/2021\/09\/GreenDataIG.jpg\" alt=\"\" \/><\/a><\/p>\n<p style=\"text-align: center\">Quelle: Aparavi<\/p>\n<p><strong>Verwandte Artikel:<\/strong><\/p>\n<p><a href=\"https:\/\/blog.wiwo.de\/look-at-it\/2021\/08\/05\/nur-die-haelfte-der-deutschen-unternehmen-schoepft-das-volle-potenzial-ihrer-daten-aus\/\" target=\"_blank\" rel=\"noopener\">Nur H\u00e4lfte der deutschen Unternehmen sch\u00f6pft das volle Potenzial ihrer Daten aus<\/a><\/p>\n<p><a href=\"https:\/\/blog.wiwo.de\/look-at-it\/2021\/04\/29\/nur-jeder-zweite-mitarbeiter-sieht-potenzial-durch-data-analytics-und-nur-jeder-dritte-manager\/\" target=\"_blank\" rel=\"noopener\">Nur jeder 2. Mitarbeiter sieht Potenzial durch Data Analytics \u2013 &amp; nur jeder 3. Manager<\/a><\/p>\n<p><a href=\"https:\/\/blog.wiwo.de\/look-at-it\/2021\/04\/15\/sechs-von-zehn-daten-backups-in-unternehmen-schlagen-fehl-und-behindern-so-digitalisierung\/\" target=\"_blank\" rel=\"noopener\">Sechs von zehn Daten-Backups in Unternehmen schlagen fehl<\/a><\/p>\n<p><a href=\"https:\/\/blog.wiwo.de\/look-at-it\/2020\/10\/21\/70-prozent-der-daten-die-deutschen-firmen-zur-verfuegung-stehen-werden-nicht-genutzt\/\" target=\"_blank\" rel=\"noopener\">70 Prozent der Daten, die Firmen zur Verf\u00fcgung stehen, werden nicht genutzt<\/a><\/p>\n","protected":false},"excerpt":{"rendered":"<p>Bei den genauen Kosten f\u00fcr die Speicherung ihrer Daten zeigt sich, dass eine betr\u00e4chtliche Anzahl an IT-Verantwortlichen nicht ausreichend informiert ist. Unternehmen erkennen zunehmend, dass auch sie ihren Beitrag zum Klimaschutz leisten m\u00fcssen. F\u00fcr fast zwei Drittel aller IT-Chefs hat &hellip; <a href=\"https:\/\/blog.wiwo.de\/look-at-it\/2021\/09\/27\/knapp-zwei-drittel-die-it-verantwortlichen-loeschen-daten-um-co2-ausstoss-zu-verringern\/\">Weiterlesen <span class=\"meta-nav\">&rarr;<\/span><\/a><\/p>\n","protected":false},"author":16,"featured_media":51403,"comment_status":"open","ping_status":"open","sticky":false,"template":"","format":"standard","meta":{"footnotes":""},"categories":[1],"tags":[210,16,265],"class_list":["post-51396","post","type-post","status-publish","format-standard","has-post-thumbnail","hentry","category-allgemein","tag-big-data","tag-cloud-computing","tag-digitalisierung"],"_links":{"self":[{"href":"https:\/\/blog.wiwo.de\/look-at-it\/wp-json\/wp\/v2\/posts\/51396","targetHints":{"allow":["GET"]}}],"collection":[{"href":"https:\/\/blog.wiwo.de\/look-at-it\/wp-json\/wp\/v2\/posts"}],"about":[{"href":"https:\/\/blog.wiwo.de\/look-at-it\/wp-json\/wp\/v2\/types\/post"}],"author":[{"embeddable":true,"href":"https:\/\/blog.wiwo.de\/look-at-it\/wp-json\/wp\/v2\/users\/16"}],"replies":[{"embeddable":true,"href":"https:\/\/blog.wiwo.de\/look-at-it\/wp-json\/wp\/v2\/comments?post=51396"}],"version-history":[{"count":10,"href":"https:\/\/blog.wiwo.de\/look-at-it\/wp-json\/wp\/v2\/posts\/51396\/revisions"}],"predecessor-version":[{"id":51429,"href":"https:\/\/blog.wiwo.de\/look-at-it\/wp-json\/wp\/v2\/posts\/51396\/revisions\/51429"}],"wp:featuredmedia":[{"embeddable":true,"href":"https:\/\/blog.wiwo.de\/look-at-it\/wp-json\/wp\/v2\/media\/51403"}],"wp:attachment":[{"href":"https:\/\/blog.wiwo.de\/look-at-it\/wp-json\/wp\/v2\/media?parent=51396"}],"wp:term":[{"taxonomy":"category","embeddable":true,"href":"https:\/\/blog.wiwo.de\/look-at-it\/wp-json\/wp\/v2\/categories?post=51396"},{"taxonomy":"post_tag","embeddable":true,"href":"https:\/\/blog.wiwo.de\/look-at-it\/wp-json\/wp\/v2\/tags?post=51396"}],"curies":[{"name":"wp","href":"https:\/\/api.w.org\/{rel}","templated":true}]}}