{"id":50923,"date":"2021-08-05T07:30:47","date_gmt":"2021-08-05T05:30:47","guid":{"rendered":"https:\/\/blog.wiwo.de\/look-at-it\/?p=50923"},"modified":"2021-08-04T14:31:27","modified_gmt":"2021-08-04T12:31:27","slug":"nur-die-haelfte-der-deutschen-unternehmen-schoepft-das-volle-potenzial-ihrer-daten-aus","status":"publish","type":"post","link":"https:\/\/blog.wiwo.de\/look-at-it\/2021\/08\/05\/nur-die-haelfte-der-deutschen-unternehmen-schoepft-das-volle-potenzial-ihrer-daten-aus\/","title":{"rendered":"Nur die H\u00e4lfte der deutschen Unternehmen sch\u00f6pft das volle Potenzial ihrer Daten aus"},"content":{"rendered":"<p><strong>Nur ein Drittel der Manager wei\u00df, wie viele Daten das eigene Unternehmen sammelt &#8211; und nur 40 Prozent, welche Art von Daten erfasst werden.<\/strong><\/p>\n<p>Unternehmen wissen zwar ganz genau, welche Bereiche ihres Gesch\u00e4fts sie mithilfe ihrer Daten optimieren wollen, allerdings fehlt den meisten der daf\u00fcr ben\u00f6tigte \u00dcberblick \u00fcber ihren gesamten Datenbestand.<\/p>\n<p>Allerdings wei\u00df nur ein knappes Drittel der F\u00fchrungskr\u00e4fte in deutschen Unternehmen, wie viele Daten ihre Firma sammelt (32 Prozent), w\u00e4hrend lediglich zwei von f\u00fcnf bewusst ist, welche Art Daten sie erfassen (40 Prozent). Das ist der zentrale Befund einer Studie des Daten-Management-Anbieters Aparavi unter\u00a0deutschen Gesch\u00e4ftsf\u00fchrern, Managern und IT-Entscheidern. &#8222;Kroker&#8217;s Look @ IT&#8220; pr\u00e4sentiert die Ergebnisse heute exklusiv vorab.<\/p>\n<p><img loading=\"lazy\" decoding=\"async\" class=\"aligncenter size-full wp-image-50966\" style=\"border: 0px\" src=\"https:\/\/blog.wiwo.de\/look-at-it\/files\/2021\/08\/Datenproduktivitaet1.jpg\" alt=\"\" width=\"600\" height=\"324\" srcset=\"https:\/\/blog.wiwo.de\/look-at-it\/files\/2021\/08\/Datenproduktivitaet1.jpg 600w, https:\/\/blog.wiwo.de\/look-at-it\/files\/2021\/08\/Datenproduktivitaet1-300x162.jpg 300w, https:\/\/blog.wiwo.de\/look-at-it\/files\/2021\/08\/Datenproduktivitaet1-500x270.jpg 500w\" sizes=\"auto, (max-width: 600px) 100vw, 600px\" \/><\/p>\n<p>So erkl\u00e4rte lediglich jeder f\u00fcnfte Studienteilnehmer, dass sein Unternehmen aktiv mit allen vorhanden Daten arbeiten (20 Prozent), w\u00e4hrend ein weiteres Drittel (34 Prozent) angab, sich immerhin fast alle Daten zunutze zu machen.<\/p>\n<p>Im Ergebnis bedeutet dies allerdings, dass nur etwas mehr als die H\u00e4lfte der deutschen Unternehmen nahezu das volle Potenzial ihrer Daten aussch\u00f6pft. Bei den anderen sind Daten zwar auch in gro\u00dfen Mengen vorhanden, aber sie sind nicht in der Lage, sie im ben\u00f6tigten Ausma\u00df zu verwenden. Diese Datenproduktivit\u00e4tsl\u00fccke gef\u00e4hrdet das Erreichen der Unternehmensziele und damit den nachhaltigen Erfolg.<\/p>\n<p>Die Gr\u00fcnde hierf\u00fcr sind vielf\u00e4ltig: unter den Befragten, die nicht mal einen ungef\u00e4hren \u00dcberblick \u00fcber die in ihren Unternehmen vorliegenden Daten haben, sieht dies fast jeder Zweite nicht als seine Aufgabe an (46 Prozent). Ein weiteres Viertel r\u00e4umt dieser Aufgabe keine Priorit\u00e4t ein (25 Prozent).<\/p>\n<p>Dar\u00fcber hinaus gab auch ein F\u00fcnftel aller Befragten jeweils an, dass es ihnen zu zeitaufwendig ist oder sie schlicht nicht wissen, wie sie sich eine \u00dcbersicht verschaffen sollen (19 Prozent).<\/p>\n<p>Unter den Studienteilnehmern, die laut eigener Aussage bislang nur die H\u00e4lfte oder weniger ihrer Daten nutzen, m\u00f6chten zwar knapp zwei Drittel in Zukunft ihre Unternehmensdaten aktiver verwenden (63 Prozent). Dennoch sehen 43 Prozent dabei ein konkretes Problem: Zeitmangel.<\/p>\n<p>Aufgrund der t\u00e4glich weiter anwachsenden Datenmengen wird es f\u00fcr Unternehmen immer schwieriger, alle f\u00fcr eine Entscheidung wichtigen Daten schnell bereitzustellen. Auch die scheinbar hohen Kosten f\u00fcr entsprechende L\u00f6sungen sehen 14 Prozent als einen Grund, der sie weiterhin daran hindert, aus ihren Daten st\u00e4rker Mehrwerte zu generieren.<\/p>\n<p>Dabei haben die befragten F\u00fchrungskr\u00e4fte konkrete Vorstellungen, wof\u00fcr sie die von ihrem Unternehmen gesammelten Daten einsetzen wollen w\u00fcrden: Die meistgenannte Antwort war die Optimierung von Betriebsabl\u00e4ufen (51 Prozent) &#8211; in gro\u00dfen Unternehmen stimmten sogar zwei Drittel dem zu (67 Prozent) &#8211; gefolgt von der Kostenoptimierung (41 Prozent) und der Personalisierung von Angeboten und Dienstleistungen (33 Prozent) sowie der Datenaustausch mit Gesch\u00e4ftspartnern (30 Prozent).<\/p>\n<p>Weitere Zahlen &amp; Fakten zur Datenproduktivit\u00e4tsl\u00fccke in deutschen Unternehmen in der folgenden Infografik &#8211; zum Vergr\u00f6\u00dfern zwei Mal anklicken:<\/p>\n<p><a href=\"https:\/\/blog.wiwo.de\/look-at-it\/files\/2021\/08\/DatenproduktivitaetIG.jpg\"><img decoding=\"async\" class=\"aligncenter wp-image-50961 size-full\" style=\"border: 0px\" src=\"https:\/\/blog.wiwo.de\/look-at-it\/files\/2021\/08\/DatenproduktivitaetIG.jpg\" alt=\"\" \/><\/a><\/p>\n<p style=\"text-align: center\">Quelle: Aparavi<\/p>\n<p><strong>Verwandte Artikel:<\/strong><\/p>\n<p><a href=\"https:\/\/blog.wiwo.de\/look-at-it\/2021\/04\/29\/nur-jeder-zweite-mitarbeiter-sieht-potenzial-durch-data-analytics-und-nur-jeder-dritte-manager\/\" target=\"_blank\" rel=\"noopener\">Nur jeder 2. Mitarbeiter sieht Potenzial durch Data Analytics &#8211; &amp; nur jeder 3. Manager<\/a><\/p>\n<p><a href=\"https:\/\/blog.wiwo.de\/look-at-it\/2021\/04\/15\/sechs-von-zehn-daten-backups-in-unternehmen-schlagen-fehl-und-behindern-so-digitalisierung\/\" target=\"_blank\" rel=\"noopener\">Sechs von zehn Daten-Backups in Unternehmen schlagen fehl<\/a><\/p>\n<p><a href=\"https:\/\/blog.wiwo.de\/look-at-it\/2020\/10\/21\/70-prozent-der-daten-die-deutschen-firmen-zur-verfuegung-stehen-werden-nicht-genutzt\/\" target=\"_blank\" rel=\"noopener\">70 Prozent der Daten, die Firmen zur Verf\u00fcgung stehen, werden nicht genutzt<\/a><\/p>\n<p><a href=\"https:\/\/blog.wiwo.de\/look-at-it\/2020\/09\/10\/die-big-data-revolution-von-3-exabytes-speicher-im-jahr-1986-auf-1700-exabytes-2019\/\" target=\"_blank\" rel=\"noopener noreferrer\">Die Big-Data-Revolution: Von 3 Exabytes Speicher 1986 auf 1700 Exabytes 2019<\/a><\/p>\n","protected":false},"excerpt":{"rendered":"<p>Nur ein Drittel der Manager wei\u00df, wie viele Daten das eigene Unternehmen sammelt &#8211; und nur 40 Prozent, welche Art von Daten erfasst werden. Unternehmen wissen zwar ganz genau, welche Bereiche ihres Gesch\u00e4fts sie mithilfe ihrer Daten optimieren wollen, allerdings &hellip; <a href=\"https:\/\/blog.wiwo.de\/look-at-it\/2021\/08\/05\/nur-die-haelfte-der-deutschen-unternehmen-schoepft-das-volle-potenzial-ihrer-daten-aus\/\">Weiterlesen <span class=\"meta-nav\">&rarr;<\/span><\/a><\/p>\n","protected":false},"author":16,"featured_media":50966,"comment_status":"open","ping_status":"open","sticky":false,"template":"","format":"standard","meta":{"footnotes":""},"categories":[1],"tags":[210,265],"class_list":["post-50923","post","type-post","status-publish","format-standard","has-post-thumbnail","hentry","category-allgemein","tag-big-data","tag-digitalisierung"],"_links":{"self":[{"href":"https:\/\/blog.wiwo.de\/look-at-it\/wp-json\/wp\/v2\/posts\/50923","targetHints":{"allow":["GET"]}}],"collection":[{"href":"https:\/\/blog.wiwo.de\/look-at-it\/wp-json\/wp\/v2\/posts"}],"about":[{"href":"https:\/\/blog.wiwo.de\/look-at-it\/wp-json\/wp\/v2\/types\/post"}],"author":[{"embeddable":true,"href":"https:\/\/blog.wiwo.de\/look-at-it\/wp-json\/wp\/v2\/users\/16"}],"replies":[{"embeddable":true,"href":"https:\/\/blog.wiwo.de\/look-at-it\/wp-json\/wp\/v2\/comments?post=50923"}],"version-history":[{"count":7,"href":"https:\/\/blog.wiwo.de\/look-at-it\/wp-json\/wp\/v2\/posts\/50923\/revisions"}],"predecessor-version":[{"id":50968,"href":"https:\/\/blog.wiwo.de\/look-at-it\/wp-json\/wp\/v2\/posts\/50923\/revisions\/50968"}],"wp:featuredmedia":[{"embeddable":true,"href":"https:\/\/blog.wiwo.de\/look-at-it\/wp-json\/wp\/v2\/media\/50966"}],"wp:attachment":[{"href":"https:\/\/blog.wiwo.de\/look-at-it\/wp-json\/wp\/v2\/media?parent=50923"}],"wp:term":[{"taxonomy":"category","embeddable":true,"href":"https:\/\/blog.wiwo.de\/look-at-it\/wp-json\/wp\/v2\/categories?post=50923"},{"taxonomy":"post_tag","embeddable":true,"href":"https:\/\/blog.wiwo.de\/look-at-it\/wp-json\/wp\/v2\/tags?post=50923"}],"curies":[{"name":"wp","href":"https:\/\/api.w.org\/{rel}","templated":true}]}}