{"id":50110,"date":"2021-04-19T07:30:36","date_gmt":"2021-04-19T05:30:36","guid":{"rendered":"https:\/\/blog.wiwo.de\/look-at-it\/?p=50110"},"modified":"2021-04-01T14:26:53","modified_gmt":"2021-04-01T12:26:53","slug":"mehr-als-jeder-zweite-internet-nutzer-hat-2020-ueber-einen-social-media-dienst-eingekauft","status":"publish","type":"post","link":"https:\/\/blog.wiwo.de\/look-at-it\/2021\/04\/19\/mehr-als-jeder-zweite-internet-nutzer-hat-2020-ueber-einen-social-media-dienst-eingekauft\/","title":{"rendered":"Mehr als jeder zweite Internet-Nutzer hat 2020 \u00fcber einen Social-Media-Dienst eingekauft"},"content":{"rendered":"<p><strong>E-Commerce goes Social Media: Bereits jeder dritte Nutzer hat im vergangenen Jahr \u00fcber eine Werbeanzeige in sozialen Netzwerken ein Produkt erworben.<\/strong><\/p>\n<p>Wirklich neu ist das Thema Social Commerce zugegebenerma\u00dfen nicht: Seit einigen Jahren sind verschiedene Social-Media-Dienste vorgeprescht und haben etwa Kauf-Buttons und teils eigene Bezahlsysteme eingef\u00fchrt.<\/p>\n<p>Das weltgr\u00f6\u00dfte soziale Netzwerk Facebook etwa hat bereits im Jahr 2016 einen eigenen Marketplace gestartet. In Deutschland ist Facebook Marketplace seit Ende 2017 aktiv. Der Dienst funktioniert wie\u00a0eine Mischung aus Ebay-Kleinanzeigen und einem Nachbarschafts-Flohmarkt.<\/p>\n<p><img loading=\"lazy\" decoding=\"async\" class=\"aligncenter size-full wp-image-50166\" style=\"border: 0px\" src=\"https:\/\/blog.wiwo.de\/look-at-it\/files\/2021\/03\/SocialCommerce1.jpg\" alt=\"\" width=\"600\" height=\"320\" srcset=\"https:\/\/blog.wiwo.de\/look-at-it\/files\/2021\/03\/SocialCommerce1.jpg 600w, https:\/\/blog.wiwo.de\/look-at-it\/files\/2021\/03\/SocialCommerce1-300x160.jpg 300w, https:\/\/blog.wiwo.de\/look-at-it\/files\/2021\/03\/SocialCommerce1-500x267.jpg 500w\" sizes=\"auto, (max-width: 600px) 100vw, 600px\" \/><\/p>\n<p>Seinen Charme erf\u00e4hrt das System dadurch, dass Nutzern vor allem Ware aus der unmittelbaren Umgebung angezeigt wird &#8211; und dass zudem eine Art sozialer Verst\u00e4rker etwa durch &#8222;Likes&#8220; von Freunden und Bekannten besteht. Dadurch steigt die Wahrscheinlichkeit, dass man f\u00fcr sich relevante Angebote tats\u00e4chlich auch sieht.<\/p>\n<p>Das zeigt sich nicht zuletzt auch daran, wie sehr Social Commerce zuletzt zugelegt hat. So hat im vergangenen Jahr immerhin bereits mehr als jeder zweite Internet-Nutzer einen Kauf \u00fcber ein Social-Media-Dienst get\u00e4tigt (55 Prozent).<\/p>\n<p>Das auf Social-Media-Marketing spezialisierte Startup Squarelovin aus Hamburg hat die wichtigsten Zahlen &amp; Fakten rund um Social Commerce zusammengetragen. Sie geben gute Insights, die Marketer \u00fcber den neuen E-Commerce-Trend wissen sollten.<\/p>\n<p>Einige interessante Fakten:<\/p>\n<ul>\n<li>24 Prozent der Verbraucher entdecken Marken durch Empfehlungen in sozialen Netzwerken<\/li>\n<li>60 Prozent der Instagram-User sagen, dass sie aktiv nach neuen Produkten auf der Plattform suchen<\/li>\n<li>55 Prozent haben 2020 einen Kauf \u00fcber einen Social-Media-Kanal get\u00e4tigt<\/li>\n<li>31 Prozent kauften 2020 direkt \u00fcber eine Werbeanzeige in sozialen Netzwerken ein Produkt<\/li>\n<li>Doch auch 62 Prozent der Social Shopper haben Bedenken bez\u00fcglich ihrer Privatsph\u00e4re<\/li>\n<\/ul>\n<p>Weitere Zahlen &amp; Fakten in der folgenden Infografik \u2013 zum Vergr\u00f6\u00dfern zwei Mal anklicken:<\/p>\n<p><a href=\"https:\/\/blog.wiwo.de\/look-at-it\/files\/2021\/03\/SocialCommerceIG.jpg\"><img decoding=\"async\" class=\"aligncenter style=\" style=\"border: 0px\" src=\"https:\/\/blog.wiwo.de\/look-at-it\/files\/2021\/03\/SocialCommerceIG.jpg\" alt=\"\" \/><\/a><\/p>\n<p style=\"text-align: center\">Quelle: Squarelovin<\/p>\n<p><strong>Verwandte Artikel:<\/strong><\/p>\n<p><a href=\"https:\/\/blog.wiwo.de\/look-at-it\/2021\/04\/07\/fast-die-haelfte-der-beschaeftigten-befuerchtet-dass-stationaere-handelsumsaetze-zu-online-abwandern\/\" target=\"_blank\" rel=\"noopener\">H\u00e4lfte der Mitarbeiter f\u00fcrchtet, dass station\u00e4re Handelsums\u00e4tze zu online abwandern<\/a><\/p>\n<p><a href=\"https:\/\/blog.wiwo.de\/look-at-it\/2021\/02\/02\/e-commerce-in-deutschland-83-milliarden-euro-umsatz-2020-plus-15-prozent-gegenueber-2019\/\" target=\"_blank\" rel=\"noopener\">E-Commerce in D: 83 Milliarden Euro Umsatz 2020 \u2013 plus 15% gegen\u00fcber 2019<\/a><\/p>\n<p><a href=\"https:\/\/blog.wiwo.de\/look-at-it\/2020\/11\/26\/einzelhandel-e-commerce-die-20-wichtigsten-fakten-zu-black-friday-2020\/\" target=\"_blank\" rel=\"noopener noreferrer\">Einzelhandel &amp; E-Commerce: Die 20 wichtigsten Fakten zu Black Friday 2020<\/a><\/p>\n<p><a href=\"https:\/\/blog.wiwo.de\/look-at-it\/2020\/09\/09\/40-prozent-der-deutschen-haben-wegen-corona-mehr-online-gekauft-ein-viertel-auch-in-zukunft\/\" target=\"_blank\" rel=\"noopener noreferrer\">40 Prozent haben wegen Corona mehr online gekauft \u2013 ein Viertel auch in Zukunft<\/a><\/p>\n","protected":false},"excerpt":{"rendered":"<p>E-Commerce goes Social Media: Bereits jeder dritte Nutzer hat im vergangenen Jahr \u00fcber eine Werbeanzeige in sozialen Netzwerken ein Produkt erworben. Wirklich neu ist das Thema Social Commerce zugegebenerma\u00dfen nicht: Seit einigen Jahren sind verschiedene Social-Media-Dienste vorgeprescht und haben etwa &hellip; <a href=\"https:\/\/blog.wiwo.de\/look-at-it\/2021\/04\/19\/mehr-als-jeder-zweite-internet-nutzer-hat-2020-ueber-einen-social-media-dienst-eingekauft\/\">Weiterlesen <span class=\"meta-nav\">&rarr;<\/span><\/a><\/p>\n","protected":false},"author":16,"featured_media":50166,"comment_status":"open","ping_status":"open","sticky":false,"template":"","format":"standard","meta":{"footnotes":""},"categories":[1],"tags":[242,23,90,40,96],"class_list":["post-50110","post","type-post","status-publish","format-standard","has-post-thumbnail","hentry","category-allgemein","tag-e-commerce","tag-facebook","tag-instagram","tag-internet","tag-social-media"],"_links":{"self":[{"href":"https:\/\/blog.wiwo.de\/look-at-it\/wp-json\/wp\/v2\/posts\/50110","targetHints":{"allow":["GET"]}}],"collection":[{"href":"https:\/\/blog.wiwo.de\/look-at-it\/wp-json\/wp\/v2\/posts"}],"about":[{"href":"https:\/\/blog.wiwo.de\/look-at-it\/wp-json\/wp\/v2\/types\/post"}],"author":[{"embeddable":true,"href":"https:\/\/blog.wiwo.de\/look-at-it\/wp-json\/wp\/v2\/users\/16"}],"replies":[{"embeddable":true,"href":"https:\/\/blog.wiwo.de\/look-at-it\/wp-json\/wp\/v2\/comments?post=50110"}],"version-history":[{"count":10,"href":"https:\/\/blog.wiwo.de\/look-at-it\/wp-json\/wp\/v2\/posts\/50110\/revisions"}],"predecessor-version":[{"id":50204,"href":"https:\/\/blog.wiwo.de\/look-at-it\/wp-json\/wp\/v2\/posts\/50110\/revisions\/50204"}],"wp:featuredmedia":[{"embeddable":true,"href":"https:\/\/blog.wiwo.de\/look-at-it\/wp-json\/wp\/v2\/media\/50166"}],"wp:attachment":[{"href":"https:\/\/blog.wiwo.de\/look-at-it\/wp-json\/wp\/v2\/media?parent=50110"}],"wp:term":[{"taxonomy":"category","embeddable":true,"href":"https:\/\/blog.wiwo.de\/look-at-it\/wp-json\/wp\/v2\/categories?post=50110"},{"taxonomy":"post_tag","embeddable":true,"href":"https:\/\/blog.wiwo.de\/look-at-it\/wp-json\/wp\/v2\/tags?post=50110"}],"curies":[{"name":"wp","href":"https:\/\/api.w.org\/{rel}","templated":true}]}}