{"id":49170,"date":"2021-06-01T07:30:12","date_gmt":"2021-06-01T05:30:12","guid":{"rendered":"https:\/\/blog.wiwo.de\/look-at-it\/?p=49170"},"modified":"2021-05-28T09:02:34","modified_gmt":"2021-05-28T07:02:34","slug":"die-10-wichtigsten-trends-rund-um-facebook-im-jahr-2021","status":"publish","type":"post","link":"https:\/\/blog.wiwo.de\/look-at-it\/2021\/06\/01\/die-10-wichtigsten-trends-rund-um-facebook-im-jahr-2021\/","title":{"rendered":"Die 10 wichtigsten Trends rund um Facebook im Jahr 2021"},"content":{"rendered":"<p><strong>Ob Streaming-Videos, virtuelle &amp; gemischte Realit\u00e4t oder Social Commerce &#8211; das weltgr\u00f6\u00dfte soziale Netzwerk profitiert von diversen aktuellen Trendthemen.<\/strong><\/p>\n<p>Auch wenn einstige <a href=\"https:\/\/blog.wiwo.de\/look-at-it\/2021\/04\/28\/wie-sehr-die-facebook-dominanz-quer-durch-alle-altersgruppen-seit-2015-gesunken-ist\/\" target=\"_blank\" rel=\"noopener\">Facebook-Dominanz quer durch die verschiedenen Altersgruppen seit 2015 gesunken ist<\/a>: In absoluten Zahlen bleibt die Zuckerberg-Company das weltgr\u00f6\u00dfte soziale Netzwerk &#8211; <a href=\"https:\/\/blog.wiwo.de\/look-at-it\/2021\/02\/16\/von-wegen-facebook-muedigkeit-das-wachstum-des-sozialen-netzwerks-seit-2004-in-einem-chart\/\" target=\"_blank\" rel=\"noopener\">mit einem seit 2004 intakten Wachstumspfad<\/a>.<\/p>\n<p><img loading=\"lazy\" decoding=\"async\" class=\"aligncenter size-full wp-image-50529\" style=\"border: 0px\" src=\"https:\/\/blog.wiwo.de\/look-at-it\/files\/2021\/05\/FacebookTrends21_1.jpg\" alt=\"\" width=\"600\" height=\"324\" srcset=\"https:\/\/blog.wiwo.de\/look-at-it\/files\/2021\/05\/FacebookTrends21_1.jpg 600w, https:\/\/blog.wiwo.de\/look-at-it\/files\/2021\/05\/FacebookTrends21_1-300x162.jpg 300w, https:\/\/blog.wiwo.de\/look-at-it\/files\/2021\/05\/FacebookTrends21_1-500x270.jpg 500w\" sizes=\"auto, (max-width: 600px) 100vw, 600px\" \/><\/p>\n<p>Aus diesem Grund kommen Unternehmen, Marken und Selbstst\u00e4ndige nicht um eine Besch\u00e4ftigung mit dem Social-Media-Riesen herum. Daher ist es sinnvoll, sich noch einmal die wichtigsten Trends rund um Facebook Stand 2021 zu vergegenw\u00e4rtigen<\/p>\n<p>Zum Beispiel Facebook Live: Schon im vergangenen Jahr boomte das Videostreaming in dem sozialen Netzwerk, unter anderem befeuert durch die ersten Lockdowns: So wuchs Facebook Live <a href=\"https:\/\/www.socialbakers.com\/blog\/social-media-trends-report-q2-2020\" target=\"_blank\" rel=\"noopener\">laut Marktforscher Socialbakers allein im zweiten Quartal 2020 im Jahresvergleich um fast 27 Prozent<\/a> &#8211; ein Trend, der sich 2021 eher noch beschleunigt haben d\u00fcrfte.<\/p>\n<p>Oder das \u00d6kosystem rund um gemischte und virtuelle Realit\u00e4t (augmented &amp; virtual reality, AR &amp; VR): Die Facebook-Entwicklungsplattform Spark AR Studio wird heute schon von einer halben Million Kreatoren genutzt, die <a href=\"https:\/\/sparkar.facebook.com\/blog\/extending-spark-ar-ecosystem\/\" target=\"_blank\" rel=\"noopener\">mehr als 1,2 Millionen AR-Effekte auf Facebook und Instagram ver\u00f6ffentlicht haben<\/a>.<\/p>\n<p>Da der VR- und AR-Markt insgesamt boomt und <a href=\"https:\/\/www.oberlo.com\/blog\/virtual-reality-statistics#1_Augmented_Reality_AR_and_Virtual_Reality_VR_Market_Size\" target=\"_blank\" rel=\"noopener\">allein im letzten Jahr auf fast 20 Milliarden Dollar anwuchs<\/a>, k\u00f6nnte gemischte und virtuelle Realit\u00e4t eines der Top-Themen f\u00fcr Facebook im Jahr 2021 werden.<\/p>\n<p>Ein weiteres Mega-Thema, von dem Facebook in besonderem Ma\u00dfe profitiert, ist Social Commerce: Schon im vergangenen Jahr hat <a href=\"https:\/\/blog.wiwo.de\/look-at-it\/2021\/04\/19\/mehr-als-jeder-zweite-internet-nutzer-hat-2020-ueber-einen-social-media-dienst-eingekauft\/\" target=\"_blank\" rel=\"noopener\">jeder zweite Internet-Nutzer \u00fcber einen Social-Media-Dienst eingekauft<\/a> &#8211; davon sollte Facebook mit seinen derzeit gut 2,8 Milliarden Nutzern in besonderem Ma\u00dfe profitieren.<\/p>\n<p>Weitere wichtige Trends rund um Facebook im Jahr 2021 in der folgenden Infografik:<\/p>\n<p><img decoding=\"async\" class=\"aligncenter\" style=\"border: 0px\" src=\"https:\/\/www.oberlo.com\/media\/1605200893-infographic-37.jpg\" alt=\"\" \/><\/p>\n<p style=\"text-align: center\">Quelle: <a href=\"https:\/\/www.oberlo.com\/blog\/facebook-trends\" target=\"_blank\" rel=\"noopener\">Oberlo<\/a><\/p>\n<p><strong>Verwandte Artikel:<\/strong><\/p>\n<p><a href=\"https:\/\/blog.wiwo.de\/look-at-it\/2021\/04\/28\/wie-sehr-die-facebook-dominanz-quer-durch-alle-altersgruppen-seit-2015-gesunken-ist\/\" target=\"_blank\" rel=\"noopener\">Wie die Facebook-Dominanz quer durch alle Altersgruppen seit 2015 gesunken ist<\/a><\/p>\n<p><a href=\"https:\/\/blog.wiwo.de\/look-at-it\/2021\/02\/16\/von-wegen-facebook-muedigkeit-das-wachstum-des-sozialen-netzwerks-seit-2004-in-einem-chart\/\" target=\"_blank\" rel=\"noopener\">Von wegen Facebook-M\u00fcdigkeit: Das Wachstum seit 2004 in einem Chart<\/a><\/p>\n<p><a href=\"https:\/\/blog.wiwo.de\/look-at-it\/2021\/01\/28\/corona-beschleunigt-social-media-wachstum-42-milliarden-user-plus-13-millionen-am-tag\/\" target=\"_blank\" rel=\"noopener noreferrer\">Corona beschleunigt Social-Media-Wachstum: 4,2 Milliarden User, +1,3 Mio am Tag<\/a><\/p>\n<p><a href=\"https:\/\/blog.wiwo.de\/look-at-it\/2020\/12\/21\/facebook-whatsapp-messenger-instagram-zusammen-32-milliarden-nutzer-im-monat\/\" target=\"_blank\" rel=\"noopener noreferrer\">Facebook, WhatsApp, Messenger &amp; Instagram \u2013 3,2 Milliarden Nutzer im Monat<\/a><\/p>\n","protected":false},"excerpt":{"rendered":"<p>Ob Streaming-Videos, virtuelle &amp; gemischte Realit\u00e4t oder Social Commerce &#8211; das weltgr\u00f6\u00dfte soziale Netzwerk profitiert von diversen aktuellen Trendthemen. Auch wenn einstige Facebook-Dominanz quer durch die verschiedenen Altersgruppen seit 2015 gesunken ist: In absoluten Zahlen bleibt die Zuckerberg-Company das weltgr\u00f6\u00dfte &hellip; <a href=\"https:\/\/blog.wiwo.de\/look-at-it\/2021\/06\/01\/die-10-wichtigsten-trends-rund-um-facebook-im-jahr-2021\/\">Weiterlesen <span class=\"meta-nav\">&rarr;<\/span><\/a><\/p>\n","protected":false},"author":16,"featured_media":50529,"comment_status":"open","ping_status":"open","sticky":false,"template":"","format":"standard","meta":{"footnotes":""},"categories":[1],"tags":[23,96,254],"class_list":["post-49170","post","type-post","status-publish","format-standard","has-post-thumbnail","hentry","category-allgemein","tag-facebook","tag-social-media","tag-tipps-tricks"],"_links":{"self":[{"href":"https:\/\/blog.wiwo.de\/look-at-it\/wp-json\/wp\/v2\/posts\/49170","targetHints":{"allow":["GET"]}}],"collection":[{"href":"https:\/\/blog.wiwo.de\/look-at-it\/wp-json\/wp\/v2\/posts"}],"about":[{"href":"https:\/\/blog.wiwo.de\/look-at-it\/wp-json\/wp\/v2\/types\/post"}],"author":[{"embeddable":true,"href":"https:\/\/blog.wiwo.de\/look-at-it\/wp-json\/wp\/v2\/users\/16"}],"replies":[{"embeddable":true,"href":"https:\/\/blog.wiwo.de\/look-at-it\/wp-json\/wp\/v2\/comments?post=49170"}],"version-history":[{"count":14,"href":"https:\/\/blog.wiwo.de\/look-at-it\/wp-json\/wp\/v2\/posts\/49170\/revisions"}],"predecessor-version":[{"id":50546,"href":"https:\/\/blog.wiwo.de\/look-at-it\/wp-json\/wp\/v2\/posts\/49170\/revisions\/50546"}],"wp:featuredmedia":[{"embeddable":true,"href":"https:\/\/blog.wiwo.de\/look-at-it\/wp-json\/wp\/v2\/media\/50529"}],"wp:attachment":[{"href":"https:\/\/blog.wiwo.de\/look-at-it\/wp-json\/wp\/v2\/media?parent=49170"}],"wp:term":[{"taxonomy":"category","embeddable":true,"href":"https:\/\/blog.wiwo.de\/look-at-it\/wp-json\/wp\/v2\/categories?post=49170"},{"taxonomy":"post_tag","embeddable":true,"href":"https:\/\/blog.wiwo.de\/look-at-it\/wp-json\/wp\/v2\/tags?post=49170"}],"curies":[{"name":"wp","href":"https:\/\/api.w.org\/{rel}","templated":true}]}}