{"id":48298,"date":"2020-07-23T07:30:37","date_gmt":"2020-07-23T05:30:37","guid":{"rendered":"https:\/\/blog.wiwo.de\/look-at-it\/?p=48298"},"modified":"2020-07-22T15:19:08","modified_gmt":"2020-07-22T13:19:08","slug":"erstmals-mehr-als-die-haelfte-der-weltbevoelkerung-auf-social-media-aktiv-4-milliarden-nutzer","status":"publish","type":"post","link":"https:\/\/blog.wiwo.de\/look-at-it\/2020\/07\/23\/erstmals-mehr-als-die-haelfte-der-weltbevoelkerung-auf-social-media-aktiv-4-milliarden-nutzer\/","title":{"rendered":"Erstmals mehr als die H\u00e4lfte der Weltbev\u00f6lkerung auf Social Media aktiv &#8211; 4 Milliarden Nutzer"},"content":{"rendered":"<p><strong>Im Jahresvergleich zieht die Nutzung von sozialen Netzwerken sogar noch einmal leicht an &#8211; getrieben unter anderen von der Corona-Pandemie.\u00a0<\/strong><\/p>\n<p>Ob TikTok, Instagram, Twitter oder Facebook &#8211; fast vier Milliarden Menschen tummeln sich inzwischen in den sozialen Netzwerken. Mit einer Penetrationsrate von 51 Prozent ist damit erstmals mehr als die H\u00e4lfte der Weltbev\u00f6lkerung auf Social Media aktiv.<\/p>\n<p>Das zeigen die Ergebnisse des \u201eDigital 2020\u201c Jahresberichts aus dem dritten Quartal, den die internationale Digital-Agentur \u201cWe are Social\u201d mit Hauptsitz in London und der kanadische Software-Anbieter Hootsuite <a href=\"https:\/\/hootsuite.com\/resources\/digital2020-q3-update\" target=\"_blank\" rel=\"noopener noreferrer\">gestern gemeinsam ver\u00f6ffentlicht haben<\/a> (Grafiken zum Vergr\u00f6\u00dfern jeweils anklicken):<\/p>\n<p><a href=\"https:\/\/blog.wiwo.de\/look-at-it\/files\/2020\/07\/Hootsuite20_1g.jpg\"><img loading=\"lazy\" decoding=\"async\" class=\"aligncenter wp-image-48308 size-full\" style=\"border: 0px\" src=\"https:\/\/blog.wiwo.de\/look-at-it\/files\/2020\/07\/Hootsuite20_1g.jpg\" alt=\"\" width=\"1024\" height=\"575\" srcset=\"https:\/\/blog.wiwo.de\/look-at-it\/files\/2020\/07\/Hootsuite20_1g.jpg 1024w, https:\/\/blog.wiwo.de\/look-at-it\/files\/2020\/07\/Hootsuite20_1g-300x168.jpg 300w, https:\/\/blog.wiwo.de\/look-at-it\/files\/2020\/07\/Hootsuite20_1g-768x431.jpg 768w, https:\/\/blog.wiwo.de\/look-at-it\/files\/2020\/07\/Hootsuite20_1g-500x281.jpg 500w\" sizes=\"auto, (max-width: 1024px) 100vw, 1024px\" \/><\/a><\/p>\n<p style=\"text-align: center\">Quelle: WeAreSocial\/Hootsuite<\/p>\n<p>Die Nutzungszahlen der sozialen Netzwerke sind in den letzten zw\u00f6lf Monaten um mehr als zehn Prozent gestiegen, wobei im Vergleich zum letzten Jahr im Durchschnitt mehr als eine Million Menschen zum ersten Mal t\u00e4glich die sozialen Netzwerke besuchen.<\/p>\n<p>Die mehr als 376 Millionen neuen User seit Juni 2019 &#8211; das entspricht rund 12 neuen Nutzern pro Sekunde &#8211; deuten darauf hin, dass die Nutzerzahlen mittlerweile noch schneller wachsen als noch zu Beginn des Jahres &#8211; siehe <a href=\"https:\/\/blog.wiwo.de\/look-at-it\/2020\/01\/31\/38-milliarden-social-media-nutzer-weltweit-knapp-die-haelfte-der-weltbevoelkerung\/\">meinen entsprechenden Beitrag von Januar 2020, als Social um 320 Millionen in einem Jahr zulegte<\/a>.<\/p>\n<p><a href=\"https:\/\/blog.wiwo.de\/look-at-it\/files\/2020\/07\/Hootsuite20_2g.jpg\"><img loading=\"lazy\" decoding=\"async\" class=\"aligncenter wp-image-48309 size-full\" style=\"border: 0px\" src=\"https:\/\/blog.wiwo.de\/look-at-it\/files\/2020\/07\/Hootsuite20_2g.jpg\" alt=\"\" width=\"1024\" height=\"575\" srcset=\"https:\/\/blog.wiwo.de\/look-at-it\/files\/2020\/07\/Hootsuite20_2g.jpg 1024w, https:\/\/blog.wiwo.de\/look-at-it\/files\/2020\/07\/Hootsuite20_2g-300x168.jpg 300w, https:\/\/blog.wiwo.de\/look-at-it\/files\/2020\/07\/Hootsuite20_2g-768x431.jpg 768w, https:\/\/blog.wiwo.de\/look-at-it\/files\/2020\/07\/Hootsuite20_2g-500x281.jpg 500w\" sizes=\"auto, (max-width: 1024px) 100vw, 1024px\" \/><\/a><\/p>\n<p style=\"text-align: center\">Quelle: WeAreSocial\/Hootsuite<\/p>\n<p>Haupttreiber der starken Nutzung von sozialen Netzwerken d\u00fcrfte unter anderem die Corona-Pandemie im Fr\u00fchjahr in Verbindung mit den weltweiten Lockdown-Ma\u00dfnahmen sein, der viele Menschen in Richtung Social Media dr\u00e4ngte.<\/p>\n<p>Das dr\u00fcckt sich nicht zuletzt auch in der t\u00e4glichen Nutzung aus: So verbringen die Menschen im Schnitt 6 Stunden und 42 Minuten im Internet &#8211; mehr als ein Drittel davon, n\u00e4mlich 2 Stunden und 22 Minuten &#8211; auf Facebook, Instagram &amp; Co.:<\/p>\n<p><a href=\"https:\/\/blog.wiwo.de\/look-at-it\/files\/2020\/07\/Hootsuite20_3g.jpg\"><img loading=\"lazy\" decoding=\"async\" class=\"aligncenter wp-image-48310 size-full\" style=\"border: 0px\" src=\"https:\/\/blog.wiwo.de\/look-at-it\/files\/2020\/07\/Hootsuite20_3g.jpg\" alt=\"\" width=\"1024\" height=\"574\" srcset=\"https:\/\/blog.wiwo.de\/look-at-it\/files\/2020\/07\/Hootsuite20_3g.jpg 1024w, https:\/\/blog.wiwo.de\/look-at-it\/files\/2020\/07\/Hootsuite20_3g-300x168.jpg 300w, https:\/\/blog.wiwo.de\/look-at-it\/files\/2020\/07\/Hootsuite20_3g-768x431.jpg 768w, https:\/\/blog.wiwo.de\/look-at-it\/files\/2020\/07\/Hootsuite20_3g-500x280.jpg 500w\" sizes=\"auto, (max-width: 1024px) 100vw, 1024px\" \/><\/a><\/p>\n<p style=\"text-align: center\">Quelle: WeAreSocial\/Hootsuite<\/p>\n<p><strong>Verwandte Artikel:<\/strong><\/p>\n<p><a href=\"https:\/\/blog.wiwo.de\/look-at-it\/2020\/01\/31\/38-milliarden-social-media-nutzer-weltweit-knapp-die-haelfte-der-weltbevoelkerung\/\" target=\"_blank\" rel=\"noopener noreferrer\">3,8 Milliarden Social-Media-Nutzer weltweit \u2013 knapp die H\u00e4lfte der Weltbev\u00f6lkerung<\/a><\/p>\n<p><a href=\"https:\/\/blog.wiwo.de\/look-at-it\/2019\/07\/29\/erstmals-mehr-als-35-milliarden-nutzer-von-social-media-plus-8-prozent-seit-mitte-2018\/\" target=\"_blank\" rel=\"noopener noreferrer\">Mehr als 3,5 Milliarden Nutzer von Social Media \u2013 plus 8 Prozent seit Mitte 2018<\/a><\/p>\n<p><a href=\"https:\/\/blog.wiwo.de\/look-at-it\/2019\/01\/31\/social-media-nutzung-in-deutschland-stagniert-bei-46-prozent-quote-weltweit-knapp-dahinter\/\" target=\"_blank\" rel=\"noopener noreferrer\">Social-Media-Nutzung in Deutschland stagniert bei 46 Prozent<\/a><\/p>\n<p><a href=\"https:\/\/blog.wiwo.de\/look-at-it\/2018\/04\/24\/allen-datenschutzbedenken-zum-trotz-social-media-waechst-um-eine-millionen-user-pro-tag\/\" target=\"_blank\" rel=\"noopener noreferrer\">Social Media w\u00e4chst um eine Million User pro Tag<\/a><\/p>\n","protected":false},"excerpt":{"rendered":"<p>Im Jahresvergleich zieht die Nutzung von sozialen Netzwerken sogar noch einmal leicht an &#8211; getrieben unter anderen von der Corona-Pandemie.\u00a0 Ob TikTok, Instagram, Twitter oder Facebook &#8211; fast vier Milliarden Menschen tummeln sich inzwischen in den sozialen Netzwerken. Mit einer &hellip; <a href=\"https:\/\/blog.wiwo.de\/look-at-it\/2020\/07\/23\/erstmals-mehr-als-die-haelfte-der-weltbevoelkerung-auf-social-media-aktiv-4-milliarden-nutzer\/\">Weiterlesen <span class=\"meta-nav\">&rarr;<\/span><\/a><\/p>\n","protected":false},"author":16,"featured_media":0,"comment_status":"open","ping_status":"open","sticky":false,"template":"","format":"standard","meta":{"footnotes":""},"categories":[1],"tags":[23,90,96,364],"class_list":["post-48298","post","type-post","status-publish","format-standard","hentry","category-allgemein","tag-facebook","tag-instagram","tag-social-media","tag-tiktok"],"_links":{"self":[{"href":"https:\/\/blog.wiwo.de\/look-at-it\/wp-json\/wp\/v2\/posts\/48298","targetHints":{"allow":["GET"]}}],"collection":[{"href":"https:\/\/blog.wiwo.de\/look-at-it\/wp-json\/wp\/v2\/posts"}],"about":[{"href":"https:\/\/blog.wiwo.de\/look-at-it\/wp-json\/wp\/v2\/types\/post"}],"author":[{"embeddable":true,"href":"https:\/\/blog.wiwo.de\/look-at-it\/wp-json\/wp\/v2\/users\/16"}],"replies":[{"embeddable":true,"href":"https:\/\/blog.wiwo.de\/look-at-it\/wp-json\/wp\/v2\/comments?post=48298"}],"version-history":[{"count":16,"href":"https:\/\/blog.wiwo.de\/look-at-it\/wp-json\/wp\/v2\/posts\/48298\/revisions"}],"predecessor-version":[{"id":48321,"href":"https:\/\/blog.wiwo.de\/look-at-it\/wp-json\/wp\/v2\/posts\/48298\/revisions\/48321"}],"wp:attachment":[{"href":"https:\/\/blog.wiwo.de\/look-at-it\/wp-json\/wp\/v2\/media?parent=48298"}],"wp:term":[{"taxonomy":"category","embeddable":true,"href":"https:\/\/blog.wiwo.de\/look-at-it\/wp-json\/wp\/v2\/categories?post=48298"},{"taxonomy":"post_tag","embeddable":true,"href":"https:\/\/blog.wiwo.de\/look-at-it\/wp-json\/wp\/v2\/tags?post=48298"}],"curies":[{"name":"wp","href":"https:\/\/api.w.org\/{rel}","templated":true}]}}