{"id":48016,"date":"2020-07-01T07:30:22","date_gmt":"2020-07-01T05:30:22","guid":{"rendered":"https:\/\/blog.wiwo.de\/look-at-it\/?p=48016"},"modified":"2020-06-30T10:28:26","modified_gmt":"2020-06-30T08:28:26","slug":"jeder-zweite-deutsche-sieht-privatsphaere-durch-smarte-und-vernetzte-geraete-bedroht","status":"publish","type":"post","link":"https:\/\/blog.wiwo.de\/look-at-it\/2020\/07\/01\/jeder-zweite-deutsche-sieht-privatsphaere-durch-smarte-und-vernetzte-geraete-bedroht\/","title":{"rendered":"Jeder zweite Deutsche sieht Privatsph\u00e4re durch smarte und vernetzte Ger\u00e4te bedroht"},"content":{"rendered":"<p><strong>Insgesamt sind die Sicherheitsbedenken der Deutschen zum vierten Mal in Folge zur\u00fcckgegangen &#8211; auf ein Niveau, das geringer als je zuvor ist.<\/strong><\/p>\n<p>Insgesamt verharrt das Vertrauen der Deutschen im internationalen Vergleich auf sehr hohem Niveau &#8211; in Teilbereichen wie etwa den Datenschutz machen die Menschen zwischen Rhein und Oder der vielbeschworenen &#8222;German Angst&#8220; weiterhin alle Ehre.<\/p>\n<p><img loading=\"lazy\" decoding=\"async\" class=\"aligncenter size-full wp-image-48051\" style=\"border: 0px\" src=\"https:\/\/blog.wiwo.de\/look-at-it\/files\/2020\/06\/Vertrauensindex1.jpg\" alt=\"\" width=\"600\" height=\"321\" srcset=\"https:\/\/blog.wiwo.de\/look-at-it\/files\/2020\/06\/Vertrauensindex1.jpg 600w, https:\/\/blog.wiwo.de\/look-at-it\/files\/2020\/06\/Vertrauensindex1-300x161.jpg 300w, https:\/\/blog.wiwo.de\/look-at-it\/files\/2020\/06\/Vertrauensindex1-500x268.jpg 500w\" sizes=\"auto, (max-width: 600px) 100vw, 600px\" \/><\/p>\n<p>Zwar macht sich nicht einmal jeder f\u00fcnfte Deutsche derzeit Sorgen, dass er Opfer von Datenlecks werden k\u00f6nnten, wenn er von zuhause aus arbeitet (18 Prozent) \u2013 trotz einer rasanten Zunahme von Cyber-Attacken w\u00e4hrend der Corona-Pandemie.<\/p>\n<p>Zugleich f\u00fcrchtet jeder Zweite, dass seine Privatsph\u00e4re durch Smart TVs, Smart Speaker und andere vernetzte Ger\u00e4te bedroht ist (51 Prozent). Knapp jeder Dritte besitzt deshalb gar keine smarten Ger\u00e4te (29 Prozent). Das ist das zentrale Ergebnis des Unisys Security Index 2020, den das amerikanische IT-Beratungsunternehmen Unisys bereits seit mehreren Jahren erhebt.<\/p>\n<p>Der globale Vergleich zeigt hingegen, dass die Deutschen insgesamt trotz aller Bedrohungen relativ entspannt sind. Zum vierten Mal in Folge sind ihre Sicherheitsbedenken zur\u00fcckgegangen und liegen nun bei 122 von 300 Punkten \u2013 weniger als je zuvor.<\/p>\n<p>Die Studie misst den Index auf einer Skala von 0 bis 300 \u2013 wobei der Wert 300 die h\u00f6chsten Sicherheitsbedenken bedeutet. Der globale Durchschnittswert liegt, wie bereits im vergangenen Jahr, bei 175 Z\u00e4hlern.\u00a0Nur die Niederl\u00e4nder zeigen in diesem Jahr mit einem Indexwert von 100 noch weniger Sorgen: Sie zeigen in keinem der abgefragten Bereiche gro\u00dfe Bedenken.<\/p>\n<p>Die gr\u00f6\u00dften Bedenken zeigen die Deutschen beim Identit\u00e4tsdiebstahl im Internet (39 Prozent), gefolgt von Naturkatastrophen und Pandemien (38 Prozent). Ebenfalls hoch liegen Cybersicherheitsthemen wie Viren\/Hacking (34 Prozent) sowie Bankkarten-Betrug (33 Prozent).<\/p>\n<p>Die Ergebnisse der <a href=\"https:\/\/blog.wiwo.de\/look-at-it\/2019\/06\/11\/german-angst-schwindet-von-jahr-zu-jahr-aber-sicherheitsbedenken-bei-drohnen-smart-cities\/\" target=\"_blank\" rel=\"noopener noreferrer\">Vorjahre 2019<\/a> und <a href=\"https:\/\/blog.wiwo.de\/look-at-it\/2018\/10\/24\/die-haelfte-der-deutschen-sorgt-sich-um-digitale-persoenlichkeit-nur-ein-viertel-um-leib-leben\/\" target=\"_blank\" rel=\"noopener noreferrer\">2018 gibt&#8217;s ebenfalls<\/a> hier bei mir Blog. Und weitere Zahlen &amp; Fakten aus dem diesj\u00e4hrigen Unisys Security Index in der folgenden Infografik:<\/p>\n<p><img loading=\"lazy\" decoding=\"async\" class=\"aligncenter size-full wp-image-48050\" style=\"border: 0px\" src=\"https:\/\/blog.wiwo.de\/look-at-it\/files\/2020\/06\/VertrauensindexIG.jpg\" alt=\"\" width=\"800\" height=\"7376\" srcset=\"https:\/\/blog.wiwo.de\/look-at-it\/files\/2020\/06\/VertrauensindexIG.jpg 800w, https:\/\/blog.wiwo.de\/look-at-it\/files\/2020\/06\/VertrauensindexIG-768x7081.jpg 768w, https:\/\/blog.wiwo.de\/look-at-it\/files\/2020\/06\/VertrauensindexIG-111x1024.jpg 111w\" sizes=\"auto, (max-width: 800px) 100vw, 800px\" \/><\/p>\n<p style=\"text-align: center\">Quelle: Unisys<\/p>\n<p><strong>Verwandte Artikel:<\/strong><\/p>\n<p><a href=\"https:\/\/blog.wiwo.de\/look-at-it\/2020\/06\/08\/neun-von-zehn-ceos-glaubt-dass-ihre-it-den-cyberbedrohungen-einen-schritt-voraus-ist\/\" target=\"_blank\" rel=\"noopener noreferrer\">9 von 10 CEOs glaubt, dass ihre IT den Cyberbedrohungen einen Schritt voraus ist<\/a><\/p>\n<p><a href=\"https:\/\/blog.wiwo.de\/look-at-it\/2020\/05\/18\/wiederverwendung-von-passwoertern-ist-unsicher-zwei-drittel-tun-es-trotzdem\/\" target=\"_blank\" rel=\"noopener noreferrer\">Wiederverwendung von Passw\u00f6rtern ist unsicher \u2013 zwei Drittel tun es trotzdem<\/a><\/p>\n<p><a href=\"https:\/\/blog.wiwo.de\/look-at-it\/2020\/02\/03\/passwoerter-fuer-80-prozent-aller-datenschutz-verletzungen-in-firmen-verantwortlich\/\" target=\"_blank\" rel=\"noopener noreferrer\">Passw\u00f6rter f\u00fcr 80 Prozent aller Datenschutz-Verletzungen in Firmen verantwortlich<\/a><\/p>\n<p><a href=\"https:\/\/blog.wiwo.de\/look-at-it\/2020\/01\/30\/phishing-ein-viertel-aller-nutzer-faellt-auf-mail-zur-sofortigen-passwort-ueberpruefung-herein\/\" target=\"_blank\" rel=\"noopener noreferrer\">Phishing: 1\/4 aller Nutzer f\u00e4llt auf Mails zur sofortigen Passwort-\u00dcberpr\u00fcfung herein<\/a><\/p>\n","protected":false},"excerpt":{"rendered":"<p>Insgesamt sind die Sicherheitsbedenken der Deutschen zum vierten Mal in Folge zur\u00fcckgegangen &#8211; auf ein Niveau, das geringer als je zuvor ist. Insgesamt verharrt das Vertrauen der Deutschen im internationalen Vergleich auf sehr hohem Niveau &#8211; in Teilbereichen wie etwa &hellip; <a href=\"https:\/\/blog.wiwo.de\/look-at-it\/2020\/07\/01\/jeder-zweite-deutsche-sieht-privatsphaere-durch-smarte-und-vernetzte-geraete-bedroht\/\">Weiterlesen <span class=\"meta-nav\">&rarr;<\/span><\/a><\/p>\n","protected":false},"author":16,"featured_media":48051,"comment_status":"open","ping_status":"open","sticky":false,"template":"","format":"standard","meta":{"footnotes":""},"categories":[1],"tags":[142,19,265],"class_list":["post-48016","post","type-post","status-publish","format-standard","has-post-thumbnail","hentry","category-allgemein","tag-cybersecurity","tag-datenschutz","tag-digitalisierung"],"_links":{"self":[{"href":"https:\/\/blog.wiwo.de\/look-at-it\/wp-json\/wp\/v2\/posts\/48016","targetHints":{"allow":["GET"]}}],"collection":[{"href":"https:\/\/blog.wiwo.de\/look-at-it\/wp-json\/wp\/v2\/posts"}],"about":[{"href":"https:\/\/blog.wiwo.de\/look-at-it\/wp-json\/wp\/v2\/types\/post"}],"author":[{"embeddable":true,"href":"https:\/\/blog.wiwo.de\/look-at-it\/wp-json\/wp\/v2\/users\/16"}],"replies":[{"embeddable":true,"href":"https:\/\/blog.wiwo.de\/look-at-it\/wp-json\/wp\/v2\/comments?post=48016"}],"version-history":[{"count":8,"href":"https:\/\/blog.wiwo.de\/look-at-it\/wp-json\/wp\/v2\/posts\/48016\/revisions"}],"predecessor-version":[{"id":48057,"href":"https:\/\/blog.wiwo.de\/look-at-it\/wp-json\/wp\/v2\/posts\/48016\/revisions\/48057"}],"wp:featuredmedia":[{"embeddable":true,"href":"https:\/\/blog.wiwo.de\/look-at-it\/wp-json\/wp\/v2\/media\/48051"}],"wp:attachment":[{"href":"https:\/\/blog.wiwo.de\/look-at-it\/wp-json\/wp\/v2\/media?parent=48016"}],"wp:term":[{"taxonomy":"category","embeddable":true,"href":"https:\/\/blog.wiwo.de\/look-at-it\/wp-json\/wp\/v2\/categories?post=48016"},{"taxonomy":"post_tag","embeddable":true,"href":"https:\/\/blog.wiwo.de\/look-at-it\/wp-json\/wp\/v2\/tags?post=48016"}],"curies":[{"name":"wp","href":"https:\/\/api.w.org\/{rel}","templated":true}]}}