{"id":47509,"date":"2020-04-22T07:30:38","date_gmt":"2020-04-22T05:30:38","guid":{"rendered":"https:\/\/blog.wiwo.de\/look-at-it\/?p=47509"},"modified":"2020-04-21T09:51:15","modified_gmt":"2020-04-21T07:51:15","slug":"dark-data-unternehmen-kennen-bei-der-haelfte-ihrer-daten-weder-inhalt-noch-wert","status":"publish","type":"post","link":"https:\/\/blog.wiwo.de\/look-at-it\/2020\/04\/22\/dark-data-unternehmen-kennen-bei-der-haelfte-ihrer-daten-weder-inhalt-noch-wert\/","title":{"rendered":"Dark Data: Unternehmen kennen bei der H\u00e4lfte ihrer Daten weder Inhalt noch Wert"},"content":{"rendered":"<p><strong>H\u00e4lt der Trend zum sinnlosen Archivieren von Daten an, werden allein in diesem Jahr 5,8 Millionen Tonnen CO2 unn\u00f6tig in die Atmosph\u00e4re gepumpt.<\/strong><\/p>\n<p>Die Digitalisierung will einen wichtigen Beitrag zum Klimaschutz leisten. Zugleich werden immer gr\u00f6\u00dfere Mengen sinnloser Daten gehortet, wodurch wertvolle Speicherressourcen und Energie gebunden und infolgedessen CO2-Emissionen verursacht werden.<\/p>\n<p>Denn die Unternehmen weltweit produzieren im gro\u00dfen Stil Datenm\u00fcll: So kennen Unternehmen im Schnitt bei der H\u00e4lfte ihrer Daten weder den Inhalt noch den Wert (52 Prozent). H\u00e4lt der Trend zum sinnlosen Archivieren an, werden allein in diesem Jahr 5,8 Millionen Tonnen CO2 unn\u00f6tig in die Atmosph\u00e4re gepumpt.<\/p>\n<p><img loading=\"lazy\" decoding=\"async\" class=\"aligncenter size-full wp-image-47512\" style=\"border: 0px\" src=\"https:\/\/blog.wiwo.de\/look-at-it\/files\/2020\/04\/DarkData1.jpg\" alt=\"\" width=\"600\" height=\"320\" srcset=\"https:\/\/blog.wiwo.de\/look-at-it\/files\/2020\/04\/DarkData1.jpg 600w, https:\/\/blog.wiwo.de\/look-at-it\/files\/2020\/04\/DarkData1-300x160.jpg 300w, https:\/\/blog.wiwo.de\/look-at-it\/files\/2020\/04\/DarkData1-500x267.jpg 500w\" sizes=\"auto, (max-width: 600px) 100vw, 600px\" \/><\/p>\n<p>Das sind die zentralen Ergebnisse einer k\u00fcrzlich ver\u00f6ffentlichten Studie des amerikanischen Spezialisten f\u00fcr Daten-L\u00f6sungen Veritas Technologies. Problem Dark Data: Viel wurde bereits \u00fcber die Kosten dunkler Daten gesagt, die Folgen f\u00fcr die Umwelt wurden dabei bisher \u00fcbersehen.<\/p>\n<p>Analysten wie von IDC sagen voraus, dass die Menge der Daten weltweit von heute 33 auf 175 Zetabyte im Jahr 2025 wachsen wird. Es wird in f\u00fcnf Jahren also 91 Zetabyte dunkler Daten geben, wenn die Menschen ihre Gewohnheiten beibehalten und Datenm\u00fcll weiter speichern &#8211; das entspricht der vierfachen Menge an Dark Data, die heute existiert. Auch die n\u00f6tige Menge an Energie, um all die Infrastruktur mit Strom zu versorgen, auf der Datenm\u00fcll abgelegt wurde, wird sich wohl vervierfachen.<\/p>\n<p>Die IT Industrie sollte sich der Aufgabe stellen, da das Datenvolumen von Jahr zu Jahr gr\u00f6\u00dfer wird &#8211; zumal IoT-Ger\u00e4te das Wachstum weiter beschleunigen werden: F\u00fchrende Analysten sch\u00e4tzen, dass IoT-Daten den L\u00f6wenanteil bei den 175 Zetabyte im Jahr 2025 ausmachen werden.<\/p>\n<p>Um den Planeten vor dem dadurch bedingten CO2-Aussto\u00df zu sch\u00fctzen, sollten Firmen ihre Strategie f\u00fcr das Datenmanagement \u00fcberarbeiten, mit den richtigen Werkzeugen den Wert ihrer Daten bestimmen und ihre Rechenzentren so von dunklen Daten befreien.<\/p>\n<p>Weitere Zahlen &amp; Fakten rund um Dark Data &amp; Klimaschutz in der folgenden Infografik:<\/p>\n<p><img loading=\"lazy\" decoding=\"async\" class=\"aligncenter size-full wp-image-47510\" style=\"border: 0px\" src=\"https:\/\/blog.wiwo.de\/look-at-it\/files\/2020\/04\/DarkDataIG.jpg\" alt=\"\" width=\"560\" height=\"2547\" srcset=\"https:\/\/blog.wiwo.de\/look-at-it\/files\/2020\/04\/DarkDataIG.jpg 560w, https:\/\/blog.wiwo.de\/look-at-it\/files\/2020\/04\/DarkDataIG-66x300.jpg 66w, https:\/\/blog.wiwo.de\/look-at-it\/files\/2020\/04\/DarkDataIG-225x1024.jpg 225w\" sizes=\"auto, (max-width: 560px) 100vw, 560px\" \/><\/p>\n<p style=\"text-align: center\">Quelle: Veritas<\/p>\n<p><strong>Verwandte Artikel:<\/strong><\/p>\n<p><a href=\"https:\/\/blog.wiwo.de\/look-at-it\/2020\/03\/17\/die-datenvolumen-in-den-unternehmen-wachsen-von-2016-bis-2019-um-den-faktor-9\/\" target=\"_blank\" rel=\"noopener noreferrer\">Die Datenvolumen in den Unternehmen wachsen von 2016 bis 2019 um Faktor 9<\/a><\/p>\n<p><a href=\"https:\/\/blog.wiwo.de\/look-at-it\/2019\/11\/05\/7-von-10-managern-sehen-im-sammeln-von-daten-ohne-geeignete-analyse-keinen-mehrwert\/\" target=\"_blank\" rel=\"noopener noreferrer\">7 von 10 Managern sehen im Sammeln von Daten ohne Analysen keinen Mehrwert<\/a><\/p>\n<p><a href=\"https:\/\/blog.wiwo.de\/look-at-it\/2019\/10\/07\/big-data-die-weltweit-erzeugten-datenvolumina-verdoppeln-sich-alle-drei-jahre\/\" target=\"_blank\" rel=\"noopener noreferrer\">Big Data: Die weltweit erzeugten Datenvolumina verdoppeln sich alle drei Jahre<\/a><\/p>\n<p><a href=\"https:\/\/blog.wiwo.de\/look-at-it\/2019\/06\/03\/digitalisierung-big-data-nur-17-prozent-der-unternehmen-monetarisieren-ihre-daten\/\" target=\"_blank\" rel=\"noopener noreferrer\">Digitalisierung &amp; Big Data: Nur 17% der Unternehmen monetarisieren ihre Daten<\/a><\/p>\n","protected":false},"excerpt":{"rendered":"<p>H\u00e4lt der Trend zum sinnlosen Archivieren von Daten an, werden allein in diesem Jahr 5,8 Millionen Tonnen CO2 unn\u00f6tig in die Atmosph\u00e4re gepumpt. Die Digitalisierung will einen wichtigen Beitrag zum Klimaschutz leisten. Zugleich werden immer gr\u00f6\u00dfere Mengen sinnloser Daten gehortet, &hellip; <a href=\"https:\/\/blog.wiwo.de\/look-at-it\/2020\/04\/22\/dark-data-unternehmen-kennen-bei-der-haelfte-ihrer-daten-weder-inhalt-noch-wert\/\">Weiterlesen <span class=\"meta-nav\">&rarr;<\/span><\/a><\/p>\n","protected":false},"author":16,"featured_media":47512,"comment_status":"open","ping_status":"open","sticky":false,"template":"","format":"standard","meta":{"footnotes":""},"categories":[1],"tags":[409,137],"class_list":["post-47509","post","type-post","status-publish","format-standard","has-post-thumbnail","hentry","category-allgemein","tag-bigdata","tag-nachhaltigkeit"],"_links":{"self":[{"href":"https:\/\/blog.wiwo.de\/look-at-it\/wp-json\/wp\/v2\/posts\/47509","targetHints":{"allow":["GET"]}}],"collection":[{"href":"https:\/\/blog.wiwo.de\/look-at-it\/wp-json\/wp\/v2\/posts"}],"about":[{"href":"https:\/\/blog.wiwo.de\/look-at-it\/wp-json\/wp\/v2\/types\/post"}],"author":[{"embeddable":true,"href":"https:\/\/blog.wiwo.de\/look-at-it\/wp-json\/wp\/v2\/users\/16"}],"replies":[{"embeddable":true,"href":"https:\/\/blog.wiwo.de\/look-at-it\/wp-json\/wp\/v2\/comments?post=47509"}],"version-history":[{"count":8,"href":"https:\/\/blog.wiwo.de\/look-at-it\/wp-json\/wp\/v2\/posts\/47509\/revisions"}],"predecessor-version":[{"id":47520,"href":"https:\/\/blog.wiwo.de\/look-at-it\/wp-json\/wp\/v2\/posts\/47509\/revisions\/47520"}],"wp:featuredmedia":[{"embeddable":true,"href":"https:\/\/blog.wiwo.de\/look-at-it\/wp-json\/wp\/v2\/media\/47512"}],"wp:attachment":[{"href":"https:\/\/blog.wiwo.de\/look-at-it\/wp-json\/wp\/v2\/media?parent=47509"}],"wp:term":[{"taxonomy":"category","embeddable":true,"href":"https:\/\/blog.wiwo.de\/look-at-it\/wp-json\/wp\/v2\/categories?post=47509"},{"taxonomy":"post_tag","embeddable":true,"href":"https:\/\/blog.wiwo.de\/look-at-it\/wp-json\/wp\/v2\/tags?post=47509"}],"curies":[{"name":"wp","href":"https:\/\/api.w.org\/{rel}","templated":true}]}}