{"id":47213,"date":"2020-03-20T07:30:40","date_gmt":"2020-03-20T06:30:40","guid":{"rendered":"https:\/\/blog.wiwo.de\/look-at-it\/?p=47213"},"modified":"2020-03-20T08:03:58","modified_gmt":"2020-03-20T07:03:58","slug":"krokers-ram-trotz-bedenken-die-auswertung-von-mobilfunkdaten-gegen-corona-ist-richtig","status":"publish","type":"post","link":"https:\/\/blog.wiwo.de\/look-at-it\/2020\/03\/20\/krokers-ram-trotz-bedenken-die-auswertung-von-mobilfunkdaten-gegen-corona-ist-richtig\/","title":{"rendered":"Krokers RAM: Trotz Bedenken \u2013 die Auswertung von Mobilfunkdaten gegen Corona ist richtig!"},"content":{"rendered":"<p><strong>Mein Rant am Morgen: Telekom, Vodafone &amp; Co. \u00fcbermitteln zur Bek\u00e4mpfung der Corona-Pandemie Mobilfunkdaten an Beh\u00f6ren. Noch vor wenigen Tagen w\u00e4re der Aufschrei dar\u00fcber gro\u00df gewesen. Doch die Auswertung solch anonymer Bewegungsdaten ist folgerichtig &#8211; trotz Datenschutzbedenken.\u00a0\u00a0<\/strong><\/p>\n<p>Besondere Situationen erfordern besondere Ma\u00dfnahmen &#8211; nach diesem Motto scheinen im Lichte der Corona-Virus-Pandemie derzeit viele in Europa zu verfahren: So sickerte Mitte der Woche aus \u00d6sterreich durch, dass der lokale <a href=\"https:\/\/www.derstandard.at\/story\/2000115828957\/mobilfunker-a1-liefert-bewegungsstroeme-von-handynutzern-der-regierung\">Mobilfunker A1 Bewegungsstr\u00f6me von Handynutzern an \u00f6sterreichische Regierung liefert<\/a>.<\/p>\n<p>Angeblich sollen die Bewegungsdaten dem Krisenstab in dem Nachbarland zeigen, ob die sozialen Kontakte in der Bev\u00f6lkerung abnimmt oder nicht &#8211; sprich: Ob die rigiden Ma\u00dfnahmen der Bundesregierung in \u00d6sterreich gegen die neuartige Virusepidemie endlich greifen.<\/p>\n<p><img loading=\"lazy\" decoding=\"async\" class=\"aligncenter size-full wp-image-47207\" style=\"border: 0px\" src=\"https:\/\/blog.wiwo.de\/look-at-it\/files\/2020\/03\/TK1.jpg\" alt=\"\" width=\"600\" height=\"322\" srcset=\"https:\/\/blog.wiwo.de\/look-at-it\/files\/2020\/03\/TK1.jpg 600w, https:\/\/blog.wiwo.de\/look-at-it\/files\/2020\/03\/TK1-300x161.jpg 300w, https:\/\/blog.wiwo.de\/look-at-it\/files\/2020\/03\/TK1-500x268.jpg 500w\" sizes=\"auto, (max-width: 600px) 100vw, 600px\" \/><\/p>\n<p>Einen Tag sp\u00e4ter machen entsprechende Meldungen auch aus Deutschland die Runde. Demnach \u00fcbermittelt die <a href=\"https:\/\/www.golem.de\/news\/coronavirus-telekom-gibt-handydaten-an-rki-weiter-2003-147312.html\" target=\"_blank\" rel=\"noopener noreferrer\">Deutsche Telekom wegen der Corona-Krise anonymisierte Mobilfunkdaten an das Robert Koch-Institut, um die Ausbreitung des Virus besser simulieren zu k\u00f6nnen<\/a>. Dabei sollen aber einzelne B\u00fcrger allerdings nicht getrackt werden, hei\u00dft es.<\/p>\n<p>Auch Vodafone Deutschland will so vorgehen: &#8222;Wo immer es technisch m\u00f6glich und rechtlich zul\u00e4ssig ist, wird Vodafone L\u00e4nder auf Anfrage von deren Regierungen bei der Entwicklung von Erkenntnissen auf der Grundlage gro\u00dfer anonymisierter Datens\u00e4tze unterst\u00fctzen&#8220;, <a href=\"https:\/\/www.vodafone.de\/newsroom\/unternehmen\/corona-ticker-das-passiert-bei-vodafone\/\" target=\"_blank\" rel=\"noopener noreferrer\">so der Mobilfunker am Mittwoch in seinem eigenen Newsticker<\/a>.<\/p>\n<p>Noch vor wenigen Tagen w\u00e4re bei solch einem Ansinnen \u00fcber einen Datenaustausch von Telekommunikationsfirmen und Regierung der Aufschrei gro\u00df gewesen &#8211; hierzulande und anderswo. Doch angesichts der Bedrohungen durch die Corona-Krise sind Kritiker weitgehend verstummt.<\/p>\n<p>Mehr noch: Der Bundesdatenschutzbeauftrage Ulrich Kelber hat die Ma\u00dfnahmen sogar explizit gutgehei\u00dfen: &#8222;Die Weitergabe von Standortdaten durch die Deutsche Telekom an das Robert-Koch-Institut\u00a0ist in der gew\u00e4hlten Form datenschutzrechtlich vertretbar&#8220;, <a href=\"https:\/\/twitter.com\/UlrichKelber\/status\/1240239195236466688\">so Kelber auf Twitter &#8211; und weiter<\/a>: &#8222;Vor allem unter den aktuellen Umst\u00e4nden spricht nichts gegen die Weitergabe dieser Daten zum Zweck des Gesundheitsschutzes.&#8220;<\/p>\n<p>Ich finde, Kelber hat recht: Zum einen geht es explizit und ausschlie\u00dflich um anonymisierte Bewegungsdaten, die keinerlei R\u00fcckschl\u00fcsse auf Einzelpersonen zulassen.<\/p>\n<p>Und ohne solche Daten w\u00e4re es f\u00fcr\u00a0 die Beh\u00f6rden noch schwieriger als ohnehin schon, die Ausbreitung des Virus in der gegenw\u00e4rtigen Krise einzud\u00e4mmen. Die Auswertung der Daten ist daher richtig &#8211; trotz verst\u00e4ndlicher Datenschutzbedenken.<\/p>\n<p><strong>Verwandte Artikel:<\/strong><\/p>\n<p><a href=\"https:\/\/blog.wiwo.de\/look-at-it\/2020\/03\/13\/krokers-ram-ein-gutes-hat-das-corona-virus-firmen-denken-endlich-beim-home-office-um\/\" target=\"_blank\" rel=\"noopener noreferrer\">Krokers RAM: Ein Gutes hat Corona-Virus \u2013 Firmen denken beim Home-Office um!<\/a><\/p>\n<p><a href=\"https:\/\/blog.wiwo.de\/look-at-it\/2020\/03\/06\/krokers-ram-das-corona-virus-zeigt-die-it-industrie-muss-ihre-lieferketten-neu-denken\/\" target=\"_blank\" rel=\"noopener noreferrer\">Krokers RAM: Corona-Virus zeigt \u2013 IT-Industrie muss ihre Lieferketten neu denken!<\/a><\/p>\n<p><a href=\"https:\/\/blog.wiwo.de\/look-at-it\/2020\/02\/28\/krokers-ram-mehr-cloud-erfordert-auch-mehr-ruecksicht-auf-die-it-sicherheit\/\" target=\"_blank\" rel=\"noopener noreferrer\">Krokers RAM: Mehr Cloud erfordert auch mehr R\u00fccksicht auf die IT-Sicherheit!<\/a><\/p>\n<p><a href=\"https:\/\/blog.wiwo.de\/look-at-it\/2020\/02\/14\/krokers-ram-die-versorgung-mit-breitband-internet-in-deutschland-war-ist-beschaemend\/\" target=\"_blank\" rel=\"noopener noreferrer\">Krokers RAM: Die Versorgung mit Breitband-Internet war &amp; ist besch\u00e4mend!<\/a><\/p>\n","protected":false},"excerpt":{"rendered":"<p>Mein Rant am Morgen: Telekom, Vodafone &amp; Co. \u00fcbermitteln zur Bek\u00e4mpfung der Corona-Pandemie Mobilfunkdaten an Beh\u00f6ren. Noch vor wenigen Tagen w\u00e4re der Aufschrei dar\u00fcber gro\u00df gewesen. Doch die Auswertung solch anonymer Bewegungsdaten ist folgerichtig &#8211; trotz Datenschutzbedenken.\u00a0\u00a0 Besondere Situationen erfordern &hellip; <a href=\"https:\/\/blog.wiwo.de\/look-at-it\/2020\/03\/20\/krokers-ram-trotz-bedenken-die-auswertung-von-mobilfunkdaten-gegen-corona-ist-richtig\/\">Weiterlesen <span class=\"meta-nav\">&rarr;<\/span><\/a><\/p>\n","protected":false},"author":16,"featured_media":47207,"comment_status":"open","ping_status":"open","sticky":false,"template":"","format":"standard","meta":{"footnotes":""},"categories":[1],"tags":[19,140,304,72,139],"class_list":["post-47213","post","type-post","status-publish","format-standard","has-post-thumbnail","hentry","category-allgemein","tag-datenschutz","tag-deutsche-telekom","tag-ram","tag-telekommunikation","tag-vodafone"],"_links":{"self":[{"href":"https:\/\/blog.wiwo.de\/look-at-it\/wp-json\/wp\/v2\/posts\/47213","targetHints":{"allow":["GET"]}}],"collection":[{"href":"https:\/\/blog.wiwo.de\/look-at-it\/wp-json\/wp\/v2\/posts"}],"about":[{"href":"https:\/\/blog.wiwo.de\/look-at-it\/wp-json\/wp\/v2\/types\/post"}],"author":[{"embeddable":true,"href":"https:\/\/blog.wiwo.de\/look-at-it\/wp-json\/wp\/v2\/users\/16"}],"replies":[{"embeddable":true,"href":"https:\/\/blog.wiwo.de\/look-at-it\/wp-json\/wp\/v2\/comments?post=47213"}],"version-history":[{"count":6,"href":"https:\/\/blog.wiwo.de\/look-at-it\/wp-json\/wp\/v2\/posts\/47213\/revisions"}],"predecessor-version":[{"id":47220,"href":"https:\/\/blog.wiwo.de\/look-at-it\/wp-json\/wp\/v2\/posts\/47213\/revisions\/47220"}],"wp:featuredmedia":[{"embeddable":true,"href":"https:\/\/blog.wiwo.de\/look-at-it\/wp-json\/wp\/v2\/media\/47207"}],"wp:attachment":[{"href":"https:\/\/blog.wiwo.de\/look-at-it\/wp-json\/wp\/v2\/media?parent=47213"}],"wp:term":[{"taxonomy":"category","embeddable":true,"href":"https:\/\/blog.wiwo.de\/look-at-it\/wp-json\/wp\/v2\/categories?post=47213"},{"taxonomy":"post_tag","embeddable":true,"href":"https:\/\/blog.wiwo.de\/look-at-it\/wp-json\/wp\/v2\/tags?post=47213"}],"curies":[{"name":"wp","href":"https:\/\/api.w.org\/{rel}","templated":true}]}}