{"id":46422,"date":"2020-01-07T07:30:13","date_gmt":"2020-01-07T06:30:13","guid":{"rendered":"https:\/\/blog.wiwo.de\/look-at-it\/?p=46422"},"modified":"2019-12-09T14:47:05","modified_gmt":"2019-12-09T13:47:05","slug":"lokalisierung-fluechtige-inhalte-mehr-die-social-media-trends-2020","status":"publish","type":"post","link":"https:\/\/blog.wiwo.de\/look-at-it\/2020\/01\/07\/lokalisierung-fluechtige-inhalte-mehr-die-social-media-trends-2020\/","title":{"rendered":"Lokalisierung, fl\u00fcchtige Inhalte &amp; mehr: Die Social-Media-Trends 2020"},"content":{"rendered":"<p><strong>Ortsbezogene Seiten &amp; Dienste, weiteres Wachstum beim Format Story, Produktsuche &#8211; die Trends in den sozialen Netzwerken f\u00fcr 2020.<\/strong><\/p>\n<p>Mit diesem Blog-Beitrag melde ich mich aus dem Weihnachtsurlaub zur\u00fcck. Und passend zum Start ins neue Jahr 2020 gibt&#8217;s heute die wichtigsten Trends rund um Social Media &#8211; wichtig, um die eigene Strategie auf Facebook, Twitter, LinkedIn &amp; Co. entsprechend anzupassen.<\/p>\n<p><img loading=\"lazy\" decoding=\"async\" class=\"aligncenter size-full wp-image-46499\" style=\"border: 0px\" src=\"https:\/\/blog.wiwo.de\/look-at-it\/files\/2019\/12\/Social2020_1.jpg\" alt=\"\" width=\"600\" height=\"320\" srcset=\"https:\/\/blog.wiwo.de\/look-at-it\/files\/2019\/12\/Social2020_1.jpg 600w, https:\/\/blog.wiwo.de\/look-at-it\/files\/2019\/12\/Social2020_1-300x160.jpg 300w, https:\/\/blog.wiwo.de\/look-at-it\/files\/2019\/12\/Social2020_1-500x267.jpg 500w\" sizes=\"auto, (max-width: 600px) 100vw, 600px\" \/><\/p>\n<p>Beispielsweise wird 2020 &#8211; \u00e4hnlich wie schon die Vorjahre &#8211; ganz im Zeichen der Lokalisierung stehen: Das hei\u00dft, ortsbezogene Seiten gewinnen auch in Social Media einen immer gr\u00f6\u00dferen Stellenwert. Immer mehr Unternehmen reagieren mit eigenen Angeboten speziell f\u00fcr die jeweilige Region.<\/p>\n<p>Auch das Thema fl\u00fcchtige Inhalte wird immer mehr Mainstream: Was einst beim Messenger Snapchat mit selbstl\u00f6schenden Fotos startete, hat sich heute durch <a href=\"https:\/\/blog.wiwo.de\/look-at-it\/2019\/02\/26\/angriff-der-klonkrieger-facebook-whatsapp-instagram-stories-haben-snapchat-abgehaengt\/\" target=\"_blank\" rel=\"noopener noreferrer\">Formate wie die sogenannten Stories auf Instagram und Facebook<\/a> in der Breite durchgesetzt: Auch Unternehmen und Seitenbetreiber k\u00f6nnen mit visuellen Inhalten, die nach einer gewissen Zeit verschwinden, die Interaktionsrate ihrer Fans treiben.<\/p>\n<p>Bei der Suche nach bestimmten Produkte sind nicht mehr nur E-Commerce-Anbieter erste Wahl, sondern zunehmend auch soziale Netzwerke: Dabei soll bis Ende dieses Jahres bereits die H\u00e4lfte aller Suchen per Foto oder per Sprache ablaufen. Entsprechend gilt es, die eigenen Produkte auch auf Social Media auffindbar zu machen.<\/p>\n<p>Die weiteren Trends in den sozialen Netzwerken f\u00fcr das neue Jahr 2020 in der folgenden Infografik &#8211; zum Vergr\u00f6\u00dfern zwei Mal anklicken:<\/p>\n<p><a href=\"https:\/\/www.microcreatives.com\/wp-content\/uploads\/2019\/09\/MiC-September-2019-infographic-Social-Media-Content-Trends-for-2020-and-Beyond_v2.jpg\"><img loading=\"lazy\" decoding=\"async\" class=\"aligncenter wp-image-9065\" style=\"border: 0px\" src=\"https:\/\/www.microcreatives.com\/wp-content\/uploads\/2019\/09\/MiC-September-2019-infographic-Social-Media-Content-Trends-for-2020-and-Beyond_v2.jpg\" alt=\"Social Media Content Trends for 2020 and Beyond infographic\" width=\"600\" height=\"2283\" \/><\/a><\/p>\n<p style=\"text-align: center\">Quelle: <a href=\"https:\/\/www.microcreatives.com\/general\/social-media-content-trends-2020-infographic\/\" target=\"_blank\" rel=\"noopener noreferrer\">MicroCreatives<\/a><\/p>\n<p><strong>Verwandte Artikel:<\/strong><\/p>\n<p><a href=\"https:\/\/blog.wiwo.de\/look-at-it\/2019\/12\/17\/gen-z-millenials-gen-x-baby-boomers-die-nutzung-von-social-media-nach-generationen\/\" target=\"_blank\" rel=\"noopener noreferrer\">Die Nutzung von Social Media nach Generationen<\/a><\/p>\n<p><a href=\"https:\/\/blog.wiwo.de\/look-at-it\/2019\/11\/14\/von-six-degrees-bis-tiktok-die-geschichte-sozialer-netzwerke-von-1997-bis-heute\/\" target=\"_blank\" rel=\"noopener noreferrer\">Von Six Degrees bis TikTok: Die Geschichte sozialer Netzwerke von 1997 bis heute<\/a><\/p>\n<p><a href=\"https:\/\/blog.wiwo.de\/look-at-it\/2019\/10\/21\/vertrauen-in-soziale-netzwerke-in-deutschland-xing-vor-linkedin-facebook-auf-letztem-platz\/\" target=\"_blank\" rel=\"noopener noreferrer\">Vertrauen in soziale Netzwerke in Deutschland: Xing vor LinkedIn<\/a><\/p>\n<p><a href=\"https:\/\/blog.wiwo.de\/look-at-it\/2019\/09\/26\/so-beliebt-sind-facebook-whatsapp-facebook-messenger-instagram-in-deutschland\/\" target=\"_blank\" rel=\"noopener noreferrer\">So beliebt sind Facebook, WhatsApp &amp; Co. in Deutschland<\/a><\/p>\n","protected":false},"excerpt":{"rendered":"<p>Ortsbezogene Seiten &amp; Dienste, weiteres Wachstum beim Format Story, Produktsuche &#8211; die Trends in den sozialen Netzwerken f\u00fcr 2020. Mit diesem Blog-Beitrag melde ich mich aus dem Weihnachtsurlaub zur\u00fcck. Und passend zum Start ins neue Jahr 2020 gibt&#8217;s heute die &hellip; <a href=\"https:\/\/blog.wiwo.de\/look-at-it\/2020\/01\/07\/lokalisierung-fluechtige-inhalte-mehr-die-social-media-trends-2020\/\">Weiterlesen <span class=\"meta-nav\">&rarr;<\/span><\/a><\/p>\n","protected":false},"author":16,"featured_media":46499,"comment_status":"open","ping_status":"open","sticky":false,"template":"","format":"standard","meta":{"footnotes":""},"categories":[1],"tags":[23,90,47,188,96,73],"class_list":["post-46422","post","type-post","status-publish","format-standard","has-post-thumbnail","hentry","category-allgemein","tag-facebook","tag-instagram","tag-linkedin","tag-snapchat","tag-social-media","tag-twitter"],"_links":{"self":[{"href":"https:\/\/blog.wiwo.de\/look-at-it\/wp-json\/wp\/v2\/posts\/46422","targetHints":{"allow":["GET"]}}],"collection":[{"href":"https:\/\/blog.wiwo.de\/look-at-it\/wp-json\/wp\/v2\/posts"}],"about":[{"href":"https:\/\/blog.wiwo.de\/look-at-it\/wp-json\/wp\/v2\/types\/post"}],"author":[{"embeddable":true,"href":"https:\/\/blog.wiwo.de\/look-at-it\/wp-json\/wp\/v2\/users\/16"}],"replies":[{"embeddable":true,"href":"https:\/\/blog.wiwo.de\/look-at-it\/wp-json\/wp\/v2\/comments?post=46422"}],"version-history":[{"count":7,"href":"https:\/\/blog.wiwo.de\/look-at-it\/wp-json\/wp\/v2\/posts\/46422\/revisions"}],"predecessor-version":[{"id":46503,"href":"https:\/\/blog.wiwo.de\/look-at-it\/wp-json\/wp\/v2\/posts\/46422\/revisions\/46503"}],"wp:featuredmedia":[{"embeddable":true,"href":"https:\/\/blog.wiwo.de\/look-at-it\/wp-json\/wp\/v2\/media\/46499"}],"wp:attachment":[{"href":"https:\/\/blog.wiwo.de\/look-at-it\/wp-json\/wp\/v2\/media?parent=46422"}],"wp:term":[{"taxonomy":"category","embeddable":true,"href":"https:\/\/blog.wiwo.de\/look-at-it\/wp-json\/wp\/v2\/categories?post=46422"},{"taxonomy":"post_tag","embeddable":true,"href":"https:\/\/blog.wiwo.de\/look-at-it\/wp-json\/wp\/v2\/tags?post=46422"}],"curies":[{"name":"wp","href":"https:\/\/api.w.org\/{rel}","templated":true}]}}