{"id":45654,"date":"2019-09-12T07:30:12","date_gmt":"2019-09-12T05:30:12","guid":{"rendered":"https:\/\/blog.wiwo.de\/look-at-it\/?p=45654"},"modified":"2019-09-10T16:44:14","modified_gmt":"2019-09-10T14:44:14","slug":"bereits-die-haelfte-der-deutschen-nutzt-die-cloud-fuer-private-daten","status":"publish","type":"post","link":"https:\/\/blog.wiwo.de\/look-at-it\/2019\/09\/12\/bereits-die-haelfte-der-deutschen-nutzt-die-cloud-fuer-private-daten\/","title":{"rendered":"Bereits die H\u00e4lfte der Deutschen nutzt die Cloud f\u00fcr private Daten"},"content":{"rendered":"<p><strong>Vor allem Fotos wandern bei deutschen Internetntuzern in Cloud-Speicher &#8211; bei sensiblen pers\u00f6nlichen Daten sind sie hingegen weiterhin zur\u00fcckhaltend.<\/strong><\/p>\n<p>Nicht nur Unternehmen nutzen in immer st\u00e4rkerem Umfang Cloud Computing, etwa um Firmenanwendungen auch mobil zur Verf\u00fcgung zu stellen und die Digitalisierung voran zu treiben. Auch die privaten Nutzer im traditionell eher Technologie-skeptischen Deutschland geben ihre Bedenken in Sachen Cloud langsam auf.<\/p>\n<p>Demnach sind insbesondere Cloud-Speicher wie Google Drive, Dropbox &amp; Co. mittlerweile in der deutschen Bev\u00f6lkerung angekommen: Jeder zweite Internetnutzer speichert seine privaten Daten bereits in der Cloud (51 Prozent) \u2013 und immerhin jeder dritte Nicht-Nutzer kann sich das k\u00fcnftig vorstellen (33 Prozent).<\/p>\n<p>Das ist der zentrale Befund einer repr\u00e4sentative Forsa-Studie im Auftrag des Berliner Daten-Hosters Strato, f\u00fcr die das Marktforschungsinstitut mehr als 1000 Internetnutzer im Alter zwischen 18 und 75 in Deutschland befragt hat. &#8222;Kroker&#8217;s Look @ IT&#8220; pr\u00e4sentiert die Ergebnisse der Studie heute exklusiv vorab.<\/p>\n<p><img loading=\"lazy\" decoding=\"async\" class=\"aligncenter size-full wp-image-45656\" style=\"border: 0px\" src=\"https:\/\/blog.wiwo.de\/look-at-it\/files\/2019\/09\/CloudStrato1.jpg\" alt=\"\" width=\"600\" height=\"312\" srcset=\"https:\/\/blog.wiwo.de\/look-at-it\/files\/2019\/09\/CloudStrato1.jpg 600w, https:\/\/blog.wiwo.de\/look-at-it\/files\/2019\/09\/CloudStrato1-300x156.jpg 300w, https:\/\/blog.wiwo.de\/look-at-it\/files\/2019\/09\/CloudStrato1-500x260.jpg 500w\" sizes=\"auto, (max-width: 600px) 100vw, 600px\" \/><\/p>\n<p>Auff\u00e4llig: Unter den Cloud-Nutzern gibt es deutlich mehr M\u00e4nner (55 Prozent) als Frauen (45 Prozent). Die Online-Speicher sind in allen Altersgruppen angekommen: 45 Prozent der Anwender sind mindestens 45, 15 Prozent sogar mindestens 60 Jahre alt.<\/p>\n<p>Besonders beliebt ist die Cloud f\u00fcr die Sicherung von Fotos, die heute bereits 76 Prozent der Nutzer in die Internet-Wolke hochgeladen haben \u2013 weitere 14 Prozent w\u00fcrden sie k\u00fcnftig dort sichern. Jeweils 56 Prozent der Cloud-Nutzer sichern ihre Dokumente und ihren Kalender online.<\/p>\n<p>Die Gr\u00fcnde f\u00fcr die Nutzung sind vielf\u00e4ltig: Drei Viertel der Nutzer verwenden den Online-Speicher, um die eigenen Daten vor Verlust zu sch\u00fctzen (78\u00a0Prozent), um diese unabh\u00e4ngig von physischen Speichermedien zu sichern (76\u00a0Prozent) oder um von \u00fcberall und mit jedem Ger\u00e4t Zugang zu den Daten zu haben (75\u00a0Prozent). Besonders beliebt ist die Cloud bei Mobilger\u00e4te-Nutzern: 66 Prozent greifen heute auf den Speicher per Smartphone oder Tablet zu.<\/p>\n<p>Zur\u00fcckhaltend sind die deutschen Cloud-Nutzer, wenn es um ihre sensiblen Daten geht. Sieben von zehn Deutschen w\u00fcrden ihre Gesundheitsdaten keinem Cloud-Speicher anvertrauen (68 Prozent). Fast drei Viertel sagen dasselbe \u00fcber Login-Daten und Passw\u00f6rter (73 Prozent). Am wenigsten k\u00f6nnen sich die Befragten aber vorstellen, der Cloud ihre Finanzdaten anzuvertrauen \u2013 acht von zehn Cloud-Nutzer w\u00fcrden diese auf keinen Fall online speichern (79 Prozent).<\/p>\n<p>Fragt man die Nutzer danach, welche Kriterien ihnen bei der Auswahl eines Anbieters wichtig sind, zeigt sich, dass f\u00fcr 64 Prozent entscheidend ist, die eigenen Daten verschl\u00fcsseln zu k\u00f6nnen. Somit ist ihnen diese Funktion noch wichtiger als der Preis (53 Prozent).<\/p>\n<p>66\u00a0Prozent der potenziellen Cloud-Nutzer w\u00e4ren bereit, f\u00fcr die Nutzung eines Online-Speichers zu bezahlen, wenn dieser einfach zu bedienen w\u00e4re, 47\u00a0Prozent, wenn er seinen Standort in Deutschland h\u00e4tte und 44 Prozent, wenn er einen Kundenservice anbieten w\u00fcrde.<\/p>\n<p>Weitere Zahlen &amp; Fakten zur Cloud-Nutzung in Deutschland in der folgenden Infografik &#8211; zum Vergr\u00f6\u00dfern zwei Mal anklicken:<\/p>\n<p><a href=\"https:\/\/blog.wiwo.de\/look-at-it\/files\/2019\/09\/CloudStratoIG.jpg\"><img loading=\"lazy\" decoding=\"async\" class=\"aligncenter wp-image-45655 size-full\" style=\"border: 0px\" src=\"https:\/\/blog.wiwo.de\/look-at-it\/files\/2019\/09\/CloudStratoIG.jpg\" alt=\"\" width=\"1517\" height=\"7292\" srcset=\"https:\/\/blog.wiwo.de\/look-at-it\/files\/2019\/09\/CloudStratoIG.jpg 1517w, https:\/\/blog.wiwo.de\/look-at-it\/files\/2019\/09\/CloudStratoIG-768x3692.jpg 768w, https:\/\/blog.wiwo.de\/look-at-it\/files\/2019\/09\/CloudStratoIG-213x1024.jpg 213w\" sizes=\"auto, (max-width: 1517px) 100vw, 1517px\" \/><\/a><\/p>\n<p style=\"text-align: center\">Quelle: <a href=\"https:\/\/www.strato.de\/cloud-speicher\/studie\/\" target=\"_blank\" rel=\"noopener noreferrer\">Strato<\/a><\/p>\n<p><strong>Verwandte Artikel:<\/strong><\/p>\n<p><a href=\"https:\/\/blog.wiwo.de\/look-at-it\/2019\/06\/25\/cloud-wickelt-22-prozent-aller-it-arbeitslasten-in-firmen-ab-doppelt-so-viel-wie-vor-5-jahren\/\" target=\"_blank\" rel=\"noopener noreferrer\">Cloud wickelt 22% der IT-Arbeitslasten in Firmen ab, doppelt so viel wie vor 5 Jahren<\/a><\/p>\n<p><a href=\"https:\/\/blog.wiwo.de\/look-at-it\/2019\/05\/15\/9-von-10-unternehmen-in-deutschland-beschaeftigen-sich-mit-der-multi-cloud\/\" target=\"_blank\" rel=\"noopener noreferrer\">9 von 10 Unternehmen in Deutschland besch\u00e4ftigen sich mit der Multi-Cloud<\/a><\/p>\n<p><a href=\"https:\/\/blog.wiwo.de\/look-at-it\/2019\/03\/07\/9-von-10-unternehmen-mit-sicherheitsbedenken-beim-cloud-computing\/\" target=\"_blank\" rel=\"noopener noreferrer\">9 von 10 Unternehmen mit Sicherheitsbedenken beim Cloud Computing<\/a><\/p>\n<p><a href=\"https:\/\/blog.wiwo.de\/look-at-it\/2018\/10\/11\/cloud-computing-die-reise-in-die-wolke-kommt-auch-in-deutschland\/\" target=\"_blank\" rel=\"noopener noreferrer\">Cloud Computing: Die Reise in die Wolke kommt \u2013 auch in Deutschland<\/a><\/p>\n","protected":false},"excerpt":{"rendered":"<p>Vor allem Fotos wandern bei deutschen Internetntuzern in Cloud-Speicher &#8211; bei sensiblen pers\u00f6nlichen Daten sind sie hingegen weiterhin zur\u00fcckhaltend. Nicht nur Unternehmen nutzen in immer st\u00e4rkerem Umfang Cloud Computing, etwa um Firmenanwendungen auch mobil zur Verf\u00fcgung zu stellen und die &hellip; <a href=\"https:\/\/blog.wiwo.de\/look-at-it\/2019\/09\/12\/bereits-die-haelfte-der-deutschen-nutzt-die-cloud-fuer-private-daten\/\">Weiterlesen <span class=\"meta-nav\">&rarr;<\/span><\/a><\/p>\n","protected":false},"author":16,"featured_media":45656,"comment_status":"open","ping_status":"open","sticky":false,"template":"","format":"standard","meta":{"footnotes":""},"categories":[1],"tags":[16,201],"class_list":["post-45654","post","type-post","status-publish","format-standard","has-post-thumbnail","hentry","category-allgemein","tag-cloud-computing","tag-dropbox"],"_links":{"self":[{"href":"https:\/\/blog.wiwo.de\/look-at-it\/wp-json\/wp\/v2\/posts\/45654","targetHints":{"allow":["GET"]}}],"collection":[{"href":"https:\/\/blog.wiwo.de\/look-at-it\/wp-json\/wp\/v2\/posts"}],"about":[{"href":"https:\/\/blog.wiwo.de\/look-at-it\/wp-json\/wp\/v2\/types\/post"}],"author":[{"embeddable":true,"href":"https:\/\/blog.wiwo.de\/look-at-it\/wp-json\/wp\/v2\/users\/16"}],"replies":[{"embeddable":true,"href":"https:\/\/blog.wiwo.de\/look-at-it\/wp-json\/wp\/v2\/comments?post=45654"}],"version-history":[{"count":5,"href":"https:\/\/blog.wiwo.de\/look-at-it\/wp-json\/wp\/v2\/posts\/45654\/revisions"}],"predecessor-version":[{"id":45662,"href":"https:\/\/blog.wiwo.de\/look-at-it\/wp-json\/wp\/v2\/posts\/45654\/revisions\/45662"}],"wp:featuredmedia":[{"embeddable":true,"href":"https:\/\/blog.wiwo.de\/look-at-it\/wp-json\/wp\/v2\/media\/45656"}],"wp:attachment":[{"href":"https:\/\/blog.wiwo.de\/look-at-it\/wp-json\/wp\/v2\/media?parent=45654"}],"wp:term":[{"taxonomy":"category","embeddable":true,"href":"https:\/\/blog.wiwo.de\/look-at-it\/wp-json\/wp\/v2\/categories?post=45654"},{"taxonomy":"post_tag","embeddable":true,"href":"https:\/\/blog.wiwo.de\/look-at-it\/wp-json\/wp\/v2\/tags?post=45654"}],"curies":[{"name":"wp","href":"https:\/\/api.w.org\/{rel}","templated":true}]}}