{"id":45577,"date":"2019-09-04T07:30:23","date_gmt":"2019-09-04T05:30:23","guid":{"rendered":"https:\/\/blog.wiwo.de\/look-at-it\/?p=45577"},"modified":"2020-05-05T11:25:44","modified_gmt":"2020-05-05T09:25:44","slug":"digitaler-arbeitsplatz-fast-jeder-zweite-mailt-sich-dokumente-statt-cloud-speicher-zu-nutzen","status":"publish","type":"post","link":"https:\/\/blog.wiwo.de\/look-at-it\/2019\/09\/04\/digitaler-arbeitsplatz-fast-jeder-zweite-mailt-sich-dokumente-statt-cloud-speicher-zu-nutzen\/","title":{"rendered":"Digitaler Arbeitsplatz: Fast jeder Zweite mailt sich Dokumente, statt Cloud-Speicher zu nutzen"},"content":{"rendered":"<p><strong>Digitale Arbeitspl\u00e4tze in Deutschland sind oft noch ineffizient und unsicher; die interne Kommunikation wird immer noch von Telefon und E-Mail dominiert.<\/strong><\/p>\n<p>Um den digitalen Arbeitsplatz in deutschen Unternehmen ist es weiterhin nicht gut bestellt: So schicken sich 44 Prozent der deutschen Arbeitnehmer berufliche Dokumente an die eigene E-Mail-Adresse, um sie au\u00dferhalb des B\u00fcros zu nutzen.<\/p>\n<p>Ein F\u00fcnftel der Arbeitnehmer gibt an, immer noch mit veralteten Tools arbeiten zu m\u00fcssen. Dabei sind zwei Drittel der Befragten der Meinung, dass neue Technologien im Allgemeinen positiv zu beurteilen sind (67 Prozent). Das sind die zentralen Ergebnisse einer Studie des amerikanischen Softwareanbieters Citrix. \u201eKroker\u2019s Look @ IT\u201c pr\u00e4sentiert die Ergebnisse der Studie heute exklusiv vorab.<\/p>\n<p><img loading=\"lazy\" decoding=\"async\" class=\"aligncenter size-full wp-image-45578\" style=\"border: 0px\" src=\"https:\/\/blog.wiwo.de\/look-at-it\/files\/2019\/09\/WorkplaceCitrix1.jpg\" alt=\"\" width=\"560\" height=\"304\" srcset=\"https:\/\/blog.wiwo.de\/look-at-it\/files\/2019\/09\/WorkplaceCitrix1.jpg 560w, https:\/\/blog.wiwo.de\/look-at-it\/files\/2019\/09\/WorkplaceCitrix1-300x163.jpg 300w, https:\/\/blog.wiwo.de\/look-at-it\/files\/2019\/09\/WorkplaceCitrix1-500x271.jpg 500w\" sizes=\"auto, (max-width: 560px) 100vw, 560px\" \/><\/p>\n<p>So nutzen erst 12 Prozent aller hiesigen Besch\u00e4ftigten an ihrem digitalen Arbeitsplatz einen firmeneigenen, von der IT-Abteilung verwalteten Online-Speicher wie etwa SharePoint von Microsoft oder Dropbox. Au\u00dferdem hat nur ein Viertel der Befragten ein Tool auf ihrem Laptop installiert, dass es ihnen erlaubt, \u00fcber \u00f6ffentliche WLAN-Netze zu kommunizieren.<\/p>\n<p>Die Kommunikation mit Kollegen wird immer noch von Telefon und E-Mail dominiert. 36 Prozent der Befragten melden sich am liebsten telefonisch bei anderen Mitarbeitern, 32 Prozent bevorzugen E-Mail. Interne Messenger-L\u00f6sungen wie etwa Slack nutzen hingegen erst sechs Prozent &#8211; &#8222;der ewige Kampf gegen die Kakerlake E-Mail&#8220;, <a href=\"https:\/\/www.wiwo.de\/technologie\/digitale-welt\/kommunikation-der-ewige-kampf-gegen-die-kakerlake-e-mail\/21166362.html\" target=\"_blank\" rel=\"noopener noreferrer\">so der Titel einer WiWo-Story von April 2018, h\u00e4lt also weiter an<\/a>.<\/p>\n<p>Im Allgemeinen ist die Mehrheit der Befragten der Meinung, dass neue Technologien die Unternehmen voran bringen. 44 Prozent sehen neue Technologien als essentiell an, um eine Firma zu st\u00e4rken und die Mitarbeiter effizient arbeiten zu lassen. F\u00fcr ein Viertel sind neue Technologien meist gleichbedeutend mit Produktivit\u00e4tssteigerungen &#8211; sie sollten jedoch nicht zum Selbstzweck werden (23 Prozent).<\/p>\n<p>Wenn es darum geht, die richtigen Tools f\u00fcr neue Aufgaben zu finden, vertraut ein Viertel der Befragten auf die Kompetenz ihrer IT-Abteilung, um ein passendes Tool zu finden (25 Prozent). Weitere 20 Prozent suchen selbst online und bitten die IT-Abteilung, ein gefundenes Programm zu installieren. Mit 12 Prozent versucht immerhin nur eine Minderheit, auf eigene Faust Software zu installieren &#8211; Stichwort Schatten-IT.<\/p>\n<p>Weitere Zahlen &amp; Fakten aus der aktuellen Citrix-Umfrage zu digitalen Arbeitspl\u00e4tzen in Deutschland in der folgenden Infografik &#8211; zum Vergr\u00f6\u00dfern zwei Mal anklicken:<\/p>\n<p><a href=\"https:\/\/blog.wiwo.de\/look-at-it\/files\/2019\/09\/WorkplaceCitrixIG.jpg\"><img loading=\"lazy\" decoding=\"async\" class=\"aligncenter wp-image-45579 size-full\" style=\"border: 0px\" src=\"https:\/\/blog.wiwo.de\/look-at-it\/files\/2019\/09\/WorkplaceCitrixIG.jpg\" alt=\"\" width=\"800\" height=\"4708\" srcset=\"https:\/\/blog.wiwo.de\/look-at-it\/files\/2019\/09\/WorkplaceCitrixIG.jpg 800w, https:\/\/blog.wiwo.de\/look-at-it\/files\/2019\/09\/WorkplaceCitrixIG-51x300.jpg 51w, https:\/\/blog.wiwo.de\/look-at-it\/files\/2019\/09\/WorkplaceCitrixIG-768x4520.jpg 768w, https:\/\/blog.wiwo.de\/look-at-it\/files\/2019\/09\/WorkplaceCitrixIG-174x1024.jpg 174w\" sizes=\"auto, (max-width: 800px) 100vw, 800px\" \/><\/a><\/p>\n<p style=\"text-align: center\">Quelle: Citrix<\/p>\n<p><strong>Verwandte Artikel:<\/strong><\/p>\n<p><a href=\"https:\/\/blog.wiwo.de\/look-at-it\/2019\/07\/15\/junge-deutsche-berufstaetige-sehen-hoeheren-modernisierungsbedarf-am-arbeitsplatz-als-aeltere\/\" target=\"_blank\" rel=\"noopener noreferrer\">Junge Berufst\u00e4tige sehen h\u00f6heren Modernisierungsbedarf am Arbeitsplatz als \u00e4ltere<\/a><\/p>\n<p><a href=\"https:\/\/blog.wiwo.de\/look-at-it\/2018\/07\/02\/zwei-drittel-der-berufstaetigen-glauben-digitale-tools-effizient-im-arbeitsalltag-einzusetzen\/\" target=\"_blank\" rel=\"noopener noreferrer\">2\/3 der Berufst\u00e4tigen glauben, digitale Tools effizient im Arbeitsalltag einzusetzen<\/a><\/p>\n<p><a href=\"https:\/\/blog.wiwo.de\/look-at-it\/2018\/05\/30\/digitaler-arbeitsplatz-mobile-geraete-gewinnen-den-kampf-gegen-den-desktop-pc\/\" target=\"_blank\" rel=\"noopener noreferrer\">Digitaler Arbeitsplatz: Mobile Ger\u00e4te gewinnen den Kampf gegen den Desktop-PC<\/a><\/p>\n<p><a href=\"https:\/\/blog.wiwo.de\/look-at-it\/2018\/04\/16\/social-collaboration-digitale-formen-der-zusammenarbeit-liegen-erstmals-vorn\/\" target=\"_blank\" rel=\"noopener noreferrer\">Social Collaboration: Digitale Formen der Zusammenarbeit liegen erstmals vorn<\/a><\/p>\n","protected":false},"excerpt":{"rendered":"<p>Digitale Arbeitspl\u00e4tze in Deutschland sind oft noch ineffizient und unsicher; die interne Kommunikation wird immer noch von Telefon und E-Mail dominiert. Um den digitalen Arbeitsplatz in deutschen Unternehmen ist es weiterhin nicht gut bestellt: So schicken sich 44 Prozent der &hellip; <a href=\"https:\/\/blog.wiwo.de\/look-at-it\/2019\/09\/04\/digitaler-arbeitsplatz-fast-jeder-zweite-mailt-sich-dokumente-statt-cloud-speicher-zu-nutzen\/\">Weiterlesen <span class=\"meta-nav\">&rarr;<\/span><\/a><\/p>\n","protected":false},"author":16,"featured_media":45578,"comment_status":"open","ping_status":"open","sticky":false,"template":"","format":"standard","meta":{"footnotes":""},"categories":[1],"tags":[16,410,265,201,52,299],"class_list":["post-45577","post","type-post","status-publish","format-standard","has-post-thumbnail","hentry","category-allgemein","tag-cloud-computing","tag-digital-workplace","tag-digitalisierung","tag-dropbox","tag-microsoft","tag-sharepoint"],"_links":{"self":[{"href":"https:\/\/blog.wiwo.de\/look-at-it\/wp-json\/wp\/v2\/posts\/45577","targetHints":{"allow":["GET"]}}],"collection":[{"href":"https:\/\/blog.wiwo.de\/look-at-it\/wp-json\/wp\/v2\/posts"}],"about":[{"href":"https:\/\/blog.wiwo.de\/look-at-it\/wp-json\/wp\/v2\/types\/post"}],"author":[{"embeddable":true,"href":"https:\/\/blog.wiwo.de\/look-at-it\/wp-json\/wp\/v2\/users\/16"}],"replies":[{"embeddable":true,"href":"https:\/\/blog.wiwo.de\/look-at-it\/wp-json\/wp\/v2\/comments?post=45577"}],"version-history":[{"count":8,"href":"https:\/\/blog.wiwo.de\/look-at-it\/wp-json\/wp\/v2\/posts\/45577\/revisions"}],"predecessor-version":[{"id":45587,"href":"https:\/\/blog.wiwo.de\/look-at-it\/wp-json\/wp\/v2\/posts\/45577\/revisions\/45587"}],"wp:featuredmedia":[{"embeddable":true,"href":"https:\/\/blog.wiwo.de\/look-at-it\/wp-json\/wp\/v2\/media\/45578"}],"wp:attachment":[{"href":"https:\/\/blog.wiwo.de\/look-at-it\/wp-json\/wp\/v2\/media?parent=45577"}],"wp:term":[{"taxonomy":"category","embeddable":true,"href":"https:\/\/blog.wiwo.de\/look-at-it\/wp-json\/wp\/v2\/categories?post=45577"},{"taxonomy":"post_tag","embeddable":true,"href":"https:\/\/blog.wiwo.de\/look-at-it\/wp-json\/wp\/v2\/tags?post=45577"}],"curies":[{"name":"wp","href":"https:\/\/api.w.org\/{rel}","templated":true}]}}