{"id":44415,"date":"2019-03-27T07:30:15","date_gmt":"2019-03-27T06:30:15","guid":{"rendered":"https:\/\/blog.wiwo.de\/look-at-it\/?p=44415"},"modified":"2020-05-05T11:26:06","modified_gmt":"2020-05-05T09:26:06","slug":"arbeitsplatz-der-zukunft-38-prozent-der-pc-nutzer-in-unternehmen-ohne-cloud-zugriff","status":"publish","type":"post","link":"https:\/\/blog.wiwo.de\/look-at-it\/2019\/03\/27\/arbeitsplatz-der-zukunft-38-prozent-der-pc-nutzer-in-unternehmen-ohne-cloud-zugriff\/","title":{"rendered":"Arbeitsplatz der Zukunft: 38 Prozent der PC-Nutzer in Unternehmen ohne Cloud-Zugriff"},"content":{"rendered":"<p><strong>Im Privaten ist die Nutzung von Cloud-Diensten bereits st\u00e4rker ausgepr\u00e4gt als im Job &#8211; daher verlangen 60 Prozent der Besch\u00e4ftigten dies auch im B\u00fcro.<\/strong><\/p>\n<p>Lange Zeit galt der Arbeitsplatz der Zukunft mit modernen IT-Anwendungen\u00a0wie etwa Cloud Computing oder mobilen Technologien\u00a0als <a href=\"https:\/\/blog.wiwo.de\/look-at-it\/2018\/03\/19\/waas-ist-denn-das-jetzt-kommt-der-digitale-arbeitsplatz-zur-miete-aus-der-cloud\/\" target=\"_blank\" rel=\"noopener noreferrer\">wichtiger\u00a0Bestandteil der digitalen Transformation von Unternehmen, der teilweise sogar bereits in der Cloud angemietet werden kann<\/a>.<\/p>\n<p>Mittlerweile stellt sich aber die Frage: Ger\u00e4t die Digitalisierung am Arbeitsplatz ins Stocken? Grund f\u00fcr diese Skepsis sind die Ergebnisse einer Umfrage, die der amerikanische Softwareanbieter Citrix im Januar unter 1000 Arbeitnehmern in Unternehmen mit mehr als 250 Mitarbeitern durchgef\u00fchrt hat.\u00a0 &#8222;Kroker&#8217;s Look @ IT&#8220; pr\u00e4sentiert die Ergebnisse der Studie heute exklusiv vorab.<\/p>\n<p><img loading=\"lazy\" decoding=\"async\" class=\"aligncenter size-full wp-image-44418\" style=\"border: 0px\" src=\"https:\/\/blog.wiwo.de\/look-at-it\/files\/2019\/03\/DigitalWorkplace1.jpg\" alt=\"\" width=\"600\" height=\"244\" srcset=\"https:\/\/blog.wiwo.de\/look-at-it\/files\/2019\/03\/DigitalWorkplace1.jpg 600w, https:\/\/blog.wiwo.de\/look-at-it\/files\/2019\/03\/DigitalWorkplace1-300x122.jpg 300w, https:\/\/blog.wiwo.de\/look-at-it\/files\/2019\/03\/DigitalWorkplace1-500x203.jpg 500w\" sizes=\"auto, (max-width: 600px) 100vw, 600px\" \/><\/p>\n<p>Wichtigster Befund:\u00a0Von den Berufst\u00e4tigen, die einen Computer nutzen, bekommen 38 Prozent noch keinerlei Cloud-Dienste von ihrem Arbeitgeber bereitgestellt. Gleichzeitig bekundet eine Mehrheit von 60 Prozent der Arbeitnehmer, dass sie gerne in der Cloud arbeiten m\u00f6chte.<\/p>\n<p>Dabei geht&#8217;s nicht nur um Mitarbeiterzufriedenheit, sondern auch um einen bisher wenig betrachteten Sicherheitsaspekt &#8211; Stichwort Schatten-IT: Weil entsprechende L\u00f6sungen vom Arbeitgeber nicht bereitgestellt wurden, haben bereits drei von zehn Arbeitnehmern eigenm\u00e4chtig Programme installiert oder nicht freigegebene L\u00f6sungen genutzt (28 Prozent).<\/p>\n<p>Ein wichtiger Grund f\u00fcr die W\u00fcnsche der Arbeitnehmer: Im Privaten ist die Nutzung von Cloud-Diensten bereits st\u00e4rker ausgepr\u00e4gt als im beruflichen Umfeld: 34 Prozent nutzen die Cloud rein privat, acht Prozent rein beruflich und 26 Prozent f\u00fcr beide Zwecke.<\/p>\n<p>Viele Berufstatige m\u00f6chten einfache L\u00f6sungen, die sie aus dem Privatleben kennen, auch gerne an ihrem Arbeitsplatz nutzen. Dazu z\u00e4hlen etwa Messenger wie WhatsApp &amp; Co.: 31 Prozent der Belegschaft w\u00fcrden solche gerne nutzen, allerdings bieten nur 24 Prozent der Unternehmen diese M\u00f6glichkeit an.<\/p>\n<p>Arbeitnehmer sehen durch einen digitalen Arbeitsplatz erhebliches Verbesserungspotenzial im Job. 43 Prozent der Teilnehmer der Studie sagen, durch neue Technologie w\u00fcrden sie zeitlich flexibler arbeiten. R\u00e4umlich flexibleres Arbeiten sehen 44 Prozent der Befragten als Vorteil der Cloud-Nutzung. Die H\u00e4lfte denkt, dass sie durch diese Technologien effizienter arbeiten k\u00f6nnen.<\/p>\n<p>Weitere Zahlen &amp; Fakten aus der Citrix-Umfrage in der folgenden Infografik:<\/p>\n<p><img loading=\"lazy\" decoding=\"async\" class=\"aligncenter size-full wp-image-44417\" style=\"border: 0px\" src=\"https:\/\/blog.wiwo.de\/look-at-it\/files\/2019\/03\/DigitalWorkplaceIG.jpg\" alt=\"\" width=\"560\" height=\"3150\" srcset=\"https:\/\/blog.wiwo.de\/look-at-it\/files\/2019\/03\/DigitalWorkplaceIG.jpg 560w, https:\/\/blog.wiwo.de\/look-at-it\/files\/2019\/03\/DigitalWorkplaceIG-182x1024.jpg 182w\" sizes=\"auto, (max-width: 560px) 100vw, 560px\" \/><\/p>\n<p style=\"text-align: center\">Quelle: Citrix<\/p>\n<p><strong>Verwandte Artikel:<\/strong><\/p>\n<p><a href=\"https:\/\/blog.wiwo.de\/look-at-it\/2018\/10\/22\/bei-6-von-10-beschaeftigten-hat-der-digitale-arbeitsplatz-den-bueroalltag-erheblich-vereinfacht\/\" target=\"_blank\" rel=\"noopener noreferrer\">Bei 6 von 10 Besch\u00e4ftigten hat der digitale Arbeitsplatz den B\u00fcroalltag vereinfacht<\/a><\/p>\n<p><a href=\"https:\/\/blog.wiwo.de\/look-at-it\/2018\/10\/01\/45-prozent-der-beschaeftigten-hoffen-auf-mehr-freiheiten-durch-digitalen-arbeitsplatz\/\" target=\"_blank\" rel=\"noopener noreferrer\">45 Prozent der Besch\u00e4ftigten hoffen auf mehr Freiheiten durch digitalen Arbeitsplatz<\/a><\/p>\n<p><a href=\"https:\/\/blog.wiwo.de\/look-at-it\/2018\/05\/30\/digitaler-arbeitsplatz-mobile-geraete-gewinnen-den-kampf-gegen-den-desktop-pc\/\" target=\"_blank\" rel=\"noopener noreferrer\">Digitaler Arbeitsplatz: Mobile Ger\u00e4te gewinnen den Kampf gegen den Desktop-PC<\/a><\/p>\n<p><a href=\"https:\/\/blog.wiwo.de\/look-at-it\/2018\/04\/16\/social-collaboration-digitale-formen-der-zusammenarbeit-liegen-erstmals-vorn\/\" target=\"_blank\" rel=\"noopener noreferrer\">Social Collaboration: Digitale Formen der Zusammenarbeit liegen erstmals vorn<\/a><\/p>\n","protected":false},"excerpt":{"rendered":"<p>Im Privaten ist die Nutzung von Cloud-Diensten bereits st\u00e4rker ausgepr\u00e4gt als im Job &#8211; daher verlangen 60 Prozent der Besch\u00e4ftigten dies auch im B\u00fcro. Lange Zeit galt der Arbeitsplatz der Zukunft mit modernen IT-Anwendungen\u00a0wie etwa Cloud Computing oder mobilen Technologien\u00a0als &hellip; <a href=\"https:\/\/blog.wiwo.de\/look-at-it\/2019\/03\/27\/arbeitsplatz-der-zukunft-38-prozent-der-pc-nutzer-in-unternehmen-ohne-cloud-zugriff\/\">Weiterlesen <span class=\"meta-nav\">&rarr;<\/span><\/a><\/p>\n","protected":false},"author":16,"featured_media":44418,"comment_status":"open","ping_status":"open","sticky":false,"template":"","format":"standard","meta":{"footnotes":""},"categories":[1],"tags":[16,410,265],"class_list":["post-44415","post","type-post","status-publish","format-standard","has-post-thumbnail","hentry","category-allgemein","tag-cloud-computing","tag-digital-workplace","tag-digitalisierung"],"_links":{"self":[{"href":"https:\/\/blog.wiwo.de\/look-at-it\/wp-json\/wp\/v2\/posts\/44415","targetHints":{"allow":["GET"]}}],"collection":[{"href":"https:\/\/blog.wiwo.de\/look-at-it\/wp-json\/wp\/v2\/posts"}],"about":[{"href":"https:\/\/blog.wiwo.de\/look-at-it\/wp-json\/wp\/v2\/types\/post"}],"author":[{"embeddable":true,"href":"https:\/\/blog.wiwo.de\/look-at-it\/wp-json\/wp\/v2\/users\/16"}],"replies":[{"embeddable":true,"href":"https:\/\/blog.wiwo.de\/look-at-it\/wp-json\/wp\/v2\/comments?post=44415"}],"version-history":[{"count":11,"href":"https:\/\/blog.wiwo.de\/look-at-it\/wp-json\/wp\/v2\/posts\/44415\/revisions"}],"predecessor-version":[{"id":47631,"href":"https:\/\/blog.wiwo.de\/look-at-it\/wp-json\/wp\/v2\/posts\/44415\/revisions\/47631"}],"wp:featuredmedia":[{"embeddable":true,"href":"https:\/\/blog.wiwo.de\/look-at-it\/wp-json\/wp\/v2\/media\/44418"}],"wp:attachment":[{"href":"https:\/\/blog.wiwo.de\/look-at-it\/wp-json\/wp\/v2\/media?parent=44415"}],"wp:term":[{"taxonomy":"category","embeddable":true,"href":"https:\/\/blog.wiwo.de\/look-at-it\/wp-json\/wp\/v2\/categories?post=44415"},{"taxonomy":"post_tag","embeddable":true,"href":"https:\/\/blog.wiwo.de\/look-at-it\/wp-json\/wp\/v2\/tags?post=44415"}],"curies":[{"name":"wp","href":"https:\/\/api.w.org\/{rel}","templated":true}]}}