{"id":44022,"date":"2019-03-08T07:30:28","date_gmt":"2019-03-08T06:30:28","guid":{"rendered":"https:\/\/blog.wiwo.de\/look-at-it\/?p=44022"},"modified":"2019-03-07T15:28:13","modified_gmt":"2019-03-07T14:28:13","slug":"krokers-ram-die-unternehmen-verhalten-sich-in-der-cloud-januskopfig","status":"publish","type":"post","link":"https:\/\/blog.wiwo.de\/look-at-it\/2019\/03\/08\/krokers-ram-die-unternehmen-verhalten-sich-in-der-cloud-januskopfig\/","title":{"rendered":"Krokers RAM: Die Unternehmen verhalten sich in der Cloud janusk\u00f6pfig!"},"content":{"rendered":"<p><strong>Mein Rant am Morgen: Die Sicherheitsbedenken der Unternehmen bez\u00fcglich der Internet-Wolke verharren auf hohem Niveau &#8211; dabei k\u00f6nnen Cloud-Provider in der Regel ein h\u00f6heres Security-Level sicherstellen, als es insbesondere Mittelst\u00e4ndler je selber gew\u00e4hrleisten k\u00f6nnten.<\/strong><\/p>\n<p>Wie ich gestern hier im Blog berichtet habe, gehen einerseits immer mehr Unternehmen in die Cloud &#8211; und nutzen sie zum Speichern von Daten und dem leichteren Abrufen von Anwendungen. Andererseits haben immer noch <a href=\"https:\/\/blog.wiwo.de\/look-at-it\/2019\/03\/07\/9-von-10-unternehmen-mit-sicherheitsbedenken-beim-cloud-computing\/\" target=\"_blank\" rel=\"noopener\">neun von zehn IT-Verantwortlichen Sicherheitsbedenken hinsichtlich der Internet-Wolke<\/a>.<\/p>\n<p><img decoding=\"async\" class=\"aligncenter\" style=\"border: 0px\" src=\"https:\/\/blog.wiwo.de\/look-at-it\/files\/2019\/03\/SecurityCloud1.jpg\" alt=\"\" \/><\/p>\n<p>Damit verhalten sich die Unternehmen in der Cloud &#8211; das muss man so krass ausdr\u00fccken &#8211; nachgerade janusk\u00f6pfig: Denn bei Lichte betrachtet ist Cloud Computing grunds\u00e4tzlich sicherer als die IT im eigenen Unternehmen.<\/p>\n<p>Grund: Im Falle von Applikationen aus der Internet-Wolke ist es der jeweilige Cloud-Provider, der sich um Aktualisierungen und Sicherheits-Updates k\u00fcmmert &#8211; das geht als zentrale Instanz viel einfacher, als m\u00fcsste ein Unternehmen alle im Netzwerk angeschlossenen Rechner updaten.<\/p>\n<p>Mehr noch: In der Regel sind die Rechenzentren gro\u00dfer Cloud-Anbieter auch deutlich besser vor Hacker-Angriffen gesch\u00fctzt wie etwa vor\u00a0<a href=\"https:\/\/de.wikipedia.org\/wiki\/Denial_of_Service\" target=\"_blank\" rel=\"noopener\">Denial-of-Service-(DoS)<\/a>-Attacken &#8211; dabei werden\u00a0Internet-Seiten durch ein Massenbombardement mit elektronischen Anfragen lahmlegt. Insbesondere der Mittelstand verf\u00fcgt kaum \u00fcber die Kapazit\u00e4ten, die eigenen Rechner selber entsprechend abzusichern.<\/p>\n<p>Die Statistik hat aber noch einen weiteren gro\u00dfen Schwachpunkt, auf den mich ein Leser hinwies: So h\u00e4tte die Erhebung auch die Frage stellen m\u00fcssen, wie viele Leute Sicherheitsbedenken f\u00fcr selbst betriebene Rechenzentren haben. Denn nach der Flut der Ransomeware-Erpressertrojaner in den letzten Jahren d\u00fcrften die Sorgen vieler Nutzer auch um die unternehmensintern gespeicherten Daten hoch sein.<\/p>\n<p><strong>Verwandte Artikel:<\/strong><\/p>\n<p><a href=\"https:\/\/blog.wiwo.de\/look-at-it\/2019\/02\/01\/krokers-ram-nach-dem-umbau-ist-vor-dem-umbau-bei-sap\/\" target=\"_blank\" rel=\"noopener\">Krokers RAM: Nach dem Umbau ist vor dem Umbau bei SAP<\/a><\/p>\n<p><a href=\"https:\/\/blog.wiwo.de\/look-at-it\/2019\/01\/25\/krokers-ram-ebay-muss-sich-radikal-neu-erfinden\/\" target=\"_blank\" rel=\"noopener\">Krokers RAM: Ebay muss sich radikal neu erfinden!<\/a><\/p>\n<p><a href=\"https:\/\/blog.wiwo.de\/look-at-it\/2019\/01\/18\/krokers-ram-mehr-aufklaerung-ueber-kuenstliche-intelligenz-bitte\/\" target=\"_blank\" rel=\"noopener\">Krokers RAM: Mehr Aufkl\u00e4rung \u00fcber k\u00fcnstliche Intelligenz, bitte!<\/a><\/p>\n<p><a href=\"https:\/\/blog.wiwo.de\/look-at-it\/2019\/01\/11\/krokers-ram-schuetzt-eure-geraete-und-konten-im-internet-endlich-mit-sicheren-passwoertern\/\" target=\"_blank\" rel=\"noopener\">Krokers RAM: Sch\u00fctzt Eure Konten im Internet endlich mit sicheren Passw\u00f6rtern!<\/a><\/p>\n","protected":false},"excerpt":{"rendered":"<p>Mein Rant am Morgen: Die Sicherheitsbedenken der Unternehmen bez\u00fcglich der Internet-Wolke verharren auf hohem Niveau &#8211; dabei k\u00f6nnen Cloud-Provider in der Regel ein h\u00f6heres Security-Level sicherstellen, als es insbesondere Mittelst\u00e4ndler je selber gew\u00e4hrleisten k\u00f6nnten. Wie ich gestern hier im Blog &hellip; <a href=\"https:\/\/blog.wiwo.de\/look-at-it\/2019\/03\/08\/krokers-ram-die-unternehmen-verhalten-sich-in-der-cloud-januskopfig\/\">Weiterlesen <span class=\"meta-nav\">&rarr;<\/span><\/a><\/p>\n","protected":false},"author":16,"featured_media":44103,"comment_status":"open","ping_status":"open","sticky":false,"template":"","format":"standard","meta":{"footnotes":""},"categories":[1],"tags":[16,142,304],"class_list":["post-44022","post","type-post","status-publish","format-standard","has-post-thumbnail","hentry","category-allgemein","tag-cloud-computing","tag-cybersecurity","tag-ram"],"_links":{"self":[{"href":"https:\/\/blog.wiwo.de\/look-at-it\/wp-json\/wp\/v2\/posts\/44022","targetHints":{"allow":["GET"]}}],"collection":[{"href":"https:\/\/blog.wiwo.de\/look-at-it\/wp-json\/wp\/v2\/posts"}],"about":[{"href":"https:\/\/blog.wiwo.de\/look-at-it\/wp-json\/wp\/v2\/types\/post"}],"author":[{"embeddable":true,"href":"https:\/\/blog.wiwo.de\/look-at-it\/wp-json\/wp\/v2\/users\/16"}],"replies":[{"embeddable":true,"href":"https:\/\/blog.wiwo.de\/look-at-it\/wp-json\/wp\/v2\/comments?post=44022"}],"version-history":[{"count":9,"href":"https:\/\/blog.wiwo.de\/look-at-it\/wp-json\/wp\/v2\/posts\/44022\/revisions"}],"predecessor-version":[{"id":44111,"href":"https:\/\/blog.wiwo.de\/look-at-it\/wp-json\/wp\/v2\/posts\/44022\/revisions\/44111"}],"wp:featuredmedia":[{"embeddable":true,"href":"https:\/\/blog.wiwo.de\/look-at-it\/wp-json\/wp\/v2\/media\/44103"}],"wp:attachment":[{"href":"https:\/\/blog.wiwo.de\/look-at-it\/wp-json\/wp\/v2\/media?parent=44022"}],"wp:term":[{"taxonomy":"category","embeddable":true,"href":"https:\/\/blog.wiwo.de\/look-at-it\/wp-json\/wp\/v2\/categories?post=44022"},{"taxonomy":"post_tag","embeddable":true,"href":"https:\/\/blog.wiwo.de\/look-at-it\/wp-json\/wp\/v2\/tags?post=44022"}],"curies":[{"name":"wp","href":"https:\/\/api.w.org\/{rel}","templated":true}]}}