{"id":41978,"date":"2018-06-25T07:30:50","date_gmt":"2018-06-25T05:30:50","guid":{"rendered":"https:\/\/blog.wiwo.de\/look-at-it\/?p=41978"},"modified":"2018-10-09T11:21:43","modified_gmt":"2018-10-09T09:21:43","slug":"et-voila-instagram-der-vierte-milliarden-dienst-des-facebook-imperiums","status":"publish","type":"post","link":"https:\/\/blog.wiwo.de\/look-at-it\/2018\/06\/25\/et-voila-instagram-der-vierte-milliarden-dienst-des-facebook-imperiums\/","title":{"rendered":"Et voil\u00e0: Instagram &#8211; der vierte Milliarden-Dienst des Facebook-Imperiums"},"content":{"rendered":"<p><strong>Nach Facebook selber und den beiden Messaging-Apps WhatsApp sowie Facebook Messenger erreicht Instagram die magische Milliarden-Marke.<\/strong><\/p>\n<p>Es zeichnete sich bereits vor gut einem Jahr ab: Als Instagram im April 2017 die Marke von 700 Millionen monatlich aktiven Nutzern \u00fcberquerte, verzeichnete\u00a0die Facebook-Foto-Tochter <a href=\"https:\/\/blog.wiwo.de\/look-at-it\/2017\/08\/02\/facebook-whatsapp-instagram-so-gigantisch-ist-das-zuckerberg-imperium\/\" target=\"_blank\" rel=\"noopener\">in jenem Quartal zugleich das st\u00e4rkste Wachstum \u00fcberhaupt<\/a>.<\/p>\n<p>Damit war klar: Es ist nur noch eine Frage der Zeit, bis auch Instagram die magische Schwelle von einer Milliarde Nutzern \u00fcberqueren wird. Mitte der vergangenen Woche war es dann so weit, als\u00a0Instagram-Gr\u00fcnder Kevin Systrom auf einem Presse-Event in Kalifornien folgenden Chart pr\u00e4sentierte (zum Vergr\u00f6\u00dfern anklicken):<\/p>\n<p><a href=\"https:\/\/techcrunch.com\/wp-content\/uploads\/2018\/06\/Instagram-1-billion-users.png\"><img loading=\"lazy\" decoding=\"async\" class=\"aligncenter\" style=\"border: 0px\" src=\"https:\/\/techcrunch.com\/wp-content\/uploads\/2018\/06\/Instagram-1-billion-users.png\" alt=\"\" width=\"2560\" height=\"1440\" \/><\/a><\/p>\n<p style=\"text-align: center\">Quelle: <a href=\"https:\/\/techcrunch.com\/2018\/06\/20\/instagram-1-billion-users\/\" target=\"_blank\" rel=\"noopener\">TechCrunch<\/a><\/p>\n<p>Geht es nach Systrom, ist das erst der Anfang: Denn eigentlich ging es bei jener Veranstaltung um etwas anderes &#8211;\u00a0den Start der neuen Video-App IGTV: Denn damit <a href=\"https:\/\/meedia.de\/2018\/06\/20\/instagram-launcht-neue-video-app-igtv-die-facebook-tochter-startet-frontalangriff-auf-youtube-und-verkuendet-eine-milliarde-nutzer\/\" target=\"_blank\" rel=\"noopener\">plant die Facebook-Tochter nichts geringeres als einen Frontalangriff auf YouTube<\/a>.<\/p>\n<p>Ob der gelingt, bleibt abzuwarten: Schlie\u00dflich ist die Video-Tochter aus dem Hause Google bis heute das Ma\u00df aller Dinge bei Bewegtbildern im Internet &#8211; auch und gerade bei der jungen Zielgruppe, die sich sonst auch gerne auf Instagram tummelt.<\/p>\n<p>So oder so gilt aber: Nach dem <a href=\"https:\/\/blog.wiwo.de\/look-at-it\/2012\/10\/08\/facebook-eine-milliarde-nutzer-60-prozent-mobil-per-smartphone\/\" target=\"_blank\" rel=\"noopener\">sozialen Netzwerk Facebook selber (Oktober 2012)<\/a>, dem <a href=\"https:\/\/blog.wiwo.de\/look-at-it\/2016\/02\/02\/whatsapp-der-erste-messenger-mit-einer-milliarde-nutzer\/\" target=\"_blank\" rel=\"noopener\">zugekauften Messenger WhatsApp (Februar 2016)<\/a>\u00a0sowie dem seinerzeit erst zwei Jahre zuvor in eine\u00a0<a href=\"https:\/\/blog.wiwo.de\/look-at-it\/2016\/07\/22\/facebook-messenger-von-der-abspaltung-zu-einer-milliarde-nutzer-in-zwei-jahren\/\" target=\"_blank\" rel=\"noopener\">eigenst\u00e4ndige App ausgelagerten Facebook Messenger (Juli 2016)<\/a>\u00a0hat nun Instagram als vierter Dienst des Zuckerberg-Imperiums die Milliarden-Schwelle erreicht &#8211; beeindruckend, aus Wettbewerbssicht aber auch be\u00e4ngstigend.<\/p>\n<p><strong>Verwandte Artikel:<\/strong><\/p>\n<p><a href=\"https:\/\/blog.wiwo.de\/look-at-it\/2017\/08\/02\/facebook-whatsapp-instagram-so-gigantisch-ist-das-zuckerberg-imperium\/\" target=\"_blank\" rel=\"noopener\">Facebook, WhatsApp &amp; Instagram: So gigantisch ist das Zuckerberg-Imperium<\/a><\/p>\n<p><a href=\"https:\/\/blog.wiwo.de\/look-at-it\/2017\/02\/14\/das-facebook-imperium-auf-dem-weg-zur-totalen-social-media-dominanz\/\" target=\"_blank\" rel=\"noopener noreferrer\">Das Facebook-Imperium \u2013 auf dem Weg zur totalen Social-Media-Dominanz<\/a><\/p>\n<p><a href=\"https:\/\/blog.wiwo.de\/look-at-it\/2016\/07\/22\/facebook-messenger-von-der-abspaltung-zu-einer-milliarde-nutzer-in-zwei-jahren\/\" target=\"_blank\" rel=\"noopener noreferrer\">Chronik aller 65 \u00dcbernahmen von Facebook \u2013 von August 2005 bis September 2016<\/a><\/p>\n<p><a href=\"https:\/\/blog.wiwo.de\/look-at-it\/2016\/11\/22\/instagram-live-video-verschwindende-bilder-plus-25-weitere-wichtige-fakten\/\" target=\"_blank\" rel=\"noopener noreferrer\">Instagram Live-Video &amp; verschwindende Bilder \u2013 plus 25 weitere wichtige Fakten<\/a><\/p>\n","protected":false},"excerpt":{"rendered":"<p>Nach Facebook selber und den beiden Messaging-Apps WhatsApp sowie Facebook Messenger erreicht Instagram die magische Milliarden-Marke. Es zeichnete sich bereits vor gut einem Jahr ab: Als Instagram im April 2017 die Marke von 700 Millionen monatlich aktiven Nutzern \u00fcberquerte, verzeichnete\u00a0die &hellip; <a href=\"https:\/\/blog.wiwo.de\/look-at-it\/2018\/06\/25\/et-voila-instagram-der-vierte-milliarden-dienst-des-facebook-imperiums\/\">Weiterlesen <span class=\"meta-nav\">&rarr;<\/span><\/a><\/p>\n","protected":false},"author":16,"featured_media":0,"comment_status":"open","ping_status":"open","sticky":false,"template":"","format":"standard","meta":{"footnotes":""},"categories":[1],"tags":[23,282,90,221,96,156],"class_list":["post-41978","post","type-post","status-publish","format-standard","hentry","category-allgemein","tag-facebook","tag-facebook-messenger","tag-instagram","tag-messenger","tag-social-media","tag-whatsapp"],"_links":{"self":[{"href":"https:\/\/blog.wiwo.de\/look-at-it\/wp-json\/wp\/v2\/posts\/41978","targetHints":{"allow":["GET"]}}],"collection":[{"href":"https:\/\/blog.wiwo.de\/look-at-it\/wp-json\/wp\/v2\/posts"}],"about":[{"href":"https:\/\/blog.wiwo.de\/look-at-it\/wp-json\/wp\/v2\/types\/post"}],"author":[{"embeddable":true,"href":"https:\/\/blog.wiwo.de\/look-at-it\/wp-json\/wp\/v2\/users\/16"}],"replies":[{"embeddable":true,"href":"https:\/\/blog.wiwo.de\/look-at-it\/wp-json\/wp\/v2\/comments?post=41978"}],"version-history":[{"count":15,"href":"https:\/\/blog.wiwo.de\/look-at-it\/wp-json\/wp\/v2\/posts\/41978\/revisions"}],"predecessor-version":[{"id":42899,"href":"https:\/\/blog.wiwo.de\/look-at-it\/wp-json\/wp\/v2\/posts\/41978\/revisions\/42899"}],"wp:attachment":[{"href":"https:\/\/blog.wiwo.de\/look-at-it\/wp-json\/wp\/v2\/media?parent=41978"}],"wp:term":[{"taxonomy":"category","embeddable":true,"href":"https:\/\/blog.wiwo.de\/look-at-it\/wp-json\/wp\/v2\/categories?post=41978"},{"taxonomy":"post_tag","embeddable":true,"href":"https:\/\/blog.wiwo.de\/look-at-it\/wp-json\/wp\/v2\/tags?post=41978"}],"curies":[{"name":"wp","href":"https:\/\/api.w.org\/{rel}","templated":true}]}}