{"id":39463,"date":"2017-09-25T07:30:52","date_gmt":"2017-09-25T05:30:52","guid":{"rendered":"https:\/\/blog.wiwo.de\/look-at-it\/?p=39463"},"modified":"2017-09-25T09:35:40","modified_gmt":"2017-09-25T07:35:40","slug":"user-nutzen-social-media-215-stunden-am-tag-ein-drittel-der-gesamten-internet-zeit","status":"publish","type":"post","link":"https:\/\/blog.wiwo.de\/look-at-it\/2017\/09\/25\/user-nutzen-social-media-215-stunden-am-tag-ein-drittel-der-gesamten-internet-zeit\/","title":{"rendered":"User nutzen Social Media 2:15 Stunden am Tag \u2013 ein Drittel der gesamten Internet-Zeit"},"content":{"rendered":"<p><strong>Die Zeit auf Facebook, Twitter &amp; Co. w\u00e4chst schneller als die gesamte Online-Nutzung &#8211; so\u00a0entf\u00e4llt auf soziale Netzwerke ein immer gr\u00f6\u00dferer\u00a0Nutzungs-Anteil.<\/strong><\/p>\n<p>Und sie w\u00e4chst und w\u00e4chst und w\u00e4chst &#8211; die Rede ist von der durchschnittlichen Zeit, welche die\u00a0Internet-Nutzer mit Social Media verbringen:\u00a0Laut k\u00fcrzlich ver\u00f6ffentlichten Zahlen des britischen Marktforschers GlobalWebIndex tummeln sich die Nutzer inzwischen <a href=\"https:\/\/blog.globalwebindex.net\/chart-of-the-day\/social-media-captures-30-of-online-time\/\" target=\"_blank\" rel=\"noopener noreferrer\">zweieinviertel Stunden t\u00e4glich in\u00a0Facebook, Twitter &amp; Co<\/a>.<\/p>\n<p>Zum Vergleich: Vor zwei Jahren lag jener Wert <a href=\"https:\/\/blog.wiwo.de\/look-at-it\/2015\/10\/20\/user-nutzen-social-media-fast-18-stunden-am-tag-30-prozent-der-gesamten-internet-zeit\/\" target=\"_blank\" rel=\"noopener noreferrer\">noch deutlich unter zwei Stunden<\/a>; im Jahr 2012 sogar erst bei anderthalb Stunden. Das bedeutet:\u00a0Innerhalb von sechs Jahren ist die Nutzungsdauer sozialer Netzwerke um 50 Prozent gestiegen.<\/p>\n<p>Auch relativ gesehen w\u00e4chst die Bedeutung von Social Media weiter: Gemessen an der gesamten im Internet verbrachten Zeit entf\u00e4llt auf Facebook &amp; Co. nunmehr ein Anteil von 33 Prozent, sprich einem Drittel:<\/p>\n<p><img decoding=\"async\" class=\"aligncenter\" style=\"border: 0px\" src=\"https:\/\/blog.wiwo.de\/look-at-it\/files\/2017\/09\/SocialTime17_1.jpg\" alt=\"\" \/><\/p>\n<p style=\"text-align: center\">Quelle: <a href=\"https:\/\/blog.globalwebindex.net\/chart-of-the-day\/social-media-captures-30-of-online-time\/\" target=\"_blank\" rel=\"noopener noreferrer\">GlobalWebIndex<\/a><\/p>\n<p style=\"text-align: left\">Vor zwei Jahren, <a href=\"https:\/\/blog.wiwo.de\/look-at-it\/2015\/10\/20\/user-nutzen-social-media-fast-18-stunden-am-tag-30-prozent-der-gesamten-internet-zeit\/\" target=\"_blank\" rel=\"noopener noreferrer\">als ich die GlobalWebIndex-Daten zuletzt hier im Blog begutachtete<\/a>, kamen soziale Netzwerke dagegen erst auf einen Anteil von 29 Prozent. Soll hei\u00dfen: Die Social-Media-Nutzung w\u00e4chst noch schneller als die Internet-Nutzung &#8211; und\u00a0knabbert daher einen wachsenden Anteil an der gesamten Online-Zeit ab.<\/p>\n<p style=\"text-align: left\">Der Befund deckt sich mit\u00a0absoluten Zahlen, die ich k\u00fcrzlich hier pr\u00e4sentiert habe: Demnach ist die globale Social-Media-Nutzung erstmals \u00fcber die Schwelle von drei\u00a0Milliarden Nutzer geklettert &#8211;\u00a0<a href=\"https:\/\/blog.wiwo.de\/look-at-it\/2017\/08\/30\/erstmals-mehr-als-3-milliarden-social-media-nutzer-40-prozent-der-weltbevoelkerung\/\" target=\"_blank\" rel=\"noopener noreferrer\">und umfasst nunmehr 40 Prozent der Weltbev\u00f6lkerung<\/a>.<\/p>\n<p><strong>Verwandte Artikel:<\/strong><\/p>\n<p><a href=\"https:\/\/blog.wiwo.de\/look-at-it\/2017\/08\/30\/erstmals-mehr-als-3-milliarden-social-media-nutzer-40-prozent-der-weltbevoelkerung\/\">Erstmals mehr als 3 Milliarden Social-Media-Nutzer \u2013 40 Prozent der Weltbev\u00f6lkerung<\/a><\/p>\n<p><a href=\"https:\/\/blog.wiwo.de\/look-at-it\/2017\/08\/02\/facebook-whatsapp-instagram-so-gigantisch-ist-das-zuckerberg-imperium\/\" target=\"_blank\" rel=\"noopener noreferrer\">Facebook, WhatsApp &amp; Instagram: So gigantisch ist das Zuckerberg-Imperium<\/a><\/p>\n<p><a href=\"https:\/\/blog.wiwo.de\/look-at-it\/2017\/08\/01\/die-wichtigsten-nutzungs-zahlen-von-twitter-stand-mitte-2017\/\">Die wichtigsten Nutzungs-Zahlen von Twitter \u2013 Stand Mitte 2017<\/a><\/p>\n<p><a href=\"https:\/\/blog.wiwo.de\/look-at-it\/2017\/06\/08\/linkedin-erreicht-10-millionen-deutschsprachige-nutzer-kommt-xing-aber-nicht-naeher\/\" target=\"_blank\" rel=\"noopener noreferrer\">LinkedIn erreicht 10 Millionen deutschsprachige Nutzer \u2013 kommt Xing aber nicht n\u00e4her<\/a><\/p>\n","protected":false},"excerpt":{"rendered":"<p>Die Zeit auf Facebook, Twitter &amp; Co. w\u00e4chst schneller als die gesamte Online-Nutzung &#8211; so\u00a0entf\u00e4llt auf soziale Netzwerke ein immer gr\u00f6\u00dferer\u00a0Nutzungs-Anteil. Und sie w\u00e4chst und w\u00e4chst und w\u00e4chst &#8211; die Rede ist von der durchschnittlichen Zeit, welche die\u00a0Internet-Nutzer mit Social &hellip; <a href=\"https:\/\/blog.wiwo.de\/look-at-it\/2017\/09\/25\/user-nutzen-social-media-215-stunden-am-tag-ein-drittel-der-gesamten-internet-zeit\/\">Weiterlesen <span class=\"meta-nav\">&rarr;<\/span><\/a><\/p>\n","protected":false},"author":16,"featured_media":39480,"comment_status":"open","ping_status":"open","sticky":false,"template":"","format":"standard","meta":{"footnotes":""},"categories":[1],"tags":[23,40,96,73],"class_list":["post-39463","post","type-post","status-publish","format-standard","has-post-thumbnail","hentry","category-allgemein","tag-facebook","tag-internet","tag-social-media","tag-twitter"],"_links":{"self":[{"href":"https:\/\/blog.wiwo.de\/look-at-it\/wp-json\/wp\/v2\/posts\/39463","targetHints":{"allow":["GET"]}}],"collection":[{"href":"https:\/\/blog.wiwo.de\/look-at-it\/wp-json\/wp\/v2\/posts"}],"about":[{"href":"https:\/\/blog.wiwo.de\/look-at-it\/wp-json\/wp\/v2\/types\/post"}],"author":[{"embeddable":true,"href":"https:\/\/blog.wiwo.de\/look-at-it\/wp-json\/wp\/v2\/users\/16"}],"replies":[{"embeddable":true,"href":"https:\/\/blog.wiwo.de\/look-at-it\/wp-json\/wp\/v2\/comments?post=39463"}],"version-history":[{"count":0,"href":"https:\/\/blog.wiwo.de\/look-at-it\/wp-json\/wp\/v2\/posts\/39463\/revisions"}],"wp:featuredmedia":[{"embeddable":true,"href":"https:\/\/blog.wiwo.de\/look-at-it\/wp-json\/wp\/v2\/media\/39480"}],"wp:attachment":[{"href":"https:\/\/blog.wiwo.de\/look-at-it\/wp-json\/wp\/v2\/media?parent=39463"}],"wp:term":[{"taxonomy":"category","embeddable":true,"href":"https:\/\/blog.wiwo.de\/look-at-it\/wp-json\/wp\/v2\/categories?post=39463"},{"taxonomy":"post_tag","embeddable":true,"href":"https:\/\/blog.wiwo.de\/look-at-it\/wp-json\/wp\/v2\/tags?post=39463"}],"curies":[{"name":"wp","href":"https:\/\/api.w.org\/{rel}","templated":true}]}}