{"id":38977,"date":"2017-07-24T07:30:43","date_gmt":"2017-07-24T05:30:43","guid":{"rendered":"https:\/\/blog.wiwo.de\/look-at-it\/?p=38977"},"modified":"2017-07-21T17:06:21","modified_gmt":"2017-07-21T15:06:21","slug":"datenschutz-grundverordnung-ein-drittel-der-firmen-sieht-sich-vorbreitet-zwei-prozent-sind-es","status":"publish","type":"post","link":"https:\/\/blog.wiwo.de\/look-at-it\/2017\/07\/24\/datenschutz-grundverordnung-ein-drittel-der-firmen-sieht-sich-vorbreitet-zwei-prozent-sind-es\/","title":{"rendered":"Datenschutz-Grundverordnung: Ein Drittel der Firmen sieht sich vorbreitet; zwei Prozent sind es"},"content":{"rendered":"<p><strong>Zwischen Wunsch und Wirklichkeit bei den Vorbereitungen zu der ab Mai 2018 geltenden EU-Richtlinie klafft bei vielen Unternehmen noch eine gro\u00dfe L\u00fccke.<\/strong><\/p>\n<p>Die Datenschutz-Grundverordnung (DSGVO)\u00a0der EU r\u00fcckt den Unternehmen immer st\u00e4rker auf die Pelle: Denn die Zeit wird immer knapper, sich noch rechtzeitig auf das Thema einzustellen, immerhin tritt die Novelle im Mai 2018 in Kraft. Sie soll Datensicherheit, Speicherung und Governance europaweit vereinheitlichen.<\/p>\n<p>Im Fr\u00fchjahr dieses Jahres hatte der amerikanische Spezialisten f\u00fcr\u00a0Daten-L\u00f6sungen Veritas Technologies erstmals eine Studie zur DSGVO durchgef\u00fchrt. Das Ergebnis: Die Unternehmen sind schlecht auf die Datenschutz-Grundverordnung vorbereitet &#8211; insbesondere <a href=\"https:\/\/blog.wiwo.de\/look-at-it\/2017\/04\/25\/schlusslicht-deutschland-unternehmen-schlecht-auf-datenschutz-grundverordnung-vorbereitet\/\" target=\"_blank\" rel=\"noopener noreferrer\">in Deutschland, wo fast jedes zweite Unternehmen daran zweifelt, die Vorgaben der Novelle noch rechtzeitig umsetzen zu k\u00f6nnen<\/a>.<\/p>\n<p><img decoding=\"async\" class=\"aligncenter\" style=\"border: 0px\" src=\"https:\/\/blog.wiwo.de\/look-at-it\/files\/2017\/07\/DSGVO_Teaser1.jpg\" alt=\"\" \/><\/p>\n<p>Jetzt hat Veritas eine zweite Studie zur DSGVO (Englisch: General Data Protection Regulation, GDPR) ver\u00f6ffentlich, deren Ergebnisse &#8222;Kroker&#8217;s Look @ IT&#8220; heute exklusiv vorab pr\u00e4sentiert.<\/p>\n<p>Demnach klafft eine breite L\u00fccke zwischen Wunsch und Wirklichkeit bei vielen Unternehmen hinsichtlich der DSGVO:\u00a0Demnach glauben viele Unternehmen weltweit, dass sie die Pflichten aus der EU-Datenschutzgrundverordnung bereits abdecken &#8211; dies ist aber oftmals ein Trugschluss.<\/p>\n<p>Demnach hat weltweit fast ein Drittel der Befragten erkl\u00e4rt, das eigene Unternehmen erf\u00fclle die wichtigsten Regelungen der Verordnung l\u00e4ngst (31 Prozent). Als dieselben Firmen nach spezifischen Regelungen aus der DSGVO befragt wurden, sahen sie bei sich allerdings Nachholbedarf. Ber\u00fccksichtigt man auch dies, sind unter dem Strich nur noch zwei Prozent der Unternehmen tats\u00e4chlich auf die Verordnung vorbereitet.<\/p>\n<p>Die gr\u00f6\u00dften Schwierigkeiten haben Firmen damit, bei Datenverlusten den \u00dcberblick zu behalten. Von den Befragten, die eigenen Angaben zufolge l\u00e4ngst auf die Verordnung vorbereitet sind, hat fast die H\u00e4lfte keine Einsicht in s\u00e4mtliche Vorf\u00e4lle, bei denen personenbezogene Daten verloren gehen (48 Prozent).<\/p>\n<p>Ganze 60 Prozent sehen sich zudem nicht in der Lage, ein Datenleck binnen 72 Stunden zu entdecken und zu melden \u2013 dabei ist das eine essenzielle Forderung der DSGVO. Ob Krankenakte, Email-Adresse oder Passwort \u2013 meldet eine Organisation den Verlust von personenbezogenen Daten zu sp\u00e4t, handeln sie nicht konform zu den neuen Regelungen.<\/p>\n<p>Ebenfalls 13 Prozent gestanden, dass die Quellen der Daten und ihr Verwendungszweck nicht klar definiert sind. Auch das verst\u00f6\u00dft gegen die DSGVO. Organisationen m\u00fcssen sicherstellen, dass personenbezogene Daten ausschlie\u00dflich f\u00fcr den urspr\u00fcnglichen Verwendungszweck verwendet und danach gel\u00f6scht werden.<\/p>\n<p>F\u00fcr den GDPR-Report hat das unabh\u00e4ngige Marktforschungsinstitut Vanson Bourne 900 F\u00fchrungskr\u00e4fte aus Australien, Deutschland, Frankreich, Japan, Singapur, S\u00fcdkorea, den USA und dem Vereinigten K\u00f6nigreich befragt.\u00a0Weitere Ergebnisse in der folgenden Infografik:<\/p>\n<p><img decoding=\"async\" class=\"aligncenter\" style=\"border: 0px\" src=\"https:\/\/blog.wiwo.de\/look-at-it\/files\/2017\/07\/DSGVO_IG.jpg\" alt=\"\" \/><\/p>\n<p style=\"text-align: center\">Quelle: Veritas<\/p>\n<p><strong>Verwandte Artikel:<\/strong><\/p>\n<p><a href=\"https:\/\/blog.wiwo.de\/look-at-it\/2017\/04\/25\/schlusslicht-deutschland-unternehmen-schlecht-auf-datenschutz-grundverordnung-vorbereitet\/\" target=\"_blank\" rel=\"noopener noreferrer\">Unternehmen schlecht auf Datenschutz-Grundverordnung vorbereitet<\/a><\/p>\n<p><a href=\"https:\/\/blog.wiwo.de\/look-at-it\/2017\/04\/24\/kundendaten-fuer-mehrzahl-der-unternehmen-wichtig-datenqualitaet-aber-oft-noch-niedrig\/\" target=\"_blank\" rel=\"noopener noreferrer\">Kundendaten f\u00fcr Mehrzahl der Unternehmen wichtig \u2013 Datenqualit\u00e4t aber oft niedrig<\/a><\/p>\n<p><a href=\"https:\/\/blog.wiwo.de\/look-at-it\/2017\/04\/04\/weltweite-datenmengen-verzehnfachen-sich-bis-zum-jahr-2025-gegenueber-heute\/\" target=\"_blank\" rel=\"noopener noreferrer\">Weltweite Datenmengen verzehnfachen sich bis zum Jahr 2025 gegen\u00fcber heute<\/a><\/p>\n<p><a href=\"https:\/\/blog.wiwo.de\/look-at-it\/2017\/02\/09\/digitalisierung-cloud-big-data-die-it-trends-2017\/\" target=\"_blank\" rel=\"noopener noreferrer\">Digitalisierung, Cloud, Big Data: Die IT-Trends 2017<\/a><\/p>\n","protected":false},"excerpt":{"rendered":"<p>Zwischen Wunsch und Wirklichkeit bei den Vorbereitungen zu der ab Mai 2018 geltenden EU-Richtlinie klafft bei vielen Unternehmen noch eine gro\u00dfe L\u00fccke. Die Datenschutz-Grundverordnung (DSGVO)\u00a0der EU r\u00fcckt den Unternehmen immer st\u00e4rker auf die Pelle: Denn die Zeit wird immer knapper, &hellip; <a href=\"https:\/\/blog.wiwo.de\/look-at-it\/2017\/07\/24\/datenschutz-grundverordnung-ein-drittel-der-firmen-sieht-sich-vorbreitet-zwei-prozent-sind-es\/\">Weiterlesen <span class=\"meta-nav\">&rarr;<\/span><\/a><\/p>\n","protected":false},"author":16,"featured_media":38980,"comment_status":"open","ping_status":"open","sticky":false,"template":"","format":"standard","meta":{"footnotes":""},"categories":[1],"tags":[210,16,265],"class_list":["post-38977","post","type-post","status-publish","format-standard","has-post-thumbnail","hentry","category-allgemein","tag-big-data","tag-cloud-computing","tag-digitalisierung"],"_links":{"self":[{"href":"https:\/\/blog.wiwo.de\/look-at-it\/wp-json\/wp\/v2\/posts\/38977","targetHints":{"allow":["GET"]}}],"collection":[{"href":"https:\/\/blog.wiwo.de\/look-at-it\/wp-json\/wp\/v2\/posts"}],"about":[{"href":"https:\/\/blog.wiwo.de\/look-at-it\/wp-json\/wp\/v2\/types\/post"}],"author":[{"embeddable":true,"href":"https:\/\/blog.wiwo.de\/look-at-it\/wp-json\/wp\/v2\/users\/16"}],"replies":[{"embeddable":true,"href":"https:\/\/blog.wiwo.de\/look-at-it\/wp-json\/wp\/v2\/comments?post=38977"}],"version-history":[{"count":1,"href":"https:\/\/blog.wiwo.de\/look-at-it\/wp-json\/wp\/v2\/posts\/38977\/revisions"}],"predecessor-version":[{"id":52429,"href":"https:\/\/blog.wiwo.de\/look-at-it\/wp-json\/wp\/v2\/posts\/38977\/revisions\/52429"}],"wp:featuredmedia":[{"embeddable":true,"href":"https:\/\/blog.wiwo.de\/look-at-it\/wp-json\/wp\/v2\/media\/38980"}],"wp:attachment":[{"href":"https:\/\/blog.wiwo.de\/look-at-it\/wp-json\/wp\/v2\/media?parent=38977"}],"wp:term":[{"taxonomy":"category","embeddable":true,"href":"https:\/\/blog.wiwo.de\/look-at-it\/wp-json\/wp\/v2\/categories?post=38977"},{"taxonomy":"post_tag","embeddable":true,"href":"https:\/\/blog.wiwo.de\/look-at-it\/wp-json\/wp\/v2\/tags?post=38977"}],"curies":[{"name":"wp","href":"https:\/\/api.w.org\/{rel}","templated":true}]}}