{"id":37194,"date":"2017-01-04T07:30:35","date_gmt":"2017-01-04T06:30:35","guid":{"rendered":"https:\/\/blog.wiwo.de\/look-at-it\/?p=37194"},"modified":"2017-01-04T11:00:50","modified_gmt":"2017-01-04T10:00:50","slug":"jedes-zweite-unternehmen-ist-nicht-auf-die-datenschutz-grundverordnung-vorbereitet","status":"publish","type":"post","link":"https:\/\/blog.wiwo.de\/look-at-it\/2017\/01\/04\/jedes-zweite-unternehmen-ist-nicht-auf-die-datenschutz-grundverordnung-vorbereitet\/","title":{"rendered":"Jedes zweite Unternehmen ist nicht auf die Datenschutz-Grundverordnung vorbereitet"},"content":{"rendered":"<p><strong>Die Unternehmen sind unsicher dar\u00fcber, wer die neuen Datenschutz-Regeln zu verantworten hat &#8211; und wo die zu sch\u00fctzenden\u00a0Daten gespeichert sind.<\/strong><\/p>\n<p>Die sich geradezu explosionsartig wachsenden\u00a0Datenvolumina f\u00fchren nicht nur zu\u00a0neuartigen Ph\u00e4nomenen wie\u00a0jenem der\u00a0Daten-Messies, weil ein\u00a0Gro\u00dfteil der User in den Unternehmen\u00a0<a href=\"https:\/\/blog.wiwo.de\/look-at-it\/2016\/10\/04\/digitale-sammelwut-sechs-von-zehn-beschaeftigten-sehen-sich-als-daten-messies\/\" target=\"_blank\">eine regelrechte digitale Sammelwut an den Tag legt<\/a>.<\/p>\n<p>Gleichzeitig f\u00fchren die riesigen Datenbest\u00e4nde dazu,\u00a0dass sich die Unternehmen immer schwerer damit tun, die gesetzlichen Vorgaben bei Datenspeicherung\u00a0und -sicherheit einzuhalten.\u00a0Dies gilt etwa\u00a0f\u00fcr die\u00a0Datenschutz-Grundverordnung (DSGVO) der EU:\u00a0Die Novelle\u00a0tritt\u00a0im Mai 2018 in Kraft und soll Datensicherheit, Speicherung und Governance europaweit vereinheitlichen.<\/p>\n<p><img decoding=\"async\" class=\"aligncenter\" style=\"border: 0px\" src=\"https:\/\/blog.wiwo.de\/look-at-it\/files\/2017\/01\/GDPR_Teaser1.jpg\" alt=\"\" \/><\/p>\n<p>Daf\u00fcr m\u00fcssen Unternehmen genauer offenlegen, wie und wo sensible, personenbezogene Daten weitergegeben und gespeichert werden. Dazu z\u00e4hlt, wie Organisationen den Zugriff auf diese Informationen \u00fcberwachen und kontrollieren. Die DSGVO betrifft nicht nur Unternehmen innerhalb der EU. Auch f\u00fcr Firmen, die au\u00dferhalb der EU ans\u00e4ssig sind, gelten die Regeln.<\/p>\n<p>Laut einer Mitte Dezember ver\u00f6ffentlichten Studie des\u00a0amerikanischen Spezialisten f\u00fcr\u00a0Daten-Management Veritas Technologies ist aktuell mehr als jedes zweite Unternehmen weltweit nicht auf die DSGVO\u00a0vorbereitet:\u00a0 Demnach haben sich 54 Prozent der Organisationen \u00fcberhaupt noch nicht mit dem Thema Compliance\u00a0befasst.<\/p>\n<p>Die Studie belegt zudem, dass viele Unternehmen auch nicht genau wissen, wer f\u00fcr Einhaltung und Konformit\u00e4t der neuen Regeln verantwortlich ist. 32 Prozent sehen den Chief Information Officer (CIO) in dieser Rolle. 21 Prozent gaben den Chief Information Security Officer an, 14 Prozent setzten den Haken beim Chief Executive Officer und rund zehn Prozent sind der Meinung, die Verantwortung liege in den H\u00e4nden vom Chief Data Officer.<\/p>\n<p>Die gr\u00f6\u00dften Herausforderungen f\u00fcr die Einhaltung der\u00a0DSGVO sind die Fragmentierung von Daten und der der fehlende Einblick in die Daten. Diese Probleme gaben rund ein Drittel der Befragten als ihre gr\u00f6\u00dfte Sorge an, erschweren sie doch die Einhaltung der Richtlinien erheblich (35 Prozent).<\/p>\n<p>Insbesondere die zunehmende Nutzung von schwer kontrollierbaren Speicherorten in der Cloud sowie\u00a0File-Sharing-Diensten l\u00e4sst Unternehmen im Hinblick auf die Compliance keine Ruhe. Immerhin benutzt ein Viertel der Studienteilnehmer Cloud-basierte Dienste wie Box, Google Drive, Dropbox oder Microsoft OneDrive, obwohl es nicht konform zu den Unternehmensrichtlinien ist. Weitere 25 Prozent best\u00e4tigten, dass sie nicht anerkannte Speicherdienste au\u00dferhalb des Unternehmens verwenden. Das macht es der IT noch schwerer, diese Daten mit typischen Werkzeugen zu verwalten.<\/p>\n<p>F\u00fcr den &#8222;Global Databerg Report&#8220; von Veritas hat das US-Meinungsforschungsfirma Vanson Bourne mehr als 2.500 IT-Verantwortliche aus Europa, dem Mittleren Osten, Afrika, den Vereinigten Staaten und der Region Asien-Pazifik befragt. Weitere Ergebnisse in der folgenden Infografik:<\/p>\n<p><img decoding=\"async\" class=\"aligncenter\" style=\"border: 0px\" src=\"https:\/\/blog.wiwo.de\/look-at-it\/files\/2017\/01\/GDPR_IG.jpg\" alt=\"\" \/><\/p>\n<p style=\"text-align: center\">Quelle: Veritas<\/p>\n<p><strong>Verwandte Artikel:<\/strong><\/p>\n<p><a href=\"https:\/\/blog.wiwo.de\/look-at-it\/2016\/10\/04\/digitale-sammelwut-sechs-von-zehn-beschaeftigten-sehen-sich-als-daten-messies\/\" target=\"_blank\">Digitale Sammelwut: Sechs von zehn Besch\u00e4ftigten sehen sich als Daten-Messies<\/a><\/p>\n<p><a href=\"https:\/\/blog.wiwo.de\/look-at-it\/2016\/07\/18\/jede-2-festplatte-innerhalb-von-5-jahren-defekt-aber-20-prozent-der-nutzer-sichern-daten-nie\/\" target=\"_blank\">Jede 2. Festplatte innerhalb von 5 Jahren defekt \u2013 20%\u00a0der Nutzer sichern Daten nie<\/a><\/p>\n<p><a href=\"https:\/\/blog.wiwo.de\/look-at-it\/2016\/07\/04\/big-data-vervierfacht-datenvolumen-auf-40-000-exabyte-bis-2020-nachfrage-nach-data-science\/\" target=\"_blank\">Big Data vervierfacht Datenvolumen auf 40.000 Exabyte bis 2020<\/a><\/p>\n<p><a href=\"https:\/\/blog.wiwo.de\/look-at-it\/2016\/06\/28\/von-der-diskette-ueber-cds-dvds-bis-zur-cloud-die-haltbarkeit-von-datenspeichern\/\" target=\"_blank\">Von der Diskette \u00fcber CDs bis zur Cloud: Die Haltbarkeit von Datenspeichern<\/a><\/p>\n","protected":false},"excerpt":{"rendered":"<p>Die Unternehmen sind unsicher dar\u00fcber, wer die neuen Datenschutz-Regeln zu verantworten hat &#8211; und wo die zu sch\u00fctzenden\u00a0Daten gespeichert sind. Die sich geradezu explosionsartig wachsenden\u00a0Datenvolumina f\u00fchren nicht nur zu\u00a0neuartigen Ph\u00e4nomenen wie\u00a0jenem der\u00a0Daten-Messies, weil ein\u00a0Gro\u00dfteil der User in den Unternehmen\u00a0eine regelrechte &hellip; <a href=\"https:\/\/blog.wiwo.de\/look-at-it\/2017\/01\/04\/jedes-zweite-unternehmen-ist-nicht-auf-die-datenschutz-grundverordnung-vorbereitet\/\">Weiterlesen <span class=\"meta-nav\">&rarr;<\/span><\/a><\/p>\n","protected":false},"author":16,"featured_media":37196,"comment_status":"open","ping_status":"open","sticky":false,"template":"","format":"standard","meta":{"footnotes":""},"categories":[1],"tags":[210,16,142,265],"class_list":["post-37194","post","type-post","status-publish","format-standard","has-post-thumbnail","hentry","category-allgemein","tag-big-data","tag-cloud-computing","tag-cybersecurity","tag-digitalisierung"],"_links":{"self":[{"href":"https:\/\/blog.wiwo.de\/look-at-it\/wp-json\/wp\/v2\/posts\/37194","targetHints":{"allow":["GET"]}}],"collection":[{"href":"https:\/\/blog.wiwo.de\/look-at-it\/wp-json\/wp\/v2\/posts"}],"about":[{"href":"https:\/\/blog.wiwo.de\/look-at-it\/wp-json\/wp\/v2\/types\/post"}],"author":[{"embeddable":true,"href":"https:\/\/blog.wiwo.de\/look-at-it\/wp-json\/wp\/v2\/users\/16"}],"replies":[{"embeddable":true,"href":"https:\/\/blog.wiwo.de\/look-at-it\/wp-json\/wp\/v2\/comments?post=37194"}],"version-history":[{"count":0,"href":"https:\/\/blog.wiwo.de\/look-at-it\/wp-json\/wp\/v2\/posts\/37194\/revisions"}],"wp:featuredmedia":[{"embeddable":true,"href":"https:\/\/blog.wiwo.de\/look-at-it\/wp-json\/wp\/v2\/media\/37196"}],"wp:attachment":[{"href":"https:\/\/blog.wiwo.de\/look-at-it\/wp-json\/wp\/v2\/media?parent=37194"}],"wp:term":[{"taxonomy":"category","embeddable":true,"href":"https:\/\/blog.wiwo.de\/look-at-it\/wp-json\/wp\/v2\/categories?post=37194"},{"taxonomy":"post_tag","embeddable":true,"href":"https:\/\/blog.wiwo.de\/look-at-it\/wp-json\/wp\/v2\/tags?post=37194"}],"curies":[{"name":"wp","href":"https:\/\/api.w.org\/{rel}","templated":true}]}}