{"id":35455,"date":"2016-06-29T07:30:45","date_gmt":"2016-06-29T05:30:45","guid":{"rendered":"https:\/\/blog.wiwo.de\/look-at-it\/?p=35455"},"modified":"2016-06-29T09:37:12","modified_gmt":"2016-06-29T07:37:12","slug":"deutscher-mittelstand-holt-bei-cloud-nutzung-auf-aber-11-prozentpunkte-unter-durchschnitt","status":"publish","type":"post","link":"https:\/\/blog.wiwo.de\/look-at-it\/2016\/06\/29\/deutscher-mittelstand-holt-bei-cloud-nutzung-auf-aber-11-prozentpunkte-unter-durchschnitt\/","title":{"rendered":"Deutscher Mittelstand holt bei Cloud-Nutzung auf &#8211; aber 10 Prozentpunkte unter Durchschnitt"},"content":{"rendered":"<p><strong>Im Vergleich zu 2015 holen kleine und mittlere Unternehmen aus Deutschland in Sachen Cloud auf. Dennoch bleibt ein R\u00fcckstand bei der Digitalisierung.<\/strong><\/p>\n<p>Der deutsche Mittelstand holt\u00a0bei der Nutzung von Softwarel\u00f6sungen aus der Cloud stark auf &#8211; bleibt im internationalen Vergleich aber weiterhin das Schlusslicht. Dies ist\u00a0der\u00a0zentrale\u00a0Befund\u00a0einer internationalen Studie des Marktforschungsinstituts Pb7 im Auftrag des Anbieters von Unternehmenssoftware Exact aus den Niederlanden.<\/p>\n<p><img loading=\"lazy\" decoding=\"async\" class=\"aligncenter size-full wp-image-35457\" style=\"border: 0px\" src=\"https:\/\/blog.wiwo.de\/look-at-it\/files\/2016\/06\/ExactCloud_Teaser1.jpg\" alt=\"\" width=\"560\" height=\"172\" srcset=\"https:\/\/blog.wiwo.de\/look-at-it\/files\/2016\/06\/ExactCloud_Teaser1.jpg 560w, https:\/\/blog.wiwo.de\/look-at-it\/files\/2016\/06\/ExactCloud_Teaser1-300x92.jpg 300w, https:\/\/blog.wiwo.de\/look-at-it\/files\/2016\/06\/ExactCloud_Teaser1-500x154.jpg 500w\" sizes=\"auto, (max-width: 560px) 100vw, 560px\" \/><\/p>\n<p>Demnach nutzt im Jahr 2016 die H\u00e4lfte aller kleinen und mittelst\u00e4ndischen Firmen bereits Gesch\u00e4ftsanwendungen aus der Cloud (51 Prozent). Das entspricht einem deutlichen Plus im Vergleich zum Vorjahr: Bei der entsprechenden <a href=\"https:\/\/blog.wiwo.de\/look-at-it\/2015\/08\/25\/deutscher-mittelstand-schlusslicht-bei-cloud-nutzung-15-prozentpunkte-unter-durchschnitt\/\" target=\"_blank\">Studie 2015 lag jener Anteil\u00a0gerade einmal bei 31 Prozent<\/a>.<\/p>\n<p>Dennoch\u00a0liegen die deutschen Unternehmen immer noch zehn Prozentpunkte hinter dem internationalen Durchschnitt (61 Prozent).\u00a0In L\u00e4ndern wie Spanien und den Niederlanden liegt der Anteil der Cloud-Nutzer im KMU-Bereich\u00a0sogar bei 70 Prozent und dar\u00fcber.<\/p>\n<p>Auch beim Thema digitale Transformation hinkt das Bewusstsein der Unternehmen in Deutschland hinterher: Dass die Digitalisierung einen entscheidenden Einfluss auf die Wettbewerbslandschaft in den kommenden Jahren hat, sehen\u00a0weltweit 62 Prozent der befragten Unternehmen. In Deutschland stimmten dem nur 56 Prozent der Mittelst\u00e4ndler\u00a0zu.<\/p>\n<p>Kein Wunder also, dass die hiesigen Unternehmen\u00a0Schlusslicht bei der Digitalisierung sind:\u00a0Zwar weisen\u00a041 Prozent der deutschen KMU der Digitalisierung ihres Gesch\u00e4fts eine hohe Priorit\u00e4t zu. Im internationalen Vergleich ist dies jedoch die niedrigste Rate: Hier geben 45 Prozent der befragten Unternehmen der Digitalisierung eine hohe Priorit\u00e4t; in Spanien sind es sogar 56 Prozent, in Frankreich 49 Prozent.<\/p>\n<p>Weitere\u00a0Ergebnisse\u00a0der Studie \u201eKMU Barometer 2016\u201c, f\u00fcr die\u00a0Pb7\u00a0insgesamt rund 2600 Unternehmen mit weniger als 50 Mitarbeitern in Deutschland, Belgien, Frankreich, Gro\u00dfbritannien, den Niederlanden, Spanien sowie den USA\u00a0befragt hat, in der folgenden Infografik:<\/p>\n<p><img loading=\"lazy\" decoding=\"async\" class=\"aligncenter size-full wp-image-35458\" style=\"border: 0px\" src=\"https:\/\/blog.wiwo.de\/look-at-it\/files\/2016\/06\/IG_ExactCloud.jpg\" alt=\"\" width=\"560\" height=\"1788\" srcset=\"https:\/\/blog.wiwo.de\/look-at-it\/files\/2016\/06\/IG_ExactCloud.jpg 560w, https:\/\/blog.wiwo.de\/look-at-it\/files\/2016\/06\/IG_ExactCloud-94x300.jpg 94w, https:\/\/blog.wiwo.de\/look-at-it\/files\/2016\/06\/IG_ExactCloud-321x1024.jpg 321w\" sizes=\"auto, (max-width: 560px) 100vw, 560px\" \/><\/p>\n<p style=\"text-align: center\">Quelle: Exact<\/p>\n<p><strong>Verwandte Artikel:<\/strong><\/p>\n<p><a href=\"https:\/\/blog.wiwo.de\/look-at-it\/2016\/04\/19\/6-von-10-firmen-fuerchten-datenverluste-in-der-cloud-weniger-als-ein-viertel-hatte-probleme\/\" target=\"_blank\">6 von 10 Firmen f\u00fcrchten Datenverluste in der Cloud<\/a><\/p>\n<p><a href=\"https:\/\/blog.wiwo.de\/look-at-it\/2016\/04\/14\/nur-8-prozent-der-firmen-trauen-der-public-cloud-aber-8-von-10-wollen-in-die-cloud-investieren\/\" target=\"_blank\">Nur 8 %\u00a0der Firmen trauen der Public Cloud \u2013 aber 8 von 10 wollen in Cloud\u00a0investieren<\/a><\/p>\n<p><a href=\"https:\/\/blog.wiwo.de\/look-at-it\/2016\/03\/15\/cloud-computing-in-deutschland-3-von-4-unternehmen-nutzen-oder-planen-cloud-dienste\/\" target=\"_blank\">Cloud Computing in Deutschland: 3 von 4 Firmen\u00a0nutzen oder planen Cloud-Dienste<\/a><\/p>\n<p><a href=\"https:\/\/blog.wiwo.de\/look-at-it\/2015\/08\/25\/deutscher-mittelstand-schlusslicht-bei-cloud-nutzung-15-prozentpunkte-unter-durchschnitt\/\" target=\"_blank\">Deutscher Mittelstand Schlusslicht bei Cloud-Nutzung; 15 %-Punkte unter Durchschnitt<\/a><\/p>\n","protected":false},"excerpt":{"rendered":"<p>Im Vergleich zu 2015 holen kleine und mittlere Unternehmen aus Deutschland in Sachen Cloud auf. Dennoch bleibt ein R\u00fcckstand bei der Digitalisierung. Der deutsche Mittelstand holt\u00a0bei der Nutzung von Softwarel\u00f6sungen aus der Cloud stark auf &#8211; bleibt im internationalen Vergleich &hellip; <a href=\"https:\/\/blog.wiwo.de\/look-at-it\/2016\/06\/29\/deutscher-mittelstand-holt-bei-cloud-nutzung-auf-aber-11-prozentpunkte-unter-durchschnitt\/\">Weiterlesen <span class=\"meta-nav\">&rarr;<\/span><\/a><\/p>\n","protected":false},"author":16,"featured_media":35457,"comment_status":"open","ping_status":"open","sticky":false,"template":"","format":"standard","meta":{"footnotes":""},"categories":[1],"tags":[16,265],"class_list":["post-35455","post","type-post","status-publish","format-standard","has-post-thumbnail","hentry","category-allgemein","tag-cloud-computing","tag-digitalisierung"],"_links":{"self":[{"href":"https:\/\/blog.wiwo.de\/look-at-it\/wp-json\/wp\/v2\/posts\/35455","targetHints":{"allow":["GET"]}}],"collection":[{"href":"https:\/\/blog.wiwo.de\/look-at-it\/wp-json\/wp\/v2\/posts"}],"about":[{"href":"https:\/\/blog.wiwo.de\/look-at-it\/wp-json\/wp\/v2\/types\/post"}],"author":[{"embeddable":true,"href":"https:\/\/blog.wiwo.de\/look-at-it\/wp-json\/wp\/v2\/users\/16"}],"replies":[{"embeddable":true,"href":"https:\/\/blog.wiwo.de\/look-at-it\/wp-json\/wp\/v2\/comments?post=35455"}],"version-history":[{"count":0,"href":"https:\/\/blog.wiwo.de\/look-at-it\/wp-json\/wp\/v2\/posts\/35455\/revisions"}],"wp:featuredmedia":[{"embeddable":true,"href":"https:\/\/blog.wiwo.de\/look-at-it\/wp-json\/wp\/v2\/media\/35457"}],"wp:attachment":[{"href":"https:\/\/blog.wiwo.de\/look-at-it\/wp-json\/wp\/v2\/media?parent=35455"}],"wp:term":[{"taxonomy":"category","embeddable":true,"href":"https:\/\/blog.wiwo.de\/look-at-it\/wp-json\/wp\/v2\/categories?post=35455"},{"taxonomy":"post_tag","embeddable":true,"href":"https:\/\/blog.wiwo.de\/look-at-it\/wp-json\/wp\/v2\/tags?post=35455"}],"curies":[{"name":"wp","href":"https:\/\/api.w.org\/{rel}","templated":true}]}}