{"id":34629,"date":"2016-04-11T07:30:23","date_gmt":"2016-04-11T05:30:23","guid":{"rendered":"https:\/\/blog.wiwo.de\/look-at-it\/?p=34629"},"modified":"2016-04-12T15:31:36","modified_gmt":"2016-04-12T13:31:36","slug":"facebook-reactions-nur-die-liebe-zaehlt-aber-das-gute-alte-like-liegt-um-den-faktor-20-vorn","status":"publish","type":"post","link":"https:\/\/blog.wiwo.de\/look-at-it\/2016\/04\/11\/facebook-reactions-nur-die-liebe-zaehlt-aber-das-gute-alte-like-liegt-um-den-faktor-20-vorn\/","title":{"rendered":"Facebook Reactions: Nur die Liebe z\u00e4hlt &#8211; aber das gute alte Like liegt um den Faktor 20 vorn"},"content":{"rendered":"<p><strong>Eine erste\u00a0Analyse zeigt: Facebook-Nutzer vergeben viel lieber positive statt negative Emotionen &#8211; am liebsten aber weiterhin\u00a0Daumen rauf.<\/strong><\/p>\n<p>Ende Februar hat\u00a0das weltgr\u00f6\u00dfte soziale Netzwerk die <a href=\"https:\/\/de.newsroom.fb.com\/news\/2016\/02\/facebook-reactions-weltweit-verfuegbar\/\" target=\"_blank\">Erweiterung seiner [gef\u00e4llt mir]-Angabe namens Facebook Reactions global ausgerollt<\/a>. Seitdem k\u00f6nnen\u00a0Nutzer\u00a0Beitr\u00e4ge auf Facebook nicht nur Liken, sondern per\u00a0Herzchen, Lachen, Weinen oder vor Wut rot anlaufen mit Emotionen versehen.<\/p>\n<p><img loading=\"lazy\" decoding=\"async\" class=\"aligncenter size-full wp-image-34638\" style=\"border: 0px\" src=\"https:\/\/blog.wiwo.de\/look-at-it\/files\/2016\/04\/FB_Reactions_Teaser2.jpg\" alt=\"\" width=\"560\" height=\"160\" srcset=\"https:\/\/blog.wiwo.de\/look-at-it\/files\/2016\/04\/FB_Reactions_Teaser2.jpg 560w, https:\/\/blog.wiwo.de\/look-at-it\/files\/2016\/04\/FB_Reactions_Teaser2-300x86.jpg 300w, https:\/\/blog.wiwo.de\/look-at-it\/files\/2016\/04\/FB_Reactions_Teaser2-500x143.jpg 500w\" sizes=\"auto, (max-width: 560px) 100vw, 560px\" \/><\/p>\n<p>Die Digital-Agentur Facebook Karma, die ein gleichnamiges Tool\u00a0zum\u00a0Monitoring von Social-Media-Auftritten anbietet, hat in der vergangenen Woche\u00a0eine\u00a0erste ausf\u00fchrliche Analyse zu Facebook Reactions ver\u00f6ffentlicht. Daf\u00fcr haben die Berliner laut eigenen Angaben <a href=\"https:\/\/blog.fanpagekarma.com\/2016\/04\/05\/infografik-facebook-reactions-mehr-reichtweite-und-interaktion\/\" target=\"_blank\">mehr als\u00a01,3 Millionen Posts analysiert und die\u00a0Daten von \u00fcber 40.000 Facebook Pages weltweit einflie\u00dfen lassen<\/a>.<\/p>\n<p>Wichtigstes\u00a0Ergebnis: Von den f\u00fcnf neuen Emotionen ist\u00a0mit Abstand &#8222;Love&#8220;\u00a0am beliebtesten.\u00a0Fast die H\u00e4lfte aller\u00a0Klicks auf die neuen Symbole entf\u00e4llt auf das Herz (45 Prozent), gefolgt vom breiten Lachen &#8222;Haha&#8220; mit 23 Prozent. Love is in the air, sozusagen &#8211; oder: Nur die Liebe z\u00e4hlt (hier \u00fcbrigens <a href=\"https:\/\/blog.wiwo.de\/look-at-it\/2016\/03\/10\/herzen-schlagen-sterne-interaktionsrate-bei-twitter-likes-steigt-um-28-prozent\/\" target=\"_blank\">die vergleichbare Analyse zu den neuen Twitter-Herzen<\/a>). Denn die Negativ-Emotionen &#8222;traurig&#8220; und &#8222;w\u00fctend&#8220; werden\u00a0mit je 10 Prozent am wenigsten genutzt.<\/p>\n<p>Auff\u00e4llig: Die Rangfolge bei der Beliebtheit entspricht der\u00a0Reihenfolge der Anordnung der Buttons von links nach rechts. In den Augen der Experten von Facebook Karma\u00a0kein Zufall, weil Facebook vor Start der neuen Funktion ausf\u00fchrliche Tests\u00a0und viele Anpassungen vorgenommen hat.<\/p>\n<p>Einen Haken gibt&#8217;s bei den Facebook Reactions freilich noch:\u00a0Das klassische Like liegt weiterhin mehr als deutlich vorne. So vergeben die Facebook-Nutzer\u00a0immer noch 20 mal mehr &#8222;Daumen hoch&#8220; als alle neuen Emoticons zusammen. Grund ist zum einen, dass f\u00fcr viele Beitr\u00e4ge ein normales &#8222;gef\u00e4llt mir&#8220; ausreicht.<\/p>\n<p>Zum anderen werden\u00a0die neuen Reactions\u00a0erst sichtbar, wenn ein Nutzer den Like-Button anklickt\u00a0und\u00a0etwas l\u00e4nger gedr\u00fcckt\u00a0h\u00e4lt &#8211; eine Nutzung, die vielen\u00a0nach gerade mal einem Monat noch nicht in Fleisch und Blut \u00fcbergangenen ist.<\/p>\n<p>Weitere Details zu den neuen Facebook Reactions gibt&#8217;s in der folgenden Infografik:<\/p>\n<p><img loading=\"lazy\" decoding=\"async\" class=\"crazy_lazy wp-image-11821 size-full aligncenter\" style=\"border: 0px\" src=\"https:\/\/blog.fanpagekarma.com\/wp-content\/uploads\/2016\/04\/Fanpage_Karma_Facebook_Reactions.png\" alt=\"\" width=\"1170\" height=\"4748\" \/><\/p>\n<p style=\"text-align: center\">Quelle: <a href=\"https:\/\/blog.fanpagekarma.com\/2016\/04\/05\/infografik-facebook-reactions-mehr-reichtweite-und-interaktion\/\" target=\"_blank\">Fanpage Karma<\/a><\/p>\n<p style=\"text-align: left\"><strong>Verwandte Artikel:<\/strong><\/p>\n<p style=\"text-align: left\"><a href=\"https:\/\/blog.wiwo.de\/look-at-it\/2016\/04\/07\/junge-menschen-verlassen-facebook-in-richtung-snapchat-oder-doch-nicht\/\" target=\"_blank\">Junge Menschen verlassen Facebook in Richtung Snapchat \u2013 oder doch nicht?!<\/a><\/p>\n<p style=\"text-align: left\"><a href=\"https:\/\/blog.wiwo.de\/look-at-it\/2016\/04\/07\/junge-menschen-verlassen-facebook-in-richtung-snapchat-oder-doch-nicht\/\" target=\"_blank\">Der Social-Media-Spickzettel: Alle Zahlen &amp; Fakten zu Facebook, Twitter &amp; Co.<\/a><\/p>\n<p style=\"text-align: left\"><a href=\"https:\/\/blog.wiwo.de\/look-at-it\/2016\/03\/23\/10-jahres-vergleich-twitter-bei-allen-metriken-hinter-facebook-ausser-bei-einer\/\" target=\"_blank\">10-Jahres-Vergleich: Twitter bei allen Metriken hinter Facebook \u2013 au\u00dfer bei einer<\/a><\/p>\n<p style=\"text-align: left\"><a href=\"https:\/\/blog.wiwo.de\/look-at-it\/2016\/01\/13\/facebook-messenger-mit-800-millionen-nutzern-23-prozent-marktanteil-in-deutschland\/\" target=\"_blank\">Facebook Messenger mit 800 Millionen Nutzern; 23 Prozent Marktanteil in Deutschland<\/a><\/p>\n","protected":false},"excerpt":{"rendered":"<p>Eine erste\u00a0Analyse zeigt: Facebook-Nutzer vergeben viel lieber positive statt negative Emotionen &#8211; am liebsten aber weiterhin\u00a0Daumen rauf. Ende Februar hat\u00a0das weltgr\u00f6\u00dfte soziale Netzwerk die Erweiterung seiner [gef\u00e4llt mir]-Angabe namens Facebook Reactions global ausgerollt. Seitdem k\u00f6nnen\u00a0Nutzer\u00a0Beitr\u00e4ge auf Facebook nicht nur Liken, &hellip; <a href=\"https:\/\/blog.wiwo.de\/look-at-it\/2016\/04\/11\/facebook-reactions-nur-die-liebe-zaehlt-aber-das-gute-alte-like-liegt-um-den-faktor-20-vorn\/\">Weiterlesen <span class=\"meta-nav\">&rarr;<\/span><\/a><\/p>\n","protected":false},"author":16,"featured_media":34638,"comment_status":"open","ping_status":"open","sticky":false,"template":"","format":"standard","meta":{"footnotes":""},"categories":[1],"tags":[23,96,73],"class_list":["post-34629","post","type-post","status-publish","format-standard","has-post-thumbnail","hentry","category-allgemein","tag-facebook","tag-social-media","tag-twitter"],"_links":{"self":[{"href":"https:\/\/blog.wiwo.de\/look-at-it\/wp-json\/wp\/v2\/posts\/34629","targetHints":{"allow":["GET"]}}],"collection":[{"href":"https:\/\/blog.wiwo.de\/look-at-it\/wp-json\/wp\/v2\/posts"}],"about":[{"href":"https:\/\/blog.wiwo.de\/look-at-it\/wp-json\/wp\/v2\/types\/post"}],"author":[{"embeddable":true,"href":"https:\/\/blog.wiwo.de\/look-at-it\/wp-json\/wp\/v2\/users\/16"}],"replies":[{"embeddable":true,"href":"https:\/\/blog.wiwo.de\/look-at-it\/wp-json\/wp\/v2\/comments?post=34629"}],"version-history":[{"count":0,"href":"https:\/\/blog.wiwo.de\/look-at-it\/wp-json\/wp\/v2\/posts\/34629\/revisions"}],"wp:featuredmedia":[{"embeddable":true,"href":"https:\/\/blog.wiwo.de\/look-at-it\/wp-json\/wp\/v2\/media\/34638"}],"wp:attachment":[{"href":"https:\/\/blog.wiwo.de\/look-at-it\/wp-json\/wp\/v2\/media?parent=34629"}],"wp:term":[{"taxonomy":"category","embeddable":true,"href":"https:\/\/blog.wiwo.de\/look-at-it\/wp-json\/wp\/v2\/categories?post=34629"},{"taxonomy":"post_tag","embeddable":true,"href":"https:\/\/blog.wiwo.de\/look-at-it\/wp-json\/wp\/v2\/tags?post=34629"}],"curies":[{"name":"wp","href":"https:\/\/api.w.org\/{rel}","templated":true}]}}