{"id":33381,"date":"2015-12-21T07:30:55","date_gmt":"2015-12-21T06:30:55","guid":{"rendered":"https:\/\/blog.wiwo.de\/look-at-it\/?p=33381"},"modified":"2015-12-21T15:57:42","modified_gmt":"2015-12-21T14:57:42","slug":"der-social-media-spickzettel-die-wichtigsten-bildgrosen-bei-facebook-twitter-co-2016","status":"publish","type":"post","link":"https:\/\/blog.wiwo.de\/look-at-it\/2015\/12\/21\/der-social-media-spickzettel-die-wichtigsten-bildgrosen-bei-facebook-twitter-co-2016\/","title":{"rendered":"Der Social-Media-Spickzettel: Die wichtigsten Bildgr\u00f6\u00dfen bei Facebook, Twitter &amp; Co. 2016"},"content":{"rendered":"<p><strong>Die wichtigsten Tipps &amp; Tricks zu Foto-Abmessungen, Platzierung und sonstige Design-Regeln in den sechs gr\u00f6\u00dften sozialen Netzwerken.<\/strong><\/p>\n<p>Jetzt, wo sich das Jahr 2015 langsam zu Ende geht, ergibt es ja durchaus Sinn, sich schon mal auf das kommende Jahr vorzubereiten. Gerade im Bereich der sozialen Netzwerke, die immer mal wieder kleine \u00c4nderungen in ihren Einstellungen vornehmen.<\/p>\n<p style=\"text-align: center\"><img loading=\"lazy\" decoding=\"async\" class=\"aligncenter size-full wp-image-33386\" style=\"border: 0px\" alt=\"\" src=\"https:\/\/blog.wiwo.de\/look-at-it\/files\/2015\/12\/Social_Images_Teaser1.jpg\" width=\"560\" height=\"246\" srcset=\"https:\/\/blog.wiwo.de\/look-at-it\/files\/2015\/12\/Social_Images_Teaser1.jpg 560w, https:\/\/blog.wiwo.de\/look-at-it\/files\/2015\/12\/Social_Images_Teaser1-300x131.jpg 300w, https:\/\/blog.wiwo.de\/look-at-it\/files\/2015\/12\/Social_Images_Teaser1-500x219.jpg 500w\" sizes=\"auto, (max-width: 560px) 100vw, 560px\" \/><\/p>\n<p>Passend dazu gibt&#8217;s heute eine \u00dcbersicht, die der britische Web-Designer Jamie Spencer k\u00fcrzlich auf seiner Internetseite <a href=\"https:\/\/makeawebsitehub.com\/social-media-image-sizes-cheat-sheet\/\" target=\"_blank\">MakeAWebsiteHub.com ver\u00f6ffentlicht hat<\/a>: Dort hat Spencer die optimalen Abmessungen f\u00fcr Fotos in Social Media zusammengestellt &#8211; und zwar f\u00fcr Facebook, Twitter, Google+, Instagram, Pinterest, Tumblr, LinkedIn und YouTube.<\/p>\n<p>Schlie\u00dflich verpassen sich die gro\u00dfen Social-Media-Plattformen immer mal wieder ein neues Design &#8211; damit ver\u00e4ndern sich oftmals auch die jeweils idealen Bildgr\u00f6\u00dfen, sei es f\u00fcr das Titelbanner auf Facebook, das Profilbild in LinkedIn oder das im Nachrichtenstrom mitlaufende Foto in Twitter.<\/p>\n<p>Neben den passenden Abmessungen, um Verzerrungen bei Foto-Darstellungen in den jeweiligen Profilen zu vermeiden, hat der Designer f\u00fcr viele Punkte auch noch passende Image Guidelines zusammengestellt. Alle Tipps &amp; Tricks in der untenstehenden Infografik &#8211; zum Vergr\u00f6\u00dfern zwei Mal anklicken.<\/p>\n<p><strong>Update 14.12.2015 11 Uhr:\u00a0<\/strong>Via Twitter <a href=\"https:\/\/twitter.com\/schaub_d\/status\/678860885700558848\" target=\"_blank\">wies mich der Leser David Schaub darauf hin<\/a>, dass Images bei Twitter seit kurzem auch vertikal vollst\u00e4ndig dargestellt werden. Die Details zu den Neuerung hat Twitter <a href=\"https:\/\/blog.twitter.com\/2015\/a-new-look-for-your-twittercom-photos\" target=\"_blank\">Anfang Dezember in einem Blog-Post verk\u00fcndet<\/a>.<\/p>\n<p style=\"text-align: center\"><a href=\"https:\/\/makeawebsitehub.com\/wp-content\/uploads\/2015\/12\/social-media-image-sizes-2016.jpg\"><img loading=\"lazy\" decoding=\"async\" class=\" wp-image-1055 aligncenter\" style=\"border: 0px\" alt=\"\" src=\"https:\/\/makeawebsitehub.com\/wp-content\/uploads\/2015\/12\/social-media-image-sizes-2016.jpg\" width=\"1000\" height=\"10259\" \/><\/a><\/p>\n<p style=\"text-align: center\">Quelle: <a href=\"https:\/\/makeawebsitehub.com\/social-media-image-sizes-cheat-sheet\/\" target=\"_blank\">MakeAWebsiteHub.com<\/a><\/p>\n<p><strong>Verwandte Artikel:<\/strong><\/p>\n<p><a href=\"https:\/\/blog.wiwo.de\/look-at-it\/2015\/12\/10\/grundregeln-fur-das-perfekte-instagram-foto-und-fur-mehr-likes\/\" target=\"_blank\">7 Grundregeln f\u00fcr das perfekte Instagram-Foto \u2013 und f\u00fcr mehr Likes<\/a><\/p>\n<p><a href=\"https:\/\/blog.wiwo.de\/look-at-it\/2015\/11\/05\/der-facebook-spickzettel-12-verborgene-funktionen-die-jeder-kennen-sollte\/\" target=\"_blank\">Der Facebook-Spickzettel: 12 verborgene Funktionen, die jeder kennen sollte<\/a><\/p>\n<p><a href=\"https:\/\/blog.wiwo.de\/look-at-it\/2015\/10\/28\/tipps-tricks-5-faustregeln-fur-twitter-aus-der-analyse-von-1-million-tweets\/\" target=\"_blank\">Tipps &amp; Tricks: 5 Faustregeln f\u00fcr Twitter \u2013 aus der Analyse von 1 Million Tweets<\/a><\/p>\n<p><a href=\"https:\/\/blog.wiwo.de\/look-at-it\/2015\/10\/21\/der-social-media-spickzettel-die-besten-zeiten-fur-beitrage-auf-facebook-twitter-co\/\" target=\"_blank\">Social-Media-Spickzettel: Die besten Zeiten f\u00fcr Beitr\u00e4ge auf Facebook, Twitter &amp; Co<\/a>.<\/p>\n","protected":false},"excerpt":{"rendered":"<p>Die wichtigsten Tipps &amp; Tricks zu Foto-Abmessungen, Platzierung und sonstige Design-Regeln in den sechs gr\u00f6\u00dften sozialen Netzwerken. Jetzt, wo sich das Jahr 2015 langsam zu Ende geht, ergibt es ja durchaus Sinn, sich schon mal auf das kommende Jahr vorzubereiten. &hellip; <a href=\"https:\/\/blog.wiwo.de\/look-at-it\/2015\/12\/21\/der-social-media-spickzettel-die-wichtigsten-bildgrosen-bei-facebook-twitter-co-2016\/\">Weiterlesen <span class=\"meta-nav\">&rarr;<\/span><\/a><\/p>\n","protected":false},"author":16,"featured_media":33386,"comment_status":"open","ping_status":"open","sticky":false,"template":"","format":"standard","meta":{"footnotes":""},"categories":[1],"tags":[23,29,90,47,118,96,254,99,73,100],"class_list":["post-33381","post","type-post","status-publish","format-standard","has-post-thumbnail","hentry","category-allgemein","tag-facebook","tag-googleplus","tag-instagram","tag-linkedin","tag-pinterest","tag-social-media","tag-tipps-tricks","tag-tumblr","tag-twitter","tag-youtube"],"_links":{"self":[{"href":"https:\/\/blog.wiwo.de\/look-at-it\/wp-json\/wp\/v2\/posts\/33381","targetHints":{"allow":["GET"]}}],"collection":[{"href":"https:\/\/blog.wiwo.de\/look-at-it\/wp-json\/wp\/v2\/posts"}],"about":[{"href":"https:\/\/blog.wiwo.de\/look-at-it\/wp-json\/wp\/v2\/types\/post"}],"author":[{"embeddable":true,"href":"https:\/\/blog.wiwo.de\/look-at-it\/wp-json\/wp\/v2\/users\/16"}],"replies":[{"embeddable":true,"href":"https:\/\/blog.wiwo.de\/look-at-it\/wp-json\/wp\/v2\/comments?post=33381"}],"version-history":[{"count":0,"href":"https:\/\/blog.wiwo.de\/look-at-it\/wp-json\/wp\/v2\/posts\/33381\/revisions"}],"wp:featuredmedia":[{"embeddable":true,"href":"https:\/\/blog.wiwo.de\/look-at-it\/wp-json\/wp\/v2\/media\/33386"}],"wp:attachment":[{"href":"https:\/\/blog.wiwo.de\/look-at-it\/wp-json\/wp\/v2\/media?parent=33381"}],"wp:term":[{"taxonomy":"category","embeddable":true,"href":"https:\/\/blog.wiwo.de\/look-at-it\/wp-json\/wp\/v2\/categories?post=33381"},{"taxonomy":"post_tag","embeddable":true,"href":"https:\/\/blog.wiwo.de\/look-at-it\/wp-json\/wp\/v2\/tags?post=33381"}],"curies":[{"name":"wp","href":"https:\/\/api.w.org\/{rel}","templated":true}]}}