{"id":32837,"date":"2015-11-24T07:30:41","date_gmt":"2015-11-24T06:30:41","guid":{"rendered":"https:\/\/blog.wiwo.de\/look-at-it\/?p=32837"},"modified":"2015-12-21T11:19:09","modified_gmt":"2015-12-21T10:19:09","slug":"hohere-bildungsschichten-dominieren-soziale-netzwerke-nur-in-deutschland-nicht","status":"publish","type":"post","link":"https:\/\/blog.wiwo.de\/look-at-it\/2015\/11\/24\/hohere-bildungsschichten-dominieren-soziale-netzwerke-nur-in-deutschland-nicht\/","title":{"rendered":"H\u00f6here Bildungsschichten dominieren soziale Netzwerke &#8211; nur in Deutschland nicht"},"content":{"rendered":"<p><strong>In fast allen L\u00e4ndern Europas sind h\u00f6her Gebildete auf Facebook, Twitter &amp; Co. \u00fcberrepr\u00e4sentiert. Nur hierzulande sind sie skeptischer als niedrig Gebildete.<\/strong><\/p>\n<p>Dass Deutschland in Sachen Social Media unter den Industrienationen eine Sonderrolle einnimmt, habe ich hier im Blog ja schon des\u00f6fteren beschrieben. So liegt die Penetrationsrate\u00a0der gr\u00f6\u00dften sozialen Netzwerke <a href=\"https:\/\/blog.wiwo.de\/look-at-it\/2015\/01\/22\/deutschland-im-landervergleich-internet-e-commerce-hui-mobiles-web-social-media-pfui\/\" target=\"_blank\">bei gerade mal 35 Prozent &#8211;\u00a0Welten entfernt unter anderem von Gro\u00dfbritannien und den USA mit jeweils knapp 60 Prozent<\/a>.<\/p>\n<p style=\"text-align: center\"><img loading=\"lazy\" decoding=\"async\" class=\"aligncenter size-full wp-image-32861\" style=\"border: 0px\" alt=\"\" src=\"https:\/\/blog.wiwo.de\/look-at-it\/files\/2015\/11\/SocialMedia_Education_Teaser1.jpg\" width=\"560\" height=\"84\" srcset=\"https:\/\/blog.wiwo.de\/look-at-it\/files\/2015\/11\/SocialMedia_Education_Teaser1.jpg 560w, https:\/\/blog.wiwo.de\/look-at-it\/files\/2015\/11\/SocialMedia_Education_Teaser1-300x45.jpg 300w, https:\/\/blog.wiwo.de\/look-at-it\/files\/2015\/11\/SocialMedia_Education_Teaser1-500x75.jpg 500w\" sizes=\"auto, (max-width: 560px) 100vw, 560px\" \/><\/p>\n<p style=\"text-align: left\">Die OECD hat jetzt auf ein weiteres deutsches Paradoxon hingewiesen: In einer k\u00fcrzlich ver\u00f6ffentlichten Studie haben die Marktforscher die Nutzung von Social Media abh\u00e4ngig vom Bildungsgrad ermittelt &#8211; und das in einem innereurop\u00e4ischen L\u00e4ndervergleich.<\/p>\n<p style=\"text-align: left\">Das Ergebnis: Nicht nur, dass Deutschland &#8211; wie erwartet &#8211; insgesamt auf dem letzten Platz aller betrachteten Staaten liegt. In praktisch allen L\u00e4ndern dominieren die h\u00f6heren Bildungsschichten &#8211; gemeint sind Menschen mit Hochschulabschl\u00fcssen und von Berufsakademien &#8211; die sozialen Netzwerke. Umgekehrt partizipieren dort weniger Gebildete (bis Realschulabschluss) in geringerem Ma\u00dfe.<\/p>\n<p style=\"text-align: left\">Beispiel Spitzenreiter T\u00fcrkei: Dort z\u00e4hlen 70 Prozent der Nutzer von Facebook, Twitter &amp; Co. zu Gruppe der h\u00f6her Gebildeten, und nur knapp 20 Prozent zu den niedrig Gebildeten. \u00c4hnlich die Situation &#8211; wenn auch nicht ganz so ausgepr\u00e4gt &#8211; bei L\u00e4ndern wie Griechenland, Portugal oder Gro\u00dfbritannien.<\/p>\n<p style=\"text-align: left\">Deutschland ist dagegen das einzige Land, in dem h\u00f6her Gebildete signifikant skeptischer bez\u00fcglich Social Media sind: Hierzulande stammen nur knapp 40 Prozent aus jener Gruppe &#8211; daf\u00fcr z\u00e4hlen aber gut 50 Prozent in den sozialen Netzwerken zu den weniger Gebildeten:<\/p>\n<p style=\"text-align: left\"><img loading=\"lazy\" decoding=\"async\" class=\"aligncenter\" style=\"border: 0px\" alt=\"\" src=\"https:\/\/pbs.twimg.com\/media\/CUAhUvVWwAEtK17.png\" width=\"600\" height=\"842\" \/><\/p>\n<p style=\"text-align: center\">\u00a0Quelle: <a href=\"https:\/\/twitter.com\/OECDStatistik\/status\/666569403283152902\" target=\"_blank\">OECD\/Eurostat<\/a><\/p>\n<p><strong>Verwandte Artikel:<\/strong><\/p>\n<p><a href=\"https:\/\/blog.wiwo.de\/look-at-it\/2015\/11\/16\/die-social-media-geschichte-vom-bulletin-board-system-1978-bis-snapchat-vine\/\" target=\"_blank\">Die Social-Media-Geschichte: Vom Bulletin-Board-System 1978 bis Snapchat &amp; Vine<\/a><\/p>\n<p><a href=\"https:\/\/blog.wiwo.de\/look-at-it\/2015\/11\/04\/social-media-bei-teens-instagram-an-der-spitze-snapchat-nur-noch-wenig-hinter-twitter\/\" target=\"_blank\">Social Media bei Teens: Instagram an der Spitze \u2013 Snapchat nur wenig hinter Twitter<\/a><\/p>\n<p><a href=\"https:\/\/blog.wiwo.de\/look-at-it\/2015\/10\/27\/social-media-goes-multi-networking-nutzer-im-schnitt-bei-6-sozialen-netzwerken-angemeldet\/\" target=\"_blank\">Multi Networking: Nutzer im Schnitt bei 6 sozialen Netzwerken angemeldet<\/a><\/p>\n<p><a href=\"https:\/\/blog.wiwo.de\/look-at-it\/2015\/10\/20\/user-nutzen-social-media-fast-18-stunden-am-tag-30-prozent-der-gesamten-internet-zeit\/\" target=\"_blank\">User nutzen Social Media fast 1,8 Stunden am Tag \u2013 30% der gesamten Internet-Zeit<\/a><\/p>\n","protected":false},"excerpt":{"rendered":"<p>In fast allen L\u00e4ndern Europas sind h\u00f6her Gebildete auf Facebook, Twitter &amp; Co. \u00fcberrepr\u00e4sentiert. Nur hierzulande sind sie skeptischer als niedrig Gebildete. Dass Deutschland in Sachen Social Media unter den Industrienationen eine Sonderrolle einnimmt, habe ich hier im Blog ja &hellip; <a href=\"https:\/\/blog.wiwo.de\/look-at-it\/2015\/11\/24\/hohere-bildungsschichten-dominieren-soziale-netzwerke-nur-in-deutschland-nicht\/\">Weiterlesen <span class=\"meta-nav\">&rarr;<\/span><\/a><\/p>\n","protected":false},"author":16,"featured_media":32861,"comment_status":"open","ping_status":"open","sticky":false,"template":"","format":"standard","meta":{"footnotes":""},"categories":[1],"tags":[23,96,73],"class_list":["post-32837","post","type-post","status-publish","format-standard","has-post-thumbnail","hentry","category-allgemein","tag-facebook","tag-social-media","tag-twitter"],"_links":{"self":[{"href":"https:\/\/blog.wiwo.de\/look-at-it\/wp-json\/wp\/v2\/posts\/32837","targetHints":{"allow":["GET"]}}],"collection":[{"href":"https:\/\/blog.wiwo.de\/look-at-it\/wp-json\/wp\/v2\/posts"}],"about":[{"href":"https:\/\/blog.wiwo.de\/look-at-it\/wp-json\/wp\/v2\/types\/post"}],"author":[{"embeddable":true,"href":"https:\/\/blog.wiwo.de\/look-at-it\/wp-json\/wp\/v2\/users\/16"}],"replies":[{"embeddable":true,"href":"https:\/\/blog.wiwo.de\/look-at-it\/wp-json\/wp\/v2\/comments?post=32837"}],"version-history":[{"count":0,"href":"https:\/\/blog.wiwo.de\/look-at-it\/wp-json\/wp\/v2\/posts\/32837\/revisions"}],"wp:featuredmedia":[{"embeddable":true,"href":"https:\/\/blog.wiwo.de\/look-at-it\/wp-json\/wp\/v2\/media\/32861"}],"wp:attachment":[{"href":"https:\/\/blog.wiwo.de\/look-at-it\/wp-json\/wp\/v2\/media?parent=32837"}],"wp:term":[{"taxonomy":"category","embeddable":true,"href":"https:\/\/blog.wiwo.de\/look-at-it\/wp-json\/wp\/v2\/categories?post=32837"},{"taxonomy":"post_tag","embeddable":true,"href":"https:\/\/blog.wiwo.de\/look-at-it\/wp-json\/wp\/v2\/tags?post=32837"}],"curies":[{"name":"wp","href":"https:\/\/api.w.org\/{rel}","templated":true}]}}